{"id":12729,"date":"2021-06-05T17:30:35","date_gmt":"2021-06-05T14:30:35","guid":{"rendered":"http:\/\/akdenizolaygazetesi.com\/?p=12729"},"modified":"2021-06-05T17:30:35","modified_gmt":"2021-06-05T14:30:35","slug":"gultak-ucocak-mahallesini-ziyaret-etti","status":"publish","type":"post","link":"https:\/\/akdenizolaygazetesi.com\/?p=12729","title":{"rendered":"G\u00dcLTAK, \u00dc\u00c7OCAK MAHALLES\u0130N\u0130 Z\u0130YARET ETT\u0130"},"content":{"rendered":"<p>Akdeniz Belediye Ba\u015fkan\u0131 G\u00fcltak, mahalle ziyaretleri kapsam\u0131nda; beraberinde Mersin Milletvekili Hac\u0131 \u00d6zkan, Akdeniz Kaymakam\u0131 Muhittin Pamuk, Ak Parti Akdeniz \u0130l\u00e7e Ba\u015fkan\u0131 Emin Gen\u00e7, Meclis \u00fcyeleri, b\u00fcrokratlar ve muhtarlar ile \u00dc\u00e7ocak Mahallesi\u2019ni ziyaret etti.<br \/>\nMahallede, belediye ekipleri taraf\u0131ndan yap\u0131lan alt ve \u00fcstyap\u0131 \u00e7al\u0131\u015fmalar\u0131n\u0131 yerinde inceleyen Ba\u015fkan Mustafa G\u00fcltak, belediyenin yak\u0131n ge\u00e7mi\u015fte il\u00e7eye yapt\u0131\u011f\u0131 ve yak\u0131nda yapaca\u011f\u0131 hizmet, proje ve \u00e7al\u0131\u015fmalar hakk\u0131nda da a\u00e7\u0131klamalarda bulundu. Ba\u015fkan G\u00fcltak ve beraberindeki heyet, Akdeniz Belediyesi taraf\u0131ndan yap\u0131lan imar de\u011fi\u015fikli\u011fi ile yenileme \u00e7al\u0131\u015fmalar\u0131 ba\u015flat\u0131lan Hz. Ebubekir Camisi ile yap\u0131m\u0131 devam eden Anadolu \u0130mam Hatip Lisesi in\u015faat\u0131n\u0131 da gezdi, \u00e7al\u0131\u015fmalar hakk\u0131nda yetkililerden bilgi ald\u0131.<br \/>\n\u201cAkdeniz her ge\u00e7en g\u00fcn de\u011fi\u015fiyor, g\u00fczelle\u015fiyor\u201d<br \/>\nBa\u015fkan G\u00fcltak; \u201cHz. Ebubekir camimiz \u00e7ok y\u0131pranm\u0131\u015ft\u0131, ayr\u0131ca lojman\u0131nda da problemler vard\u0131. Yol ve arazi s\u0131k\u0131nt\u0131s\u0131ndan dolay\u0131 burada imar de\u011fi\u015fikli\u011fi yap\u0131lmas\u0131 gerekiyordu. Buran\u0131n imar\u0131 ile ilgili gerekli \u00e7al\u0131\u015fmalar yap\u0131ld\u0131 ve bittikten sonra da camimizi oturtabildik. Tabi bizden \u00f6nce Say\u0131n Kaymakam\u0131m\u0131za da bu konuyla ilgilendi\u011fi i\u00e7in te\u015fekk\u00fcr ediyorum. Yasal s\u00fcre\u00e7ler bittikten sonra camimizde yenileme \u00e7al\u0131\u015fmas\u0131 ba\u015flad\u0131. Eme\u011fi ge\u00e7en herkesten Allah raz\u0131 olsun. Akdeniz; Say\u0131n Cumhurba\u015fkan\u0131m\u0131zdan, Say\u0131n Bakanlar\u0131m\u0131z ve Milletvekillerimizden ald\u0131\u011f\u0131m\u0131z desteklerle her ge\u00e7en g\u00fcn de\u011fi\u015fiyor ve g\u00fczelle\u015fiyor\u201d dedi. Mersin \u0130mam Hatip Lisesi binas\u0131n\u0131n yenilendi\u011fini de kaydeden Ba\u015fkan G\u00fcltak, yeni y\u00fckselen okulun, b\u00f6lgenin en b\u00fcy\u00fck e\u011fitim kurumlar\u0131ndan biri olaca\u011f\u0131n\u0131 da s\u00f6zlerine ekledi.<br \/>\n\u00d6zkan; \u201cMersin\u2019de Ak belediyecili\u011fin fark\u0131n\u0131 ortaya koyduk\u201d<br \/>\nMersin Milletvekili Hac\u0131 \u00d6zkan da konu\u015fmas\u0131nda; H\u00fck\u00fcmetin Mersin\u2019e devasa yat\u0131r\u0131mlar yapt\u0131\u011f\u0131n\u0131 ve bir\u00e7ok projeyi hayata katt\u0131\u011f\u0131n\u0131 anlatt\u0131. Ak Belediyecili\u011fin, Akdeniz\u2019de fark\u0131n\u0131 ortaya koydu\u011funu s\u00f6yleyen \u00d6zkan; \u201cMilletvekilleri olarak hangi belediye ba\u015fkan\u0131m\u0131z olursa olsun, yeter ki kent ve kentte ya\u015fayanlar yarar\u0131na bize projeler getirsinler. Biz bu ba\u011flamda gerekli b\u00fct\u00e7e ve \u00f6deneklerin haz\u0131rlanmas\u0131 i\u00e7in \u00fczerimize d\u00fc\u015fen g\u00f6revi yapmaya her zaman haz\u0131r\u0131z\u201d diye konu\u015ftu. S\u00f6zlerini, \u201cAkdeniz demek, Mersin demek; Mersin demek, Akdeniz demektir. \u00c7\u00fcnk\u00fc Akdeniz, kentin ticareti, ekonomisi ve kalbinin att\u0131\u011f\u0131 merkezi il\u00e7edir\u201d \u015feklinde s\u00fcrd\u00fcren \u00d6zkan, \u015f\u00f6yle konu\u015ftu; \u201cT\u00fcrkiye olarak hedefimiz, h\u0131zla ilerlemek, h\u0131zla geli\u015fmek, ekonomik olarak da g\u00fc\u00e7lenmektir. \u00c7\u00fcnk\u00fc milletimiz hizmetlerin en g\u00fczeline lay\u0131kt\u0131r. Bu ama\u00e7la da yolumuza emin ad\u0131mlarla ve t\u00fcm milletimizle birlikte kararl\u0131l\u0131kla devam ediyoruz.\u201d<\/p>\n","protected":false},"excerpt":{"rendered":"<p>Akdeniz Belediye Ba\u015fkan\u0131 G\u00fcltak, mahalle ziyaretleri kapsam\u0131nda; beraberinde Mersin Milletvekili Hac\u0131 \u00d6zkan, Akdeniz Kaymakam\u0131 Muhittin Pamuk, Ak Parti Akdeniz \u0130l\u00e7e Ba\u015fkan\u0131 Emin Gen\u00e7, Meclis \u00fcyeleri, b\u00fcrokratlar ve muhtarlar ile \u00dc\u00e7ocak &hellip; <a href=\"https:\/\/akdenizolaygazetesi.com\/?p=12729\" class=\"more-link\">Devam\u0131n\u0131 Oku&#8230;<\/a><\/p>\n","protected":false},"author":2,"featured_media":12730,"comment_status":"open","ping_status":"open","sticky":false,"template":"","format":"standard","meta":[],"categories":[3],"tags":[],"_links":{"self":[{"href":"https:\/\/akdenizolaygazetesi.com\/index.php?rest_route=\/wp\/v2\/posts\/12729"}],"collection":[{"href":"https:\/\/akdenizolaygazetesi.com\/index.php?rest_route=\/wp\/v2\/posts"}],"about":[{"href":"https:\/\/akdenizolaygazetesi.com\/index.php?rest_route=\/wp\/v2\/types\/post"}],"author":[{"embeddable":true,"href":"https:\/\/akdenizolaygazetesi.com\/index.php?rest_route=\/wp\/v2\/users\/2"}],"replies":[{"embeddable":true,"href":"https:\/\/akdenizolaygazetesi.com\/index.php?rest_route=%2Fwp%2Fv2%2Fcomments&post=12729"}],"version-history":[{"count":1,"href":"https:\/\/akdenizolaygazetesi.com\/index.php?rest_route=\/wp\/v2\/posts\/12729\/revisions"}],"predecessor-version":[{"id":12731,"href":"https:\/\/akdenizolaygazetesi.com\/index.php?rest_route=\/wp\/v2\/posts\/12729\/revisions\/12731"}],"wp:featuredmedia":[{"embeddable":true,"href":"https:\/\/akdenizolaygazetesi.com\/index.php?rest_route=\/wp\/v2\/media\/12730"}],"wp:attachment":[{"href":"https:\/\/akdenizolaygazetesi.com\/index.php?rest_route=%2Fwp%2Fv2%2Fmedia&parent=12729"}],"wp:term":[{"taxonomy":"category","embeddable":true,"href":"https:\/\/akdenizolaygazetesi.com\/index.php?rest_route=%2Fwp%2Fv2%2Fcategories&post=12729"},{"taxonomy":"post_tag","embeddable":true,"href":"https:\/\/akdenizolaygazetesi.com\/index.php?rest_route=%2Fwp%2Fv2%2Ftags&post=12729"}],"curies":[{"name":"wp","href":"https:\/\/api.w.org\/{rel}","templated":true}]}}