{"id":12732,"date":"2021-06-06T10:59:52","date_gmt":"2021-06-06T07:59:52","guid":{"rendered":"http:\/\/akdenizolaygazetesi.com\/?p=12732"},"modified":"2021-06-06T10:59:52","modified_gmt":"2021-06-06T07:59:52","slug":"kaptan-teymur-musilaj-olusumunu-degerlendirdi-akdenizde-karsilasmayi-beklemiyoruz","status":"publish","type":"post","link":"https:\/\/akdenizolaygazetesi.com\/?p=12732","title":{"rendered":"KAPTAN TEYMUR, M\u00dcS\u0130LAJ OLU\u015eUMUNU DE\u011eERLEND\u0130RD\u0130: \u201cAKDEN\u0130Z\u2019DE KAR\u015eILA\u015eMAYI BEKLEM\u0130YORUZ\u201d"},"content":{"rendered":"<p>Mersin B\u00fcy\u00fck\u015fehir Belediyesi \u00c7evre Koruma ve Kontrol Dairesi Denizcilik Hizmetleri ve Denetimi \u015eube M\u00fcd\u00fcrl\u00fc\u011f\u00fc\u2019nde g\u00f6rev yapan kaptan Pelin Teymur, bir s\u00fcredir Marmara Denizi\u2019nde g\u00f6r\u00fclen m\u00fcsilaj (deniz salyas\u0131) konusunda vatanda\u015flar\u0131 bilgilendirdi. Y\u00fcr\u00fctt\u00fckleri \u00e7al\u0131\u015fmalarla Mersin denizini temiz tutmaya \u00f6zen g\u00f6sterdiklerini ifade eden Teymur, m\u00fcsilaj\u0131n Akdeniz\u2019de g\u00f6r\u00fclmesini beklemediklerini s\u00f6yledi.<\/p>\n<p>As\u0131l neden deniz kirlili\u011fi<\/p>\n<p>Denizlerde, mevsim normallerinin \u00fczerinde olu\u015fan s\u0131cakl\u0131k art\u0131\u015f\u0131, kirlilik ve durgunluk sebebiyle meydana gelen ve deniz salyas\u0131 olarak da bilinen m\u00fcsilaj, azot ve fosfor y\u00fck\u00fcn\u00fcn art\u0131\u015f\u0131yla da olu\u015fabiliyor. Durgun sularda fitoplankton denen canl\u0131lar\u0131n h\u0131zla ve a\u015f\u0131r\u0131 \u00e7o\u011falmas\u0131 ile bakteriyel aktivitenin artmas\u0131n\u0131n da bir sonucu olan m\u00fcsilaj deniz canl\u0131lar\u0131na yap\u0131\u015farak, zarar veriyor.  Deniz y\u00fczeyinde olu\u015fan ve denizin dibine de \u00e7\u00f6ken m\u00fcsilaj hem g\u00f6r\u00fcnt\u00fc hem de koku kirlili\u011fine neden oluyor.<\/p>\n<p>Denizdeki at\u0131klar\u0131n art\u0131\u015f\u0131 m\u00fcsilaj\u0131n art\u0131\u015f\u0131na neden oluyor<\/p>\n<p>Teymur, m\u00fcsilaja neden olan etkenleri anlatarak, \u201cM\u00fcsilaj deniz salyas\u0131 olarak bilinen bir kavram. Marmara\u2019da g\u00f6r\u00fcl\u00fcyor. Akdeniz\u2019de \u015fu ana kadar rastlan\u0131lmad\u0131. Evsel, end\u00fcstriyel, organik at\u0131klar\u0131n denize dolayl\u0131 ya da dolays\u0131z yollarla ula\u015fmas\u0131 sonucu denizlerdeki kirlili\u011fin artmas\u0131 ile organik madde y\u00fck\u00fc de art\u0131yor. Denizlerdeki kirlilikten kaynakl\u0131 organik malzemenin artmas\u0131; fosfor, azot ve di\u011fer besin maddelerini art\u0131r\u0131yor. Bu art\u0131\u015f da sistemin \u00fcretkenlik d\u00fczeyini y\u00fckselterek plankton patlamas\u0131na sebep oluyor.  Bitkisel planktonlar ve baz\u0131 mikroorganizmalar taraf\u0131ndan \u00fcretilen kal\u0131n, yap\u0131\u015fkan bir madde olan m\u00fcsilaj; denizlerde fitoplanktonlar ve fitoplanktondan beslenen bakterilerin a\u015f\u0131r\u0131 \u00e7o\u011falmas\u0131yla durgun sularda yayg\u0131n bir yer kapl\u0131yor\u2019 dedi.<\/p>\n<p>\u201cDeniz canl\u0131lar\u0131nda \u00f6l\u00fcmlere sebep oluyor\u201d<\/p>\n<p>Teymur, artan plankton patlamalar\u0131n\u0131n g\u00fcne\u015f \u0131\u015f\u0131nlar\u0131n\u0131n derinlere inmesini engelledi\u011fini, bunun da di\u011fer deniz canl\u0131lar\u0131na zarar verdi\u011fini ifade ederek, \u201cBilindi\u011fi \u00fczere fitoplanktonlarda, bitkilerin \u00f6z suyunda da olan salyams\u0131 bir yap\u0131 mevcut. Bu salyams\u0131 yap\u0131n\u0131n da artt\u0131\u011f\u0131 g\u00f6zlemleniyor. Ayn\u0131 zamanda plankton art\u0131\u015f\u0131ndan kaynakl\u0131 deniz y\u00fczeyi kapland\u0131\u011f\u0131 i\u00e7in g\u00fcne\u015f \u0131\u015f\u0131nlar\u0131 diplere inemiyor. I\u015f\u0131k kaybolunca fotosentezle besin \u00fcreten canl\u0131lar bu ortamlarda ya\u015fayamaz. Bu da deniz canl\u0131lar\u0131nda \u00f6l\u00fcmlere sebep olabiliyor. Planktonlar\u0131n artmas\u0131 ve \u00f6l\u00fcmleri bakteriyel aktiviteyi de h\u0131zland\u0131r\u0131yor. Bu bakteriyel aktivitelerle fitoplankton patlamalar\u0131ndaki proses sonucunda deniz y\u00fczeyinde salyams\u0131, yap\u0131\u015fkan\u0131ms\u0131, sar\u0131 veya a\u00e7\u0131k kahve renklerinde bir m\u00fcsilaj olu\u015fumuna sebep oluyor\u201d diye konu\u015ftu.<\/p>\n<p>\u201cEkosistemi tahrip ediyor\u201d<\/p>\n<p>M\u00fcsilaj\u0131n olu\u015fmas\u0131nda \u00fc\u00e7 ana etkenin oldu\u011funu s\u00f6zlerine ekleyerek deniz canl\u0131lar\u0131na da zararlar\u0131n\u0131 anlatan Teymur, \u015funlar\u0131 s\u00f6yledi:<\/p>\n<p>\u201cDedi\u011fimiz gibi kirlilikten kaynakl\u0131 organik besin de\u011ferlerinin artmas\u0131, ikincisi deniz s\u0131cakl\u0131\u011f\u0131ndaki ani de\u011fi\u015fimler ve art\u0131\u015flar, \u00fc\u00e7\u00fcnc\u00fcs\u00fc de deniz suyunun \u00e7ok hareketli olmamas\u0131d\u0131r. Dura\u011fan sularda daha s\u0131k g\u00f6r\u00fcld\u00fc\u011f\u00fc g\u00f6zlemlenmi\u015ftir. Bal\u0131k\u00e7\u0131l\u0131k i\u00e7in olumsuz etkileri mevcuttur. Bal\u0131k a\u011flar\u0131na tak\u0131labiliyor, a\u011f g\u00f6zeneklerini kapatabiliyor, bal\u0131klara yap\u0131\u015fabiliyor. Turizm i\u00e7in de olumsuz etkileri vard\u0131r. M\u00fcsilaj olan b\u00f6lgelerde denize girmek tehlikeli olabiliyor. \u0130nsanlar zaten girmekten imtina ediyorlar, girmek istemiyorlar. Onun d\u0131\u015f\u0131nda deniz ekosistemine ciddi zararlar\u0131 oldu\u011fu bilinmekte. \u00c7\u00fcnk\u00fc deniz canl\u0131lar\u0131n\u0131n \u00f6l\u00fcmlerine sebep oluyor. Ekosistemi tahrip ediyor.\u201d<\/p>\n<p>\u201cAkdeniz\u2019de kar\u015f\u0131la\u015fmay\u0131 beklemiyoruz\u201d<\/p>\n<p>Teymur, Marmara\u2019da n\u00fcfusun yo\u011funlu\u011fu ve deniz kirlili\u011finin fazlal\u0131\u011f\u0131 nedeniyle g\u00f6r\u00fclen m\u00fcsilaj\u0131n Akdeniz\u2019de g\u00f6r\u00fclmesini beklemediklerini ifade ederek, \u201cAkdeniz, Marmara Denizi\u2019ne g\u00f6re daha a\u00e7\u0131k deniz oldu\u011fu i\u00e7in dalga hareketleri ve ak\u0131nt\u0131lar burada \u00e7ok fazla. Akdeniz\u2019de \u015fu ana kadar m\u00fcsilaj vakas\u0131yla kar\u015f\u0131la\u015fmad\u0131k. Yapt\u0131\u011f\u0131m\u0131z \u00e7al\u0131\u015fmalar ve m\u00fcsilaj\u0131n olu\u015fum nedenlerine bakarsak Akdeniz\u2019de kar\u015f\u0131la\u015fmay\u0131 \u00e7ok beklemiyoruz\u201d diye konu\u015ftu.<\/p>\n<p>\u201cDeniz kirlili\u011fi ile m\u00fccadelede tam kapasite \u00e7al\u0131\u015f\u0131yoruz\u201d<\/p>\n<p>Drone, deniz denetim teknesi, deniz s\u00fcp\u00fcrgesi, fiber tekne ve deniz kirlili\u011fi denet\u00e7ileri ile Mersin denizinin temiz kalmas\u0131 i\u00e7in tam zamanl\u0131 \u00e7al\u0131\u015fmalar y\u00fcr\u00fctt\u00fcklerini de ifade eden Teymur, at\u0131ksu ar\u0131tma tesislerinin de tam kapasite \u00e7al\u0131\u015ft\u0131\u011f\u0131na vurgu yapt\u0131. Teymur, \u201cMersin\u2019de biz deniz kirlili\u011fi ile m\u00fccadelede tam kapasite \u00e7al\u0131\u015f\u0131yoruz. At\u0131ksu ar\u0131tma tesislerimiz 2 milyondan fazla insana hizmet veriyor. Bulundu\u011fu b\u00f6lgelerde tam kapasite birincil, ikincil ar\u0131tma sistemleri kullan\u0131larak \u00e7al\u0131\u015f\u0131yor. Olmayan b\u00f6lgelerde altyap\u0131 \u00e7al\u0131\u015fmalar\u0131 hala devam ediyor. \u00c7evre Koruma Kontrol Daire Ba\u015fkanl\u0131\u011f\u0131 Denizcilik Hizmetleri ve Denetimi \u015eube M\u00fcd\u00fcrl\u00fc\u011f\u00fc olarak kendi deniz yetki saham\u0131zda gemilerden kaynakl\u0131 kirlilikle m\u00fccadele 24 saat havadan ve denizden devam ediyor\u201d dedi.<\/p>\n","protected":false},"excerpt":{"rendered":"<p>Mersin B\u00fcy\u00fck\u015fehir Belediyesi \u00c7evre Koruma ve Kontrol Dairesi Denizcilik Hizmetleri ve Denetimi \u015eube M\u00fcd\u00fcrl\u00fc\u011f\u00fc\u2019nde g\u00f6rev yapan kaptan Pelin Teymur, bir s\u00fcredir Marmara Denizi\u2019nde g\u00f6r\u00fclen m\u00fcsilaj (deniz salyas\u0131) konusunda vatanda\u015flar\u0131 bilgilendirdi. &hellip; <a href=\"https:\/\/akdenizolaygazetesi.com\/?p=12732\" class=\"more-link\">Devam\u0131n\u0131 Oku&#8230;<\/a><\/p>\n","protected":false},"author":2,"featured_media":12733,"comment_status":"open","ping_status":"open","sticky":false,"template":"","format":"standard","meta":[],"categories":[3,5],"tags":[],"_links":{"self":[{"href":"https:\/\/akdenizolaygazetesi.com\/index.php?rest_route=\/wp\/v2\/posts\/12732"}],"collection":[{"href":"https:\/\/akdenizolaygazetesi.com\/index.php?rest_route=\/wp\/v2\/posts"}],"about":[{"href":"https:\/\/akdenizolaygazetesi.com\/index.php?rest_route=\/wp\/v2\/types\/post"}],"author":[{"embeddable":true,"href":"https:\/\/akdenizolaygazetesi.com\/index.php?rest_route=\/wp\/v2\/users\/2"}],"replies":[{"embeddable":true,"href":"https:\/\/akdenizolaygazetesi.com\/index.php?rest_route=%2Fwp%2Fv2%2Fcomments&post=12732"}],"version-history":[{"count":1,"href":"https:\/\/akdenizolaygazetesi.com\/index.php?rest_route=\/wp\/v2\/posts\/12732\/revisions"}],"predecessor-version":[{"id":12734,"href":"https:\/\/akdenizolaygazetesi.com\/index.php?rest_route=\/wp\/v2\/posts\/12732\/revisions\/12734"}],"wp:featuredmedia":[{"embeddable":true,"href":"https:\/\/akdenizolaygazetesi.com\/index.php?rest_route=\/wp\/v2\/media\/12733"}],"wp:attachment":[{"href":"https:\/\/akdenizolaygazetesi.com\/index.php?rest_route=%2Fwp%2Fv2%2Fmedia&parent=12732"}],"wp:term":[{"taxonomy":"category","embeddable":true,"href":"https:\/\/akdenizolaygazetesi.com\/index.php?rest_route=%2Fwp%2Fv2%2Fcategories&post=12732"},{"taxonomy":"post_tag","embeddable":true,"href":"https:\/\/akdenizolaygazetesi.com\/index.php?rest_route=%2Fwp%2Fv2%2Ftags&post=12732"}],"curies":[{"name":"wp","href":"https:\/\/api.w.org\/{rel}","templated":true}]}}