{"id":12738,"date":"2021-06-06T11:03:37","date_gmt":"2021-06-06T08:03:37","guid":{"rendered":"http:\/\/akdenizolaygazetesi.com\/?p=12738"},"modified":"2021-06-06T11:03:37","modified_gmt":"2021-06-06T08:03:37","slug":"buyuksehir-saha-personeli-dilek-cansiz-atiklari-sanat-eserine-donusturuyor","status":"publish","type":"post","link":"https:\/\/akdenizolaygazetesi.com\/?p=12738","title":{"rendered":"B\u00dcY\u00dcK\u015eEH\u0130R SAHA PERSONEL\u0130 D\u0130LEK CANSIZ, ATIKLARI SANAT ESER\u0130NE D\u00d6N\u00dc\u015eT\u00dcR\u00dcYOR"},"content":{"rendered":"<p>3 \u00e7ocuk annesi 41 ya\u015f\u0131ndaki Dilek Cans\u0131z, Mersin B\u00fcy\u00fck\u015fehir Belediye Ba\u015fkan\u0131 Vahap Se\u00e7er taraf\u0131ndan daha g\u00fczel ve temiz bir Mersin i\u00e7in sahada g\u00f6rev yapmak \u00fczere istihdam edilen kad\u0131n \u00e7al\u0131\u015fanlardan bir tanesi. Mersin B\u00fcy\u00fck\u015fehir Belediyesi \u00c7evre Koruma ve Kontrol Dairesi Ba\u015fkanl\u0131\u011f\u0131 Temizlik \u015eube M\u00fcd\u00fcrl\u00fc\u011f\u00fc\u2019nde temizlik personeli olarak sahada g\u00f6rev yapan Dilek Cans\u0131z, mesai arkada\u015flar\u0131 ve kendisinin temizlik s\u0131ras\u0131nda buldu\u011fu at\u0131klar\u0131 sanat eserine d\u00f6n\u00fc\u015ft\u00fcr\u00fcyor.<\/p>\n<p>Do\u011fada buldu\u011fu at\u0131klardan yapt\u0131\u011f\u0131 tabloyu Ba\u015fkan Se\u00e7er\u2019e hediye etti<\/p>\n<p>\u00d6zellikle bozuk para, evsel at\u0131k ve di\u011fer farkl\u0131 pek \u00e7ok at\u0131\u011f\u0131 de\u011ferlendirerek birbirinden g\u00fczel eserler ortaya \u00e7\u0131karan Dilek Cans\u0131z, 5 Haziran D\u00fcnya \u00c7evre G\u00fcn\u00fc\u2019nde yapt\u0131\u011f\u0131 tablolardan bir tanesini Ba\u015fkan Se\u00e7er\u2019e hediye etti. Dilek Cans\u0131z\u2019\u0131n eski mutfak dolab\u0131 kapa\u011f\u0131 \u00fczerine bozuk paralar ve iple kad\u0131n fig\u00fcr\u00fcn\u00fc bir a\u011fa\u00e7 g\u00f6vdesi \u015feklinde ortaya \u00e7\u0131kard\u0131\u011f\u0131 tabloyu Ba\u015fkan Se\u00e7er \u00e7ok be\u011fendi.<\/p>\n<p>Ziyarette saha temizlik personeli Dilek Cans\u0131z\u2019a, B\u00fcy\u00fck\u015fehir Belediyesi \u00c7evre Koruma ve Kontrol Dairesi Ba\u015fkan\u0131 Dr. B\u00fclent Halisdemir de e\u015flik etti.<\/p>\n<p>At\u0131klar Dilek\u2019in elinde hayat buluyor<\/p>\n<p>1.5 y\u0131ld\u0131r B\u00fcy\u00fck\u015fehir Belediyesi\u2019nde g\u00f6rev yapan Dilek Cans\u0131z, bug\u00fcne kadar toplam 18 tablo ve onlarca dekoratif \u00fcr\u00fcn ortaya \u00e7\u0131kard\u0131. Cans\u0131z\u2019\u0131n yapt\u0131\u011f\u0131 t\u00fcm eserler, \u00e7evreye vatanda\u015flar taraf\u0131ndan at\u0131lan at\u0131klardan olu\u015ftu. Dilek Cans\u0131z bug\u00fcne kadar tencerelerden duvar saati, \u00e7aydanl\u0131ktan avize ve farkl\u0131 pek \u00e7ok at\u0131ktan duvar s\u00fcs\u00fc yapt\u0131.<\/p>\n<p>Ziyarette Ba\u015fkan Se\u00e7er\u2019e tabloyu hediye eden Dilek Cans\u0131z, \u201cBu eski mutfak dolap kapa\u011f\u0131. Bozuk paralar\u0131 arkada\u015flarla birlikte toplad\u0131k, ekip arkada\u015flar\u0131m\u0131zla temizlik s\u0131ras\u0131nda. Bunlar\u0131 pudra, s\u0131va boyas\u0131 ile yap\u0131\u015ft\u0131r\u0131c\u0131 kar\u0131\u015ft\u0131rarak yapt\u0131m. Sa\u011fdaki anahtar da bizi i\u015fe ald\u0131n\u0131z ya, Belediye\u2019ye. Bizim anahtar\u0131m\u0131z, kap\u0131m\u0131z\u0131 a\u00e7an anahtar\u201d dedi.<\/p>\n<p>Mersin B\u00fcy\u00fck\u015fehir Belediye Ba\u015fkan\u0131 Vahap Se\u00e7er, \u201c\u00c7ok te\u015fekk\u00fcr ediyorum. \u00c7ok \u015f\u0131k bir hediye. Eme\u011fine sa\u011fl\u0131k. \u00c7ok g\u00fczel. K\u0131l\u0131f\u0131 da geri d\u00f6n\u00fc\u015f\u00fcmden, \u00e7ok g\u00fczel\u201d diye konu\u015ftu.<\/p>\n<p>Cans\u0131z: \u201cBu anlaml\u0131 g\u00fcnde bu tabloyu Ba\u015fkan\u0131m\u0131z\u2019a hediye ettim\u201d<\/p>\n<p>Eserlerinde tamamen at\u0131klar\u0131 kulland\u0131\u011f\u0131n\u0131 anlatan Dilek Cans\u0131z, \u201cArkada\u015flar\u0131mla birlikte buldu\u011fumuz paralar\u0131, buldu\u011fumuz \u00e7evre at\u0131klar\u0131n\u0131 de\u011ferlendirdik. Bu anlaml\u0131 g\u00fcnde de bu tabloyu Ba\u015fkan\u0131m\u0131z\u2019a hediye etmek i\u00e7in, bizi de kabul etti\u011fi i\u00e7in \u00e7ok te\u015fekk\u00fcr ediyorum. Bize i\u015f imk\u00e2n\u0131 verdi\u011fi i\u00e7in \u00e7ok te\u015fekk\u00fcr ediyorum. Tablodaki bozuk paralar biz kad\u0131nlar\u0131 anlat\u0131yor. Bizi anlatt\u0131m. K\u00f6k\u00fcn\u00fc yine kad\u0131n olarak yapt\u0131m. O da biz kad\u0131nlar\u0131 anlat\u0131yor. Bu anahtar da Ba\u015fkan\u0131m\u0131z bize i\u015f imk\u00e2n\u0131 verdi\u011fi, Belediye kap\u0131m\u0131z a\u00e7\u0131ld\u0131\u011f\u0131 i\u00e7in bizim anahtar\u0131m\u0131z o. Onu anlatt\u0131m. Evde tencerelerden saat yap\u0131yorum gazoz kapaklar\u0131ndan. \u00c7aydanl\u0131ktan avizeler yapt\u0131m. Buldu\u011fum her \u015feyi bir \u015fekilde de\u011ferlendiriyorum. Vatanda\u015flara yapmamalar\u0131n\u0131, atmamalar\u0131n\u0131, de\u011ferlendirmelerini s\u00f6yl\u00fcyorum. Biraz daha dikkatli olal\u0131m\u201d dedi.<\/p>\n<p>Halisdemir: \u201cPersonelimiz Mersin\u2019in daha temiz, huzurlu, mutlu olmas\u0131 i\u00e7in elinden geleni yap\u0131yor\u201d<\/p>\n<p>\u00c7evre Koruma ve Kontrol Dairesi Ba\u015fkan\u0131 Dr. B\u00fclent Halisdemir de 5 Haziran\u2019\u0131n D\u00fcnya \u00c7evre G\u00fcn\u00fc, 5-11 Haziran\u2019\u0131n da \u00c7evre Haftas\u0131 olarak t\u00fcm d\u00fcnyada \u00e7evre konusunda fark\u0131ndal\u0131k belirtmek i\u00e7in kutland\u0131\u011f\u0131n\u0131 hat\u0131rlatarak, \u201c\u00c7evremizin temiz olmas\u0131n\u0131, at\u0131klar\u0131n at\u0131lmamas\u0131n\u0131, denizimizin, do\u011fam\u0131z\u0131n kirletilmemesini \u00e7ok istiyoruz. Kutlamadan ziyade fark\u0131ndal\u0131k g\u00fcn\u00fc olarak biz belirtiyoruz. Mersin B\u00fcy\u00fck\u015fehir Belediyesi \u00c7evre Koruma ve Kontrol Dairesi Ba\u015fkanl\u0131\u011f\u0131 personelleri gece-g\u00fcnd\u00fcz, 24 saat esasl\u0131 olarak Mersin\u2019in daha temiz, daha huzurlu, daha mutlu olmas\u0131 i\u00e7in elinden geleni yap\u0131yor\u201d diye konu\u015ftu.<\/p>\n<p>\u201cMersin daha temiz kals\u0131n istiyoruz\u201d<\/p>\n<p>\u00c7evre konusunda herkesten duyarl\u0131l\u0131k beklediklerini ifade eden Halisdemir, \u015funlar\u0131 s\u00f6yledi:<\/p>\n<p>\u201cVatanda\u015flar\u0131m\u0131zdan \u015funu bekliyoruz. \u2018Nas\u0131lsa temizliyorlar\u2019 mant\u0131\u011f\u0131n\u0131 b\u0131rakmalar\u0131 gerekiyor. \u2018Nas\u0131lsa temizleyen var!\u2019 diye yere, sa\u011fa, sola, ormana, denize, derelere \u00e7\u00f6p ve benzeri at\u0131klar\u0131n at\u0131lmamas\u0131 gerekiyor. Biraz duyarl\u0131 olmalar\u0131n\u0131, m\u00fcmk\u00fcnse bu at\u0131klar\u0131 yanlar\u0131nda ta\u015f\u0131y\u0131p, \u00e7\u00f6p kovalar\u0131, \u00e7\u00f6p konteyn\u0131r\u0131 ve benzeri yerlerde bertaraf\u0131n\u0131 sa\u011flamalar\u0131, m\u00fcmk\u00fcnse de atmamalar\u0131n\u0131, daha az at\u0131k \u00e7\u0131kartmalar\u0131n\u0131 istiyoruz. Bizler elimizden geleni yapaca\u011f\u0131z arkada\u015flar\u0131m\u0131zla birlikte. Bu kenti temiz tutaca\u011f\u0131z. Ba\u015fkan\u0131m\u0131z \u00e7ok hassas. Kentte herkes mutlu olsun, kent temiz olsun, \u2018Kentimiz mis gibi olsun\u2019 slogan\u0131n\u0131 getirdi. Bizi de \u00e7ok destekliyor. O a\u00e7\u0131dan da \u00e7ok \u015fansl\u0131y\u0131z ve te\u015fekk\u00fcr ediyoruz. Arkada\u015f\u0131ma da te\u015fekk\u00fcr ediyorum. Ger\u00e7ekten \u015fu anda arkada\u015f\u0131m\u0131z bir birey olarak burada ama b\u00fct\u00fcn arkada\u015flar\u0131 temsilen burada. Yakla\u015f\u0131k 400-500 personelimiz var bu \u015fekilde. Ba\u015fkan\u0131m\u0131z bu konuda ger\u00e7ekten bir fark\u0131ndal\u0131k yaratt\u0131. Mersin&#8217;e kad\u0131n eli de\u011fdirdi. Kad\u0131n eli de\u011fdikten sonra Mersin&#8217;de hissedilir derecede bir temizlik g\u00f6r\u00fclmeye ba\u015fland\u0131. Daha hassaslar \u00e7\u00fcnk\u00fc. Biz de \u00e7ok memnunuz. Te\u015fekk\u00fcr ediyorum kendisine ve g\u0131yab\u0131nda t\u00fcm personelimize. Mersin daha temiz kals\u0131n, Mersin ye\u015fille mavinin bar\u0131\u015ft\u0131\u011f\u0131, denizin her b\u00f6lgesinin temiz oldu\u011fu bir yer olsun diyoruz. Bu hepimizin g\u00f6revi. Hep beraber bunu ba\u015faraca\u011f\u0131m\u0131za inan\u0131yorum.\u201d<\/p>\n","protected":false},"excerpt":{"rendered":"<p>3 \u00e7ocuk annesi 41 ya\u015f\u0131ndaki Dilek Cans\u0131z, Mersin B\u00fcy\u00fck\u015fehir Belediye Ba\u015fkan\u0131 Vahap Se\u00e7er taraf\u0131ndan daha g\u00fczel ve temiz bir Mersin i\u00e7in sahada g\u00f6rev yapmak \u00fczere istihdam edilen kad\u0131n \u00e7al\u0131\u015fanlardan bir &hellip; <a href=\"https:\/\/akdenizolaygazetesi.com\/?p=12738\" class=\"more-link\">Devam\u0131n\u0131 Oku&#8230;<\/a><\/p>\n","protected":false},"author":2,"featured_media":12739,"comment_status":"open","ping_status":"open","sticky":false,"template":"","format":"standard","meta":[],"categories":[34,3,5],"tags":[],"_links":{"self":[{"href":"https:\/\/akdenizolaygazetesi.com\/index.php?rest_route=\/wp\/v2\/posts\/12738"}],"collection":[{"href":"https:\/\/akdenizolaygazetesi.com\/index.php?rest_route=\/wp\/v2\/posts"}],"about":[{"href":"https:\/\/akdenizolaygazetesi.com\/index.php?rest_route=\/wp\/v2\/types\/post"}],"author":[{"embeddable":true,"href":"https:\/\/akdenizolaygazetesi.com\/index.php?rest_route=\/wp\/v2\/users\/2"}],"replies":[{"embeddable":true,"href":"https:\/\/akdenizolaygazetesi.com\/index.php?rest_route=%2Fwp%2Fv2%2Fcomments&post=12738"}],"version-history":[{"count":1,"href":"https:\/\/akdenizolaygazetesi.com\/index.php?rest_route=\/wp\/v2\/posts\/12738\/revisions"}],"predecessor-version":[{"id":12740,"href":"https:\/\/akdenizolaygazetesi.com\/index.php?rest_route=\/wp\/v2\/posts\/12738\/revisions\/12740"}],"wp:featuredmedia":[{"embeddable":true,"href":"https:\/\/akdenizolaygazetesi.com\/index.php?rest_route=\/wp\/v2\/media\/12739"}],"wp:attachment":[{"href":"https:\/\/akdenizolaygazetesi.com\/index.php?rest_route=%2Fwp%2Fv2%2Fmedia&parent=12738"}],"wp:term":[{"taxonomy":"category","embeddable":true,"href":"https:\/\/akdenizolaygazetesi.com\/index.php?rest_route=%2Fwp%2Fv2%2Fcategories&post=12738"},{"taxonomy":"post_tag","embeddable":true,"href":"https:\/\/akdenizolaygazetesi.com\/index.php?rest_route=%2Fwp%2Fv2%2Ftags&post=12738"}],"curies":[{"name":"wp","href":"https:\/\/api.w.org\/{rel}","templated":true}]}}