{"id":12741,"date":"2021-06-07T13:33:53","date_gmt":"2021-06-07T10:33:53","guid":{"rendered":"http:\/\/akdenizolaygazetesi.com\/?p=12741"},"modified":"2021-06-07T13:33:53","modified_gmt":"2021-06-07T10:33:53","slug":"sorumlulugumuzun-farkindayiz","status":"publish","type":"post","link":"https:\/\/akdenizolaygazetesi.com\/?p=12741","title":{"rendered":"&#8216;SORUMLULU\u011eUMUZUN FARKINDAYIZ&#8217;"},"content":{"rendered":"<p>MERS\u0130N Yeni\u015fehir Belediyesi \u00c7ukurova Basketbol Kul\u00fcb\u00fc&#8217;nde (\u00c7BK) Yard\u0131mc\u0131 Antren\u00f6r Kadir Mert Oktay ile basketbolcular Fatmanur Karaka\u015f, \u015eevval Akalan ve G\u00f6k\u015fen Fitik, U20 FIBA Avrupa Kupas\u0131 milli tak\u0131m haz\u0131rl\u0131k kamp\u0131na davet edildi. <\/p>\n<p>Temmuz ay\u0131nda d\u00fczenlenecek olan turnuva \u00f6ncesinde 15 Haziran&#8217;da \u0130zmir&#8217;de toplanacak olan milli tak\u0131m, Ba\u015fantren\u00f6r Hasan \u00c7a\u011fr\u0131 \u00d6zer&#8217;in nezaretinde \u00e7al\u0131\u015fmalara ba\u015flayacak. <\/p>\n<p>Turnuvada ba\u015far\u0131l\u0131 olmak istediklerini dile getiren Fatmanur Karaka\u015f, &#8220;\u0130yi bir tak\u0131ma sahibiz. Haz\u0131rl\u0131k s\u00fcrecini sakatl\u0131k ya\u015famadan ge\u00e7irmek, organizasyondan ba\u015far\u0131yla d\u00f6nmek istiyoruz&#8221; dedi.<\/p>\n<p>&#8216;SORUMLULU\u011eUMUZUN FARKINDAYIZ&#8217;<br \/>\nMilli tak\u0131m formas\u0131n\u0131 giymenin gurur verdi\u011fini dile getiren \u015eevval Akalan ise &#8220;Sorumlulu\u011fumuzun fark\u0131nday\u0131z. \u00dczerimize d\u00fc\u015feni yap\u0131p \u00e7ok \u00e7al\u0131\u015farak ba\u015far\u0131l\u0131 olmak istiyoruz. Bunu yapacak g\u00fcc\u00fcm\u00fcz de var&#8221; diye konu\u015ftu. <\/p>\n<p>Kadroda \u00e7ok \u00f6nemli isimlerin bulundu\u011funu kaydeden G\u00f6k\u015fen Fitik de &#8220;\u0130yi \u00e7al\u0131\u015f\u0131p y\u00fczde y\u00fcz performans g\u00f6stererek, \u015fampiyonay\u0131 ba\u015far\u0131yla tamamlamak tek amac\u0131m\u0131z&#8221; ifadesini kulland\u0131. <\/p>\n<p>Milli tak\u0131m\u0131n iddial\u0131 bir kadrosunun oldu\u011funu aktaran Yard\u0131mc\u0131 Antren\u00f6r Kadir Mert Oktay da \u015funlar\u0131 aktard\u0131:<br \/>\n&#8220;Kadromuzdaki isimlerin her biri, sezon i\u00e7inde y\u00fcksek performans g\u00f6sterdi. Oyuncular\u0131m\u0131z\u0131n performans\u0131n\u0131 kampta daha yukar\u0131ya ta\u015f\u0131mak i\u00e7in \u00e7al\u0131\u015faca\u011f\u0131z. Haz\u0131rl\u0131klar\u0131n tamamlanmas\u0131 ile birlikte parkeye \u00e7\u0131k\u0131p bizden bekleneni yapacak ve t\u00fcm g\u00fcc\u00fcm\u00fcz\u00fc sahaya yans\u0131taca\u011f\u0131z.&#8221;<\/p>\n","protected":false},"excerpt":{"rendered":"<p>MERS\u0130N Yeni\u015fehir Belediyesi \u00c7ukurova Basketbol Kul\u00fcb\u00fc&#8217;nde (\u00c7BK) Yard\u0131mc\u0131 Antren\u00f6r Kadir Mert Oktay ile basketbolcular Fatmanur Karaka\u015f, \u015eevval Akalan ve G\u00f6k\u015fen Fitik, U20 FIBA Avrupa Kupas\u0131 milli tak\u0131m haz\u0131rl\u0131k kamp\u0131na davet &hellip; <a href=\"https:\/\/akdenizolaygazetesi.com\/?p=12741\" class=\"more-link\">Devam\u0131n\u0131 Oku&#8230;<\/a><\/p>\n","protected":false},"author":2,"featured_media":12743,"comment_status":"open","ping_status":"open","sticky":false,"template":"","format":"standard","meta":[],"categories":[3,10],"tags":[],"_links":{"self":[{"href":"https:\/\/akdenizolaygazetesi.com\/index.php?rest_route=\/wp\/v2\/posts\/12741"}],"collection":[{"href":"https:\/\/akdenizolaygazetesi.com\/index.php?rest_route=\/wp\/v2\/posts"}],"about":[{"href":"https:\/\/akdenizolaygazetesi.com\/index.php?rest_route=\/wp\/v2\/types\/post"}],"author":[{"embeddable":true,"href":"https:\/\/akdenizolaygazetesi.com\/index.php?rest_route=\/wp\/v2\/users\/2"}],"replies":[{"embeddable":true,"href":"https:\/\/akdenizolaygazetesi.com\/index.php?rest_route=%2Fwp%2Fv2%2Fcomments&post=12741"}],"version-history":[{"count":1,"href":"https:\/\/akdenizolaygazetesi.com\/index.php?rest_route=\/wp\/v2\/posts\/12741\/revisions"}],"predecessor-version":[{"id":12744,"href":"https:\/\/akdenizolaygazetesi.com\/index.php?rest_route=\/wp\/v2\/posts\/12741\/revisions\/12744"}],"wp:featuredmedia":[{"embeddable":true,"href":"https:\/\/akdenizolaygazetesi.com\/index.php?rest_route=\/wp\/v2\/media\/12743"}],"wp:attachment":[{"href":"https:\/\/akdenizolaygazetesi.com\/index.php?rest_route=%2Fwp%2Fv2%2Fmedia&parent=12741"}],"wp:term":[{"taxonomy":"category","embeddable":true,"href":"https:\/\/akdenizolaygazetesi.com\/index.php?rest_route=%2Fwp%2Fv2%2Fcategories&post=12741"},{"taxonomy":"post_tag","embeddable":true,"href":"https:\/\/akdenizolaygazetesi.com\/index.php?rest_route=%2Fwp%2Fv2%2Ftags&post=12741"}],"curies":[{"name":"wp","href":"https:\/\/api.w.org\/{rel}","templated":true}]}}