{"id":12748,"date":"2021-06-07T13:39:20","date_gmt":"2021-06-07T10:39:20","guid":{"rendered":"http:\/\/akdenizolaygazetesi.com\/?p=12748"},"modified":"2021-06-07T13:39:20","modified_gmt":"2021-06-07T10:39:20","slug":"biz-her-seyin-egitimle-hallolacagini-dusunuyoruz","status":"publish","type":"post","link":"https:\/\/akdenizolaygazetesi.com\/?p=12748","title":{"rendered":"\u201cB\u0130Z HER \u015eEY\u0130N E\u011e\u0130T\u0130MLE HALLOLACA\u011eINI D\u00dc\u015e\u00dcN\u00dcYORUZ\u201d"},"content":{"rendered":"<p>Mersin B\u00fcy\u00fck\u015fehir Belediye Ba\u015fkan\u0131 Vahap Se\u00e7er, \u00c7a\u011fda\u015f Ya\u015fam Dijital Bulu\u015fmalar\u2019\u0131n canl\u0131 yay\u0131n konu\u011fu oldu. E\u011fitim, k\u00fclt\u00fcr ve sanat konulu bulu\u015fmada Ba\u015fkan Se\u00e7er, \u201cBiz her \u015feyin e\u011fitimle hallolaca\u011f\u0131n\u0131 d\u00fc\u015f\u00fcn\u00fcyoruz. E\u011fitim olmazsa ekonomi, sanat, k\u00fclt\u00fcr, bar\u0131\u015f, huzur ve karde\u015fli\u011fin olmayaca\u011f\u0131n\u0131n bilincinde olan insanlar\u0131z\u201d dedi. Ba\u015fkan Se\u00e7er, \u00c7a\u011fda\u015f Ya\u015fam\u0131 Destekleme Derne\u011fi (\u00c7YDD) ile g\u00fczel i\u015fler ba\u015faracaklar\u0131na inand\u0131klar\u0131n\u0131 vurgulad\u0131.<\/p>\n<p>\u00c7a\u011fda\u015f Ya\u015fam\u0131 Destekleme Derne\u011fi Mezitli \u015eubesi\u2019nin katk\u0131lar\u0131yla d\u00fczenlenen \u2018Yerel Y\u00f6netimlerde E\u011fitim, K\u00fclt\u00fcr ve Sanat\u2019 ba\u015fl\u0131kl\u0131 yay\u0131n\u0131n a\u00e7\u0131l\u0131\u015f konu\u015fmas\u0131n\u0131 \u00c7YDD Mezitli \u015eube Ba\u015fkan\u0131 G\u00fclten Kolba\u015f\u0131 yapt\u0131. Etkinli\u011fin y\u00f6nlendiricili\u011fini ise \u00c7YDD Mezitli \u015eubesi Y\u00f6netim Kurulu \u00dcyesi Merve Meri\u00e7li Erarslan \u00fcstlendi. Mersin B\u00fcy\u00fck\u015fehir Belediye Ba\u015fkan\u0131 Vahap Se\u00e7er, \u00c7YDD Genel Ba\u015fkan\u0131 Prof. Dr. Ay\u015fe Y\u00fcksel, Mersin B\u00fcy\u00fck\u015fehir Belediyesi Sosyal Hizmetler Dairesi Ba\u015fkan\u0131 Serdal G\u00f6kayaz, Mersin B\u00fcy\u00fck\u015fehir Belediyesi K\u00fclt\u00fcr ve Sosyal \u0130\u015fler Dairesi Koordinat\u00f6r\u00fc Bengi \u0130spir \u00d6zd\u00fclger ve \u00c7a\u011fda\u015f Gen\u00e7lik Genel Kolayla\u015ft\u0131r\u0131c\u0131s\u0131 Elif \u015eahin konu\u015fmac\u0131 olarak yer al\u0131rken, Kumsal G\u00fclten \u00d6l\u00e7er de m\u00fczik dinletisi sundu.<\/p>\n<p>Ba\u015fkan Se\u00e7er: \u201cMersin \u00f6zg\u00fcrl\u00fck kenti, ya\u015fam kenti, Atat\u00fcrk\u2019\u00fcn kenti\u201d<\/p>\n<p>Ba\u015fkan Se\u00e7er, Akdeniz\u2019in incisi Mersin\u2019in tarih kokan bir kent oldu\u011funu belirterek, \u201cMuazzam bir kent. \u00d6zg\u00fcrl\u00fck kenti, ya\u015fam kenti, Atat\u00fcrk\u2019\u00fcn kenti her \u015feyden \u00f6nce. Burada bu g\u00f6revi ifa etmek tabi benim i\u00e7in hayat\u0131m\u0131n en \u00f6nemli, en gurur verici misyonu. Tabi ki sizler gibi \u00e7a\u011fda\u015f insanlar\u0131 mutlu edebiliyor, onlar\u0131n sokakta y\u00fcr\u00fcrken gururla ba\u015f\u0131 dik bir \u015fekilde y\u00fcr\u00fcmesini sa\u011flayabiliyorsak bu da bize \u00e7ok b\u00fcy\u00fck bir onur veriyor, gurur veriyor. Bizim de bu kadar yorgunluktan, bu kadar zahmetten edindi\u011fimiz kar bu a\u00e7\u0131k\u00e7as\u0131. Mutluluk. Bir kere hi\u00e7bir ku\u015fkunuz olmas\u0131n. Her \u015fey g\u00fczel oluyor, bence \u00e7ok daha g\u00fczel olacak\u201d dedi.<\/p>\n<p>\u201cBiz her \u015feyin e\u011fitimle hallolaca\u011f\u0131n\u0131 d\u00fc\u015f\u00fcn\u00fcyoruz\u201d<\/p>\n<p>Se\u00e7er, g\u00fczel ve \u00f6nemli i\u015fler yapt\u0131klar\u0131n\u0131 ve ak\u0131lc\u0131 projelerle ilerlediklerini belirterek, \u015funlar\u0131 s\u00f6yledi:<\/p>\n<p>\u201c\u015eu anda kat\u0131l\u0131mc\u0131lar aras\u0131nda bizim de \u00e7ok de\u011ferli daire ba\u015fkanlar\u0131m\u0131z var. Onlar\u0131n \u00f6nemli \u00e7al\u0131\u015fmalar\u0131, katk\u0131lar\u0131, emekleriyle biz bunlar\u0131 yap\u0131yoruz. Onlar bana makul, beni heyecanland\u0131ran projelerle geldi\u011fi zaman ku\u015fkusuz hi\u00e7bir ama, lakin, fakat demeden hemen \u2018gere\u011fini yapal\u0131m\u2019 diyorum. Biz her \u015feyin e\u011fitimle hallolaca\u011f\u0131n\u0131 d\u00fc\u015f\u00fcn\u00fcyoruz. Yani e\u011fitim olmazsa ekonomi, e\u011fitim olmazsa sanat, k\u00fclt\u00fcr, bar\u0131\u015f, huzur, karde\u015fli\u011fin olmayaca\u011f\u0131n\u0131n bilincinde olan insanlar\u0131z. Biz de de\u011ferli, g\u00fczel i\u015fler yap\u0131yoruz. Yani tabi ki burada tevazu sahibi olmaya gerek yok. \u00c7\u00fcnk\u00fc \u00e7ok \u00f6nemli b\u00fct\u00e7eler ay\u0131r\u0131yoruz, \u00e7ok \u00f6nemli zamanlar ay\u0131r\u0131yoruz. Bir kere biz \u00f6zellikle k\u0131rsalda e\u011fitimde f\u0131rsat e\u015fitli\u011fi pe\u015findeyiz. Yani el yordam\u0131yla, dostlar al\u0131\u015fveri\u015fte g\u00f6rs\u00fcn, i\u015fte belediye bak\u0131n e\u011fitime de yard\u0131mc\u0131 oluyor ya da e\u011fitim yard\u0131m\u0131 yap\u0131yor de\u011fil; bizim derdimiz o de\u011fil. Sonu\u00e7 alal\u0131m istiyoruz.\u201d <\/p>\n<p>Ba\u015fkan Se\u00e7er, B\u00fcy\u00fck\u015fehir\u2019in e\u011fitime verdi\u011fi \u00f6nemi ve e\u011fitim alan\u0131nda yapt\u0131\u011f\u0131 \u00e7al\u0131\u015fmalar\u0131 anlatarak E\u011fitim ve \u00d6\u011fretimi Destekleme Kurs Merkezlerinde 4 bin \u00f6\u011frencinin \u00fcniversiteye haz\u0131rland\u0131\u011f\u0131n\u0131 s\u00f6yledi.<\/p>\n<p>\u201cK\u0131rsalda LGS\u2019ye y\u00f6nelece\u011fiz\u201d<\/p>\n<p>LGS i\u00e7in yapt\u0131klar\u0131 haz\u0131rl\u0131klardan da s\u00f6z eden Se\u00e7er, \u201cMerkez d\u0131\u015f\u0131nda bir beldede arkada\u015flar\u0131m\u0131z pilot \u00e7al\u0131\u015fmay\u0131 yapt\u0131. \u015eimdi yine k\u0131rsalda LGS\u2019ye y\u00f6nelece\u011fiz. Mersin\u2019de \u00fcniversiteyi kazanan her \u00f6\u011frenci bizden 1 y\u0131ll\u0131k burs hakk\u0131 kazan\u0131yor. \u015eu anda 7 bin civar\u0131, ge\u00e7en y\u0131l da yine \u00f6yleydi, 7 bin 200 civar\u0131yd\u0131. \u015eimdi bu y\u0131l da 7 bin \u00f6\u011frenci bizden e\u011fitim yard\u0131m\u0131 ald\u0131 ve ben bu yard\u0131mlar\u0131 bizim \u00f6deme plan\u0131nda m\u00fccbir \u00f6demeler kaleminde g\u00f6steriyorum. Yani zorunlu \u00f6demeler. \u015eart ne olursa olsun, ister ekonomik s\u0131k\u0131nt\u0131 ya\u015fayal\u0131m. Bu yard\u0131mlar o \u00e7ocuklara \u00f6deniyor\u201d diye konu\u015ftu.<\/p>\n<p>B\u00fcy\u00fck\u015fehir\u2019in k\u0131z \u00f6\u011frenciler i\u00e7in hayata ge\u00e7irdi\u011fi K\u0131r \u00c7i\u00e7ekleri Projesi\u2019nden de s\u00f6z eden Se\u00e7er, benzer bir projeyi de erkek \u00f6\u011frenciler i\u00e7in hayata ge\u00e7ireceklerini ifade etti. Se\u00e7er, \u201cAyn\u0131 projenin bir de erkek \u00f6\u011frenciler i\u00e7in versiyonunu ger\u00e7ekle\u015ftirme karar\u0131 ald\u0131k. \u015eu anda yerini de haz\u0131r ediyoruz, birka\u00e7 ay i\u00e7erisinde haz\u0131r edece\u011fiz. \u00d6n\u00fcm\u00fczdeki sezona yeti\u015ftirece\u011fiz. Yakla\u015f\u0131k 120 \u00f6\u011frencimiz olacak K\u0131r \u00c7i\u00e7ekleri Projesi\u2019nde. Bunun yar\u0131s\u0131 erkek, yar\u0131s\u0131 k\u0131z \u00f6\u011frencimiz. Gelece\u011fin sporcular\u0131n\u0131 \u00e7a\u011fda\u015f, e\u011fitimli, \u00f6nderimiz Atat\u00fcrk\u2019\u00fcn felsefesine uygun sporcu gen\u00e7lerimizi yeti\u015ftirmeye \u00e7al\u0131\u015f\u0131yoruz\u201d dedi.<\/p>\n<p>\u201cMersin \u00fcniversite kenti olsun, Mersin e\u011fitim kenti olsun diye \u00e7al\u0131\u015fmalar yap\u0131yoruz\u201d<\/p>\n<p>Ba\u015fkan Se\u00e7er, 50 binin \u00fczerinde \u00f6\u011frenci bulunan Mersin\u2019in \u00fcniversite kenti olmas\u0131 i\u00e7in yeni projeler geli\u015ftirdiklerini s\u00f6zlerine ekledi. \u00d6\u011frencilere y\u00f6nelik geli\u015ftirdikleri \u00c7ama\u015f\u0131r Kafe, \u00fccretsiz wi-fi, \u00e7orba ve ucuz ula\u015f\u0131m hizmetinden de bahseden Se\u00e7er, \u201cDaha bir\u00e7ok \u00f6\u011frenci buraya gelsin, buray\u0131 tercih etsin diye bir\u00e7ok yeni proje geli\u015ftiriyoruz. Mersin \u00fcniversite kenti olsun, Mersin \u00e7a\u011fda\u015f kent olsun, Mersin e\u011fitim kenti olsun diye yapt\u0131\u011f\u0131m\u0131z \u00e7al\u0131\u015fmalar. Tabi daha bir\u00e7ok konuda da \u00e7al\u0131\u015fmalar yap\u0131yoruz\u201d ifadelerini kulland\u0131.<\/p>\n<p>\u201cE\u011fitimi \u00f6nemsiyorum. Paras\u0131, b\u00fct\u00e7esi benim i\u00e7in hi\u00e7 \u00f6nemli de\u011fil\u201d<\/p>\n<p>T\u00fcrkiye\u2019nin en b\u00fcy\u00fck toptanc\u0131 sebze ve meyve halinde a\u00e7t\u0131klar\u0131 kre\u015ften s\u00f6z eden Se\u00e7er, k\u0131z \u00f6\u011frenciler i\u00e7in G\u00fclnar\u2019da Mersin \u00dcniversitesi i\u015f birli\u011fi ile haz\u0131rlanan misafirhaneyi anlatt\u0131. Se\u00e7er, \u201cE\u011fitimi \u00f6nemsiyorum. Bunun paras\u0131, b\u00fct\u00e7esi benim i\u00e7in hi\u00e7 \u00f6nemli de\u011fil. Akla yatk\u0131n, makul, ger\u00e7ekten sonu\u00e7 alabilece\u011fimiz projeler olsun\u201d dedi. Ba\u015fkan Se\u00e7er, Tarsus il\u00e7esindeki Gen\u00e7lik Kamp\u0131\u2019n\u0131 dezavantajl\u0131 \u00e7ocuklar\u0131n ve gen\u00e7lerin zaman ge\u00e7irecekleri bir yer haline getirdiklerini s\u00f6yledi.<\/p>\n<p>\u201cBeraberce bu kente bir \u015feyler yapal\u0131m\u201d<\/p>\n<p>Programa kat\u0131ld\u0131\u011f\u0131 i\u00e7in onur duydu\u011funu vurgulayan Se\u00e7er, \u201cOrganizasyonu ger\u00e7ekle\u015ftiren G\u00fclten Han\u0131m nezdinde b\u00fct\u00fcn \u00c7a\u011fda\u015f Ya\u015fam\u0131 Destekleme Derne\u011fi \u00fcyelerine \u00e7ok te\u015fekk\u00fcr ediyorum, hepinize sayg\u0131lar sunuyorum. Sizlerin de katk\u0131s\u0131 \u00f6nemli. Her zaman da beklerim. G\u00f6r\u00fc\u015flerinize a\u00e7\u0131\u011f\u0131z, \u00e7ok \u00f6nemsiyoruz. Arkada\u015flar\u0131m\u0131z da kentimizin emrine amade, ben de kentin emrine amadeyim. Ayaklar\u0131m\u0131z yere bass\u0131n ve ellerimizi s\u0131ms\u0131k\u0131 tutal\u0131m, beraberce bu kente bir \u015feyler yapal\u0131m. Ben bunu istiyorum sadece\u201d dedi.<\/p>\n<p>\u201cCHP\u2019li belediye ba\u015fkanlar\u0131m\u0131z ve onlar\u0131n ekibi adeta tarihe not d\u00fc\u015f\u00fcyorlar\u201d<\/p>\n<p>\u00c7YDD Genel Ba\u015fkan\u0131 Prof. Dr. Ay\u015fe Y\u00fcksel, belediyelerle i\u015f birli\u011finin \u00f6nemine dikkat \u00e7ekerek, \u201cBu nedenle her t\u0131p \u00f6\u011frencisinin, her hem\u015firelik \u00f6\u011frencisinin mutlaka gelecekte de i\u015f birli\u011fi yapmas\u0131 i\u00e7in belediyesini tan\u0131mas\u0131 gerekti\u011fini \u00f6\u011fretmeye gayret ediyorum. Ben de bunu hocalar\u0131mdan \u00f6\u011frenmi\u015ftim. T\u00fcrkan Hoca biz gen\u00e7leri yan\u0131na al\u0131r, ilk i\u015fi \u015fehrin belediye ba\u015fkan\u0131n\u0131 ziyaret etmek olurdu ve belediye ba\u015fkan\u0131na sorular sorar, \u00f6neriler getirir, ne kadar verimli bir bulu\u015fma olurdu\u201d dedi. Prof. Dr. Y\u00fcksel, CHP\u2019li belediye ba\u015fkanlar\u0131n\u0131n ve ekiplerinin sivil toplum \u00f6rg\u00fctlerine destek olduklar\u0131n\u0131 vurgulayarak, \u201cS\u00fcre\u00e7 i\u00e7inde belediyelerimiz, \u00f6zellikle CHP\u2019li belediye ba\u015fkanlar\u0131m\u0131z ve onlar\u0131n ekibi adeta tarihe not d\u00fc\u015f\u00fcyorlar. \u0130nan\u0131lmaz g\u00fczel \u00e7al\u0131\u015fmalar yap\u0131yorlar. Sivil toplum \u00f6rg\u00fctlerine destek oluyorlar. Yani hep beraber \u00fclkenin kalk\u0131nmas\u0131na, insanlar\u0131n refah\u0131na, sa\u011fl\u0131\u011f\u0131na katk\u0131 sunuyorlar. Bu nedenle \u00f6rnek olan b\u00fct\u00fcn belediyelerimizi ben Vahap Se\u00e7er Ba\u015fkan\u0131m\u0131z\u0131n \u015fahs\u0131nda alk\u0131\u015flamak istiyorum\u201d diye konu\u015ftu.<\/p>\n<p>\u00c7YDD Mezitli \u015eube Ba\u015fkan\u0131 G\u00fclten Kolba\u015f\u0131, Mezitli \u00c7a\u011fda\u015f Ya\u015fam\u0131 Destekleme Derne\u011fi\u2019nin 29 Haziran\u2019da 1. y\u0131l\u0131n\u0131 kutlayacaklar\u0131n\u0131 belirtti. Dernek olarak B\u00fcy\u00fck\u015fehir\u2019in t\u00fcm \u00e7al\u0131\u015fmalar\u0131n\u0131 ve haberlerini takip ettiklerini, Ba\u015fkan Se\u00e7er\u2019in Mersin\u2019i sevgi ve \u00f6zg\u00fcrl\u00fck kenti yapma yolundaki \u00e7al\u0131\u015fmalar\u0131n\u0131 takdir ettiklerini s\u00f6yledi. Kolba\u015f\u0131, \u201cNe mutlu bize ki sivil toplum \u00f6rg\u00fctlerinin \u00e7ok bol oldu\u011fu Mersin\u2019de ve demokrasinin i\u015flemesi i\u00e7in zorlayan bu sivil toplumun i\u00e7inde olmaktan mutluluk duyuyoruz. Biz Mersin\u2019de 4 tane \u015fubeyiz. Daha \u00e7ok insana, daha \u00e7ok \u00e7ocu\u011fa el uzatmak amac\u0131yla ba\u015flad\u0131k. \u0130yi ki vars\u0131n\u0131z, sizi sayg\u0131yla selaml\u0131yorum efendim. Gelecek g\u00fcnlerde bir arada olmak umuduyla\u201d dedi.<\/p>\n<p>G\u00f6kayaz: \u201cE\u011fitime ger\u00e7ekten can\u0131 y\u00fcrekten inan\u0131yoruz\u201d<\/p>\n<p>B\u00fcy\u00fck\u015fehir Belediyesi Sosyal Hizmetler Dairesi Ba\u015fkan\u0131 Serdal G\u00f6kayaz, B\u00fcy\u00fck\u015fehir Belediyesi taraf\u0131ndan e\u011fitim alan\u0131nda verdikleri hizmetleri payla\u015farak, \u201cE\u011fitime ger\u00e7ekten can\u0131 y\u00fcrekten inan\u0131yoruz. E\u011fitim, toplum a\u00e7\u0131s\u0131ndan ve insan hayat\u0131 a\u00e7\u0131s\u0131ndan vazge\u00e7ilmez bir \u00f6\u011fe, ki\u015fisel geli\u015fim ancak e\u011fitimle m\u00fcmk\u00fcn\u201d dedi. G\u00f6kayaz, toplumun t\u00fcm kesimlerine ula\u015fmaya \u00e7al\u0131\u015ft\u0131klar\u0131n\u0131 ve \u00f6zellikle dezavantajl\u0131 kesimlere y\u00f6neldiklerini ifade etti.<\/p>\n<p>\u00d6zd\u00fclger: \u201cTemelini k\u00fclt\u00fcr, sanat, bilim, sporla att\u0131\u011f\u0131m\u0131z bir toplumda dimdik ayakta kalmak \u00e7ok daha kolay oluyor\u201d<\/p>\n<p>B\u00fcy\u00fck\u015fehir Belediyesi K\u00fclt\u00fcr ve Sosyal \u0130\u015fler Dairesi Koordinat\u00f6r\u00fc Bengi \u0130spir \u00d6zd\u00fclger, Mersin\u2019i k\u00fclt\u00fcr ve sanat kenti yapmak i\u00e7in yapt\u0131klar\u0131n\u0131 \u00e7al\u0131\u015fmalar\u0131 ve projeleri anlatarak, \u201cK\u00fclt\u00fcrle, sanatla yo\u011furulan bir toplumda, temelini k\u00fclt\u00fcr, sanat, bilim sporla att\u0131\u011f\u0131m\u0131z bir toplumda dimdik ayakta kalmak \u00e7ok daha g\u00fczel ve kolay oluyor. Bu anlamda bizim \u00e7al\u0131\u015fmalar\u0131m\u0131z da h\u0131z kazan\u0131yor. Ba\u015fkan\u0131m\u0131z k\u00fclt\u00fcre, sanata \u00e7ok \u00f6nem veriyor ve bu anlamda bizi desteklemesi de bize itici bir g\u00fc\u00e7 olu\u015fturuyor. Pandeminin yaratt\u0131\u011f\u0131 olumsuz ko\u015fullar elbette ki b\u00fct\u00fcn d\u00fcnyada g\u00f6zle g\u00f6r\u00fcl\u00fcyor ama bu zorlu psikolojiyi atlatabilmenin en iyi yolu sanat ve k\u00fclt\u00fcrel etkinlikler. Ger\u00e7ekten \u015fansl\u0131y\u0131z. Bu belediyede Vahap Bey\u2019in \u00f6nc\u00fcl\u00fc\u011f\u00fcnde bu \u00e7al\u0131\u015fmalar\u0131 yap\u0131yor olmaktan b\u00fcy\u00fck gurur duyuyoruz\u201d ifadelerine yer verdi.<\/p>\n","protected":false},"excerpt":{"rendered":"<p>Mersin B\u00fcy\u00fck\u015fehir Belediye Ba\u015fkan\u0131 Vahap Se\u00e7er, \u00c7a\u011fda\u015f Ya\u015fam Dijital Bulu\u015fmalar\u2019\u0131n canl\u0131 yay\u0131n konu\u011fu oldu. E\u011fitim, k\u00fclt\u00fcr ve sanat konulu bulu\u015fmada Ba\u015fkan Se\u00e7er, \u201cBiz her \u015feyin e\u011fitimle hallolaca\u011f\u0131n\u0131 d\u00fc\u015f\u00fcn\u00fcyoruz. E\u011fitim olmazsa &hellip; <a href=\"https:\/\/akdenizolaygazetesi.com\/?p=12748\" class=\"more-link\">Devam\u0131n\u0131 Oku&#8230;<\/a><\/p>\n","protected":false},"author":2,"featured_media":12749,"comment_status":"open","ping_status":"open","sticky":false,"template":"","format":"standard","meta":[],"categories":[8,34,3,5],"tags":[],"_links":{"self":[{"href":"https:\/\/akdenizolaygazetesi.com\/index.php?rest_route=\/wp\/v2\/posts\/12748"}],"collection":[{"href":"https:\/\/akdenizolaygazetesi.com\/index.php?rest_route=\/wp\/v2\/posts"}],"about":[{"href":"https:\/\/akdenizolaygazetesi.com\/index.php?rest_route=\/wp\/v2\/types\/post"}],"author":[{"embeddable":true,"href":"https:\/\/akdenizolaygazetesi.com\/index.php?rest_route=\/wp\/v2\/users\/2"}],"replies":[{"embeddable":true,"href":"https:\/\/akdenizolaygazetesi.com\/index.php?rest_route=%2Fwp%2Fv2%2Fcomments&post=12748"}],"version-history":[{"count":1,"href":"https:\/\/akdenizolaygazetesi.com\/index.php?rest_route=\/wp\/v2\/posts\/12748\/revisions"}],"predecessor-version":[{"id":12750,"href":"https:\/\/akdenizolaygazetesi.com\/index.php?rest_route=\/wp\/v2\/posts\/12748\/revisions\/12750"}],"wp:featuredmedia":[{"embeddable":true,"href":"https:\/\/akdenizolaygazetesi.com\/index.php?rest_route=\/wp\/v2\/media\/12749"}],"wp:attachment":[{"href":"https:\/\/akdenizolaygazetesi.com\/index.php?rest_route=%2Fwp%2Fv2%2Fmedia&parent=12748"}],"wp:term":[{"taxonomy":"category","embeddable":true,"href":"https:\/\/akdenizolaygazetesi.com\/index.php?rest_route=%2Fwp%2Fv2%2Fcategories&post=12748"},{"taxonomy":"post_tag","embeddable":true,"href":"https:\/\/akdenizolaygazetesi.com\/index.php?rest_route=%2Fwp%2Fv2%2Ftags&post=12748"}],"curies":[{"name":"wp","href":"https:\/\/api.w.org\/{rel}","templated":true}]}}