{"id":1275,"date":"2020-11-04T18:21:51","date_gmt":"2020-11-04T15:21:51","guid":{"rendered":"http:\/\/mersinekonomipolitikagazetesi.com\/?p=1275"},"modified":"2020-11-04T18:21:51","modified_gmt":"2020-11-04T15:21:51","slug":"3-mersin-kalite-sempozyumu-basladi","status":"publish","type":"post","link":"https:\/\/akdenizolaygazetesi.com\/?p=1275","title":{"rendered":"3. Mersin Kalite Sempozyumu ba\u015flad\u0131"},"content":{"rendered":"<p>Mersin B\u00fcy\u00fck\u015fehir Belediyesi ve MESK\u0130\u2019nin ev sahipli\u011finde, T\u00fcrkiye Kalite Derne\u011fi (KalDer) ile birlikte \u2018Mersin\u2019e Kalite Yak\u0131\u015f\u0131r\u2019 slogan\u0131yla bu y\u0131l 3\u2019\u00fcnc\u00fcs\u00fc d\u00fczenlenen 3. Mersin Kalite Sempozyumu ba\u015flad\u0131.<\/p>\n<p>Bu y\u0131l \u2018Do\u011fal Afetler ve Afet Y\u00f6netimi\u2019 konu ba\u015fl\u0131\u011f\u0131yla ger\u00e7ekle\u015ftirilen sempozyumun Kongre ve Sergi Saray\u0131\u2019ndaki a\u00e7\u0131l\u0131\u015f\u0131, Mersin Valisi \u00d6zdemir \u00c7akacak ve B\u00fcy\u00fck\u015fehir Belediye Ba\u015fkan\u0131 Burhanettin Kocamaz\u2019\u0131n kat\u0131l\u0131m\u0131yla yap\u0131ld\u0131.<br \/>\nKocamaz: \u201cAmac\u0131m\u0131z, vatanda\u015f odakl\u0131 bir hizmet k\u00fclt\u00fcr\u00fcn\u00fcn olu\u015fmas\u0131n\u0131 sa\u011flamak ve s\u00fcrd\u00fcr\u00fclebilir k\u0131lmak\u201d<br \/>\nM\u00fczik dinletisi ile ba\u015flayan sempozyumun a\u00e7\u0131l\u0131\u015f konu\u015fmas\u0131n\u0131 yapan Ba\u015fkan Kocamaz, kalitenin bir hizmet ya da projenin geli\u015ftirilmesi, halka ula\u015ft\u0131r\u0131lmas\u0131 ve hizmet sonras\u0131 geri d\u00f6n\u00fc\u015flerin de\u011ferlendirilerek beklenen iyile\u015ftirmenin sa\u011flanmas\u0131 s\u00fcreci i\u00e7in kullan\u0131lan sistematik bir y\u00f6ntem oldu\u011funu s\u00f6yledi. B\u00fcy\u00fck\u015fehir Belediyesi ve MESK\u0130 olarak ama\u00e7lar\u0131n\u0131n, vatanda\u015f odakl\u0131 bir hizmet k\u00fclt\u00fcr\u00fcn\u00fcn olu\u015fmas\u0131n\u0131 sa\u011flamak ve s\u00fcrd\u00fcr\u00fclebilir k\u0131lmak oldu\u011funu vurgulayan Kocamaz, Mersin\u2019e Kalite Yak\u0131\u015f\u0131r anlay\u0131\u015f\u0131yla olu\u015fturduklar\u0131 kalite politikalar\u0131n\u0131n ilkelerinin de bu hedefe uygun olarak belirlendi\u011fini ifade etti. Kocamaz, ilkeleri \u015f\u00f6yle s\u0131ralad\u0131: \u201cYa\u015fanabilir bir gelecek olu\u015fturmak, s\u00fcrd\u00fcr\u00fclebilir ba\u015far\u0131 sa\u011flamak, yarat\u0131c\u0131 ve yenilik\u00e7i ortamlar\u0131n geli\u015fmesine imkan veren kat\u0131l\u0131mc\u0131 ve payla\u015f\u0131mc\u0131 y\u00f6netim anlay\u0131\u015f\u0131 kurmak, vatanda\u015f odakl\u0131 hizmet vermek, payda\u015flarla i\u015fbirli\u011fi yapmak, \u00e7al\u0131\u015fanlar\u0131n kat\u0131l\u0131m ve katk\u0131s\u0131n\u0131 en \u00fcst d\u00fczeyde sa\u011flamak, s\u00fcrekli iyile\u015ftirmeyi prensip haline getirmek ve t\u00fcm kaynaklar\u0131 etkin ve verimli kullanmak.\u201d<br \/>\n\u201cMersin, su bask\u0131n\u0131 riski y\u00fcksek yerle\u015fim birimleri aras\u0131nda bulunuyor\u201d<br \/>\nKalDer ile birlikte \u00fc\u00e7 y\u0131ld\u0131r d\u00fczenledikleri kalite sempozyumlar\u0131n\u0131n amac\u0131n\u0131n, ba\u015fta \u00e7al\u0131\u015fanlar olmak \u00fczere payda\u015flarla birlikte b\u00fct\u00fcn toplum kesimlerinde kalite kavram\u0131 konusunda fark\u0131ndal\u0131k olu\u015fturmak oldu\u011funu s\u00f6yleyen Kocamaz, \u201cKalite Sempozyumunu bu y\u0131l \u2018Do\u011fal Afetler ve Afet Y\u00f6netimi\u2019 temas\u0131yla ger\u00e7ekle\u015ftiriyoruz. Ba\u015fbakanl\u0131k AFAD Ba\u015fkanl\u0131\u011f\u0131 taraf\u0131ndan yay\u0131nlanan Afat Da\u011f\u0131l\u0131m Haritas\u0131na g\u00f6re, Mersin\u2019imiz su bask\u0131n\u0131 riski y\u00fcksek yerle\u015fim birimleri aras\u0131nda bulunmaktad\u0131r. Ge\u00e7mi\u015f y\u0131llardaki ihmallerin do\u011fal bir sonucu olarak, son d\u00f6nemde su bask\u0131n\u0131 afetiyle birka\u00e7 kez y\u00fczle\u015fmek zorunda kald\u0131k. B\u00fcy\u00fck\u015fehir Belediyesi ve MESK\u0130 olarak \u00f6nceliklerimiz aras\u0131nda yer alan bu soruna k\u00f6kl\u00fc \u00e7\u00f6z\u00fcm \u00fcretmek amac\u0131yla ba\u015flatt\u0131\u011f\u0131m\u0131z Mersin \u0130li Ya\u011fmursuyu Master Plan\u0131 \u00e7al\u0131\u015fmas\u0131n\u0131 7 Kas\u0131m 2016 tarihinde tamamlad\u0131k. Merkez ve k\u0131rsal mahalleleri ile birlikte 13 il\u00e7emizin tamam\u0131n\u0131 kapsayan plan \u00e7er\u00e7evesinde yap\u0131lacak fiziksel yat\u0131r\u0131mlar, kurumsal ve idari reformlar ile ya\u011fmursuyu hizmetlerimiz daha kaliteli ve g\u00fcvenli hale gelecek\u201d dedi.<br \/>\n\u201cSempozyum, Mersin\u2019in \u00f6rnek belediye olma vizyonunun ger\u00e7e\u011fe d\u00f6n\u00fc\u015fmesine katk\u0131 yapacak\u201d<br \/>\nB\u00fcy\u00fck\u015fehir Belediyesi ve MESK\u0130 olarak 2 ayr\u0131 mecrada y\u00fcr\u00fct\u00fclen EFQM M\u00fckemmellik Modeli \u00e7al\u0131\u015fmalar\u0131n\u0131 da anlatan Kocamaz, \u201cEFQM M\u00fckemmellik Modeli yolculu\u011fumuzda MESK\u0130 olarak \u2018M\u00fckemmellikte Yetkinlik\u2019 anlam\u0131na gelen d\u00f6rt y\u0131ld\u0131z, B\u00fcy\u00fck\u015fehir olarak \u00fc\u00e7 y\u0131ld\u0131z ile yolumuza devam ediyoruz. 1994-2014 y\u0131llar\u0131 aras\u0131nda 20 y\u0131l s\u00fcreyle \u00fcstlendi\u011fim Tarsus Belediye Ba\u015fkanl\u0131\u011f\u0131m d\u00f6neminde \u2018T\u00fcrkiye M\u00fckemmellik B\u00fcy\u00fck \u00d6d\u00fcl\u00fcn\u00fc\u2019 kazanan, Kalite Derne\u011fi taraf\u0131ndan Kalite El\u00e7ili\u011fi misyonuna lay\u0131k g\u00f6r\u00fclen bir belediye ba\u015fkan\u0131 olarak Mersin\u2019de ba\u015flatt\u0131\u011f\u0131m\u0131z m\u00fckemmellik yolculu\u011funun ba\u015far\u0131yla sonu\u00e7lanaca\u011f\u0131na olan inanc\u0131m\u0131 ifade etmek istiyorum. Mersin\u2019i sosyal, k\u00fclt\u00fcrel ve ekonomik y\u00f6nden geli\u015fmi\u015f kentler aras\u0131nda \u00f6ne \u00e7\u0131karan \u00f6rnek belediye olmak vizyonumuzun ger\u00e7e\u011fe d\u00f6n\u00fc\u015fmesine \u00f6nemli katk\u0131lar yapaca\u011f\u0131n\u0131 d\u00fc\u015f\u00fcnd\u00fc\u011f\u00fcm 3. Mersin Kalite Sempozyumu\u2019nun, ilimize ve \u00fclkemize hay\u0131rl\u0131 olmas\u0131n\u0131 diliyorum\u201d diye konu\u015ftu.<br \/>\nVali \u00c7akacak: \u201cMersin\u2019i ya\u015fam kalitesi y\u00fcksek bir d\u00fcnya kenti yapmak i\u00e7in ilin t\u00fcm dinamikleriyle birlikte kararl\u0131l\u0131kla \u00e7al\u0131\u015f\u0131yoruz\u201d<br \/>\nVali \u00c7akacak ise sempozyumun bu y\u0131l \u2018Do\u011fal Afetler ve Afet Y\u00f6netimi\u2019 temas\u0131yla d\u00fczenlenmesini olduk\u00e7a de\u011ferli g\u00f6rd\u00fc\u011f\u00fcn\u00fc ifade ederek, bu bulu\u015fman\u0131n do\u011fal afetler ve y\u00f6netimi konusunda faydal\u0131 sonu\u00e7lar do\u011furaca\u011f\u0131na inand\u0131\u011f\u0131n\u0131 s\u00f6yledi. G\u00fcn\u00fcm\u00fcz d\u00fcnyas\u0131nda hayat\u0131n her alan\u0131nda ba\u015f d\u00f6nd\u00fcr\u00fcc\u00fc h\u0131zda bir de\u011fi\u015fim ve d\u00f6n\u00fc\u015f\u00fcm s\u00fcreci ya\u015fand\u0131\u011f\u0131n\u0131 belirten \u00c7akacak, bireysel ve toplumsal taleplerde de yeni beklentileri tetikleyen bu s\u00fcrecin, de\u011fi\u015fim ve d\u00f6n\u00fc\u015f\u00fcm\u00fc daha da h\u0131zland\u0131rd\u0131\u011f\u0131n\u0131n alt\u0131n\u0131 \u00e7izdi.<br \/>\nMersin\u2019i ya\u015fam kalitesi y\u00fcksek bir d\u00fcnya kenti yapmak i\u00e7in ilin t\u00fcm dinamikleriyle birlikte y\u00fcr\u00fct\u00fclen \u00e7al\u0131\u015fmalara h\u0131z kesmeden devam etme kararl\u0131l\u0131\u011f\u0131nda olduklar\u0131n\u0131 dile getiren \u00c7akacak, \u201cDo\u011fal afetler, bilim ve teknolojide b\u00fcy\u00fck geli\u015fmeler ya\u015fanmas\u0131na ra\u011fmen hen\u00fcz \u00f6nceden tespit edilememektedir. Ancak, eldeki teknolojik verilerle afet zararlar\u0131n\u0131 en aza indirmek noktas\u0131nda yapabilece\u011fimiz bir\u00e7ok d\u00fczenleme ve i\u015f bulunmaktad\u0131r. Bu noktada \u00fclke olarak \u00f6zellikle bizlere derin ac\u0131lar ya\u015fatan 1999 Marmara depreminden sonra afet \u00f6ncesinde, afet esnas\u0131nda ve afet sonras\u0131nda al\u0131nacak \u00f6nlemler konusunda k\u00f6kl\u00fc de\u011fi\u015fiklikler ger\u00e7ekle\u015ftirilmi\u015ftir. Bu d\u00fczenlemelerin uygulanmas\u0131na y\u00f6nelik \u00fclke genelinde oldu\u011fu gibi ilimizde de \u00f6nemli \u00e7al\u0131\u015fmalar y\u00fcr\u00fct\u00fcyoruz\u201d ifadelerini kulland\u0131.<br \/>\n\u201cSelden dolay\u0131 ya\u015fanan zarar\u0131n bir daha olmamas\u0131 i\u00e7in risk unsurlar\u0131n\u0131n risk olmaktan \u00e7\u0131kar\u0131lmas\u0131 gerekir\u201d<br \/>\nMersin\u2019de 29 Aral\u0131k 2016\u2019da ya\u015fanan sel afetine de de\u011finen \u00c7akacak, ayn\u0131 zarar\u0131n bir daha olu\u015fmamas\u0131 i\u00e7in yo\u011fun ya\u011f\u0131\u015f\u0131n olu\u015fturdu\u011fu sel sular\u0131n\u0131n denize ula\u015fmas\u0131n\u0131 engelleyen \u00fczeri kapat\u0131lan dereler, ya\u011fmur suyu alt yap\u0131s\u0131, dere yataklar\u0131n\u0131n imara a\u00e7\u0131lmas\u0131 gibi risk unsurlar\u0131n\u0131n, risk olmaktan \u00e7\u0131kar\u0131lmas\u0131 gerekti\u011fini vurgulad\u0131. Afet y\u00f6netiminde kalitenin, haz\u0131rl\u0131kl\u0131 olma, koruma, m\u00fcdahale, iyile\u015ftirme ve zarar azaltma unsurlar\u0131n\u0131 i\u00e7eren b\u00fct\u00fcnle\u015fik afet y\u00f6netim sisteminin uygulanmas\u0131yla m\u00fcmk\u00fcn oldu\u011funu belirten \u00c7akacak, bu ger\u00e7ekten hareketle Mersin\u2019in ya\u015fam kalitesi y\u00fcksek bir kent olarak ulusal ve uluslararas\u0131 arenada hak etti\u011fi konuma gelmesinin, do\u011fal afet ve afet y\u00f6netiminde kalitenin sa\u011flanmas\u0131ndan ge\u00e7ti\u011fini s\u00f6zlerine ekledi.<br \/>\nKalDer Y\u00f6netim Kurulu Ba\u015fkan\u0131 Buket Emino\u011flu Pilavc\u0131\u2019n\u0131n da bir konu\u015fma yapt\u0131\u011f\u0131 sempozyumda daha sonra Gazeteci-Yazar Fatih Altayl\u0131 ile Gazeteci-Yazar Mehmet Y\u0131lmaz\u2019\u0131n konu\u015fmac\u0131 olarak kat\u0131ld\u0131\u011f\u0131 \u2018Ya\u015fam Bi\u00e7imi Olarak Kalite\u2019 konulu \u00f6zel oturum ger\u00e7ekle\u015ftirildi.<\/p>\n","protected":false},"excerpt":{"rendered":"<p>Mersin B\u00fcy\u00fck\u015fehir Belediyesi ve MESK\u0130\u2019nin ev sahipli\u011finde, T\u00fcrkiye Kalite Derne\u011fi (KalDer) ile birlikte \u2018Mersin\u2019e Kalite Yak\u0131\u015f\u0131r\u2019 slogan\u0131yla bu y\u0131l 3\u2019\u00fcnc\u00fcs\u00fc d\u00fczenlenen 3. Mersin Kalite Sempozyumu ba\u015flad\u0131. Bu y\u0131l \u2018Do\u011fal Afetler &hellip; <a href=\"https:\/\/akdenizolaygazetesi.com\/?p=1275\" class=\"more-link\">Devam\u0131n\u0131 Oku&#8230;<\/a><\/p>\n","protected":false},"author":1,"featured_media":0,"comment_status":"open","ping_status":"open","sticky":false,"template":"","format":"standard","meta":[],"categories":[],"tags":[],"_links":{"self":[{"href":"https:\/\/akdenizolaygazetesi.com\/index.php?rest_route=\/wp\/v2\/posts\/1275"}],"collection":[{"href":"https:\/\/akdenizolaygazetesi.com\/index.php?rest_route=\/wp\/v2\/posts"}],"about":[{"href":"https:\/\/akdenizolaygazetesi.com\/index.php?rest_route=\/wp\/v2\/types\/post"}],"author":[{"embeddable":true,"href":"https:\/\/akdenizolaygazetesi.com\/index.php?rest_route=\/wp\/v2\/users\/1"}],"replies":[{"embeddable":true,"href":"https:\/\/akdenizolaygazetesi.com\/index.php?rest_route=%2Fwp%2Fv2%2Fcomments&post=1275"}],"version-history":[{"count":0,"href":"https:\/\/akdenizolaygazetesi.com\/index.php?rest_route=\/wp\/v2\/posts\/1275\/revisions"}],"wp:attachment":[{"href":"https:\/\/akdenizolaygazetesi.com\/index.php?rest_route=%2Fwp%2Fv2%2Fmedia&parent=1275"}],"wp:term":[{"taxonomy":"category","embeddable":true,"href":"https:\/\/akdenizolaygazetesi.com\/index.php?rest_route=%2Fwp%2Fv2%2Fcategories&post=1275"},{"taxonomy":"post_tag","embeddable":true,"href":"https:\/\/akdenizolaygazetesi.com\/index.php?rest_route=%2Fwp%2Fv2%2Ftags&post=1275"}],"curies":[{"name":"wp","href":"https:\/\/api.w.org\/{rel}","templated":true}]}}