{"id":12757,"date":"2021-06-07T13:51:44","date_gmt":"2021-06-07T10:51:44","guid":{"rendered":"http:\/\/akdenizolaygazetesi.com\/?p=12757"},"modified":"2021-06-07T13:51:59","modified_gmt":"2021-06-07T10:51:59","slug":"baskan-yilmaz-tarimsal-kalite-icin-ciftcimize-destegimizi-surdurecegiz","status":"publish","type":"post","link":"https:\/\/akdenizolaygazetesi.com\/?p=12757","title":{"rendered":"BA\u015eKAN YILMAZ: &#8220;TARIMSAL KAL\u0130TE \u0130\u00c7\u0130N \u00c7\u0130FT\u00c7\u0130M\u0130ZE DESTE\u011e\u0130M\u0130Z\u0130 S\u00dcRD\u00dcRECE\u011e\u0130Z&#8221;"},"content":{"rendered":"<p>Toroslar Belediye Ba\u015fkan\u0131 Ats\u0131z Af\u015f\u0131n Y\u0131lmaz, \u00e7ift\u00e7ilerin \u00fcretimlerini art\u0131rmalar\u0131 ve daha kaliteli hale getirmeleri i\u00e7in s\u00fcrd\u00fcr\u00fclebilir tar\u0131ma \u00f6nem verdiklerini ve bu konuda projeler \u00fcrettiklerini s\u00f6yledi.<\/p>\n<p>Ba\u015fkan Y\u0131lmaz, 5 Haziran D\u00fcnya \u00c7evre G\u00fcn\u00fc ve AB Ye\u015fil Haftas\u0131 dolay\u0131s\u0131yla d\u00fczenlenen S\u00fcrd\u00fcr\u00fclebilir Tar\u0131m \u0130\u00e7in Do\u011fru Uygulamalar Etkinli\u011fi&#8217;nde \u00e7ift\u00e7ilerle bir araya geldi.<\/p>\n<p>T\u00fcrkiye&#8217;de AB Bilgi Merkezleri A\u011f\u0131&#8217;n\u0131n Desteklenmesi Program\u0131 kapsam\u0131nda, Mersin Ticaret ve Sanayi Odas\u0131 (MTSO) AB Bilgi Merkezi koordinasyonunda, Mersin B\u00fcy\u00fck\u015fehir Belediyesi, Tar\u0131m ve Orman \u0130l M\u00fcd\u00fcrl\u00fc\u011f\u00fc, \u00c7evre ve \u015eehircilik \u0130l M\u00fcd\u00fcrl\u00fc\u011f\u00fc, Toroslar Belediyesi, Akdeniz Belediyesi, Mezitli Belediyesi, Akdeniz \u0130hracat\u00e7\u0131 Birlikleri, Mersin Akdeniz Ziraat Odas\u0131 ve Ulusal Turun\u00e7gil Konseyi i\u015fbirli\u011fiyle d\u00fczenlenen etkinli\u011fin a\u00e7\u0131l\u0131\u015f\u0131, Toroslar \u0130l\u00e7esi G\u00fczelyayla Mahallesi&#8217;nde yap\u0131ld\u0131.<\/p>\n<p>&#8220;Topra\u011f\u0131n Verimlili\u011fi Daha Da Artacak&#8221;<\/p>\n<p>Musal\u0131, De\u011firmendere, Sadiye, \u00c7a\u011flarca (Suntras) Mahalleleri&#8217;nde de devam edecek olan \u00e7al\u0131\u015fmalar ile \u00e7ift\u00e7ilerin do\u011fan\u0131n dengesine ve insan sa\u011fl\u0131\u011f\u0131na zararl\u0131 etkileri bulunmayan \u00fcretim teknikleri konusunda bilgilendirilmesi, topra\u011f\u0131n verimlili\u011finin art\u0131r\u0131lmas\u0131 ve s\u00fcrd\u00fcr\u00fclebilirli\u011finin sa\u011flanmas\u0131na katk\u0131da bulunulmas\u0131 hedefleniyor.<\/p>\n<p>\u00c7evik Belediyecilik ve S\u0131f\u0131r At\u0131k anlay\u0131\u015f\u0131yla \u00e7al\u0131\u015fmalar\u0131n\u0131 s\u00fcrd\u00fcren Toroslar Belediyesi de etkinlik kapsam\u0131nda zirai ambalaj at\u0131klar\u0131n\u0131n tar\u0131m b\u00f6lgelerinden toplanarak bertarafa g\u00f6nderilmesini veya de\u011ferlendirilerek ekonomiye katk\u0131 sa\u011flamas\u0131n\u0131 ama\u00e7l\u0131yor.<\/p>\n<p>Sayg\u0131 duru\u015fu ve \u0130stiklal Mar\u015f\u0131&#8217;n\u0131n okunmas\u0131n\u0131n ard\u0131ndan ba\u015flayan etkinli\u011fin a\u00e7\u0131l\u0131\u015f konu\u015fmas\u0131n\u0131 MTSO Ba\u015fkan\u0131 Ayhan K\u0131z\u0131ltan yapt\u0131. K\u0131z\u0131ltan, tar\u0131m\u0131n s\u00fcrd\u00fcr\u00fclebilirli\u011finin \u00f6nemli oldu\u011funu belirterek, bu etkinli\u011fi bir\u00e7ok kurumun bir araya gelmesiyle ger\u00e7ekle\u015ftirdiklerini s\u00f6yledi. K\u0131z\u0131ltan; &#8220;\u00d6zellikle pandemi s\u00fcrecinde tar\u0131m\u0131n s\u00fcrmesi i\u00e7in gerekli b\u00fct\u00fcn tedbirleri ald\u0131k. \u00c7ok \u00e7al\u0131\u015fan, \u00fcreten, hem T\u00fcrkiye&#8217;yi ve d\u00fcnyay\u0131 besleyen \u00e7ift\u00e7ilerimizle gurur duyuyoruz&#8221; dedi.<\/p>\n<p>Daha sonra s\u00f6z alan Tar\u0131m ve Orman \u0130l M\u00fcd\u00fcr\u00fc Arif Abal\u0131 da Mersin&#8217;in tar\u0131m ve hayvanc\u0131l\u0131\u011f\u0131n yo\u011fun yap\u0131ld\u0131\u011f\u0131 bir kent oldu\u011funa dikkat \u00e7ekerek; &#8220;\u0130limizde bir\u00e7ok \u00e7ift\u00e7imize ciddi destekler sa\u011flamakta ve bu anlamda projeler \u00fcretmekteyiz. Mersin Ticaret ve Sanayi Odam\u0131z\u0131n ba\u015fkanl\u0131\u011f\u0131nda, kentimizdeki kamu kurumlar\u0131 ve sivil toplum \u00f6rg\u00fctlerinin i\u015fbirli\u011fiyle d\u00fczenlenen bu etkinlik, birlikten g\u00fc\u00e7 do\u011far mant\u0131\u011f\u0131n\u0131n en g\u00fczel \u00f6rne\u011fidir. Bu kapsamda \u00e7ift\u00e7ilerimize e\u011fitimler verilecektir&#8221; ifadelerini kulland\u0131.<\/p>\n<p>Ba\u015fkan Y\u0131lmaz: &#8220;Topra\u011f\u0131m\u0131z\u0131, Suyumuzu Koruyaca\u011f\u0131z&#8221;<\/p>\n<p>Toroslar Belediye Ba\u015fkan\u0131 Ats\u0131z Af\u015f\u0131n Y\u0131lmaz ise etkinli\u011fe katk\u0131 sunmaktan dolay\u0131 mutluluk duyduklar\u0131n\u0131 belirterek; &#8220;Bu projenin iki a\u00e7\u0131dan \u00f6nemi var. Birincisi, proje ile topra\u011f\u0131m\u0131z\u0131, suyumuzu koruyaca\u011f\u0131z ve temiz tutaca\u011f\u0131z. \u0130kincisi ise projenin \u00e7ok farkl\u0131 kurum ve kurulu\u015flar\u0131n i\u015f birli\u011finde yap\u0131lmas\u0131d\u0131r&#8221; dedi.<\/p>\n<p>&#8220;Bizim k\u00f6yl\u00fcm\u00fcz, zaten topra\u011f\u0131n\u0131n, suyunun k\u0131ymetini bilir. \u0130\u015fte bu proje de bu anlamda \u00e7ok k\u0131ymetli&#8221; diyen Ba\u015fkan Y\u0131lmaz; &#8220;Gelecekte burada \u00fcretilen \u00fcr\u00fcnler daha da k\u0131ymetli hale gelecek. Suyumuzla, topra\u011f\u0131m\u0131zla \u00fcretti\u011fimiz \u00fcr\u00fcnlerin stratejik \u00fcr\u00fcn stat\u00fcs\u00fc \u00f6nemi de var. Bununla ilgili ba\u015fka projelerimize de devam ediyoruz&#8221; diye konu\u015ftu.<\/p>\n<p>&#8220;Gelecek Daha G\u00fczel Olacak&#8221;<\/p>\n<p>Konu\u015fmas\u0131nda birlik ve beraberli\u011fe de vurgu yapan Ba\u015fkan Y\u0131lmaz; &#8220;Hepimiz, \u00fclkemizin, milletimizin g\u00fc\u00e7l\u00fc olmas\u0131n\u0131, \u00e7ocuklar\u0131m\u0131z\u0131n daha g\u00fczel bir T\u00fcrkiye&#8217;de, daha refah i\u00e7inde ya\u015famas\u0131n\u0131 istiyoruz. Bunun i\u00e7in de bir ve beraber olmak zorunday\u0131z. Gururla s\u00f6yl\u00fcyorum ki buras\u0131 Toroslar. Buras\u0131 Ulu \u00d6nderimiz Gazi Mustafa Kemal Atat\u00fcrk&#8217;\u00fcn; &#8220;Toroslar&#8217;da bir tek \u00e7ad\u0131rda duman t\u00fct\u00fcyorsa \u00fcmidinizi kaybetmeyin&#8221; dedi\u011fi yer. Bizler,  zor ve s\u0131k\u0131nt\u0131l\u0131 zamanlarda ne yapmas\u0131 gerekti\u011fini biliriz  ve yapm\u0131\u015f\u0131zd\u0131r. \u00d6nemli olan birlik, beraberlik i\u00e7inde daha \u00e7ok \u00fcretmek, \u00e7ift\u00e7imizin daha y\u00fcksek karla \u00fcr\u00fcnlerini satmas\u0131 ve kendimizi daha \u00e7ok geli\u015ftirmektir. Bu proje de bunu sa\u011fl\u0131yor. Bu a\u00e7\u0131dan da \u00e7ok \u00f6nemsiyorum. Projede eme\u011fi ge\u00e7en herkese ayr\u0131 ayr\u0131 te\u015fekk\u00fcr ediyorum&#8221; \u015feklinde konu\u015ftu.<\/p>\n<p>Konu\u015fmalar\u0131n ard\u0131ndan Mersin \u0130l Tar\u0131m ve Orman M\u00fcd\u00fcrl\u00fc\u011f\u00fc&#8217;nde g\u00f6revli Ziraat Y\u00fcksek M\u00fchendisi Kubilay Derin, kat\u0131l\u0131mc\u0131lara Mersin&#8217;in zirai m\u00fccadele \u00e7al\u0131\u015fmalar\u0131 ilgili bir sunum yapt\u0131.<\/p>\n","protected":false},"excerpt":{"rendered":"<p>Toroslar Belediye Ba\u015fkan\u0131 Ats\u0131z Af\u015f\u0131n Y\u0131lmaz, \u00e7ift\u00e7ilerin \u00fcretimlerini art\u0131rmalar\u0131 ve daha kaliteli hale getirmeleri i\u00e7in s\u00fcrd\u00fcr\u00fclebilir tar\u0131ma \u00f6nem verdiklerini ve bu konuda projeler \u00fcrettiklerini s\u00f6yledi. Ba\u015fkan Y\u0131lmaz, 5 Haziran D\u00fcnya &hellip; <a href=\"https:\/\/akdenizolaygazetesi.com\/?p=12757\" class=\"more-link\">Devam\u0131n\u0131 Oku&#8230;<\/a><\/p>\n","protected":false},"author":2,"featured_media":12758,"comment_status":"open","ping_status":"open","sticky":false,"template":"","format":"standard","meta":[],"categories":[8,2,3,5],"tags":[],"_links":{"self":[{"href":"https:\/\/akdenizolaygazetesi.com\/index.php?rest_route=\/wp\/v2\/posts\/12757"}],"collection":[{"href":"https:\/\/akdenizolaygazetesi.com\/index.php?rest_route=\/wp\/v2\/posts"}],"about":[{"href":"https:\/\/akdenizolaygazetesi.com\/index.php?rest_route=\/wp\/v2\/types\/post"}],"author":[{"embeddable":true,"href":"https:\/\/akdenizolaygazetesi.com\/index.php?rest_route=\/wp\/v2\/users\/2"}],"replies":[{"embeddable":true,"href":"https:\/\/akdenizolaygazetesi.com\/index.php?rest_route=%2Fwp%2Fv2%2Fcomments&post=12757"}],"version-history":[{"count":2,"href":"https:\/\/akdenizolaygazetesi.com\/index.php?rest_route=\/wp\/v2\/posts\/12757\/revisions"}],"predecessor-version":[{"id":12760,"href":"https:\/\/akdenizolaygazetesi.com\/index.php?rest_route=\/wp\/v2\/posts\/12757\/revisions\/12760"}],"wp:featuredmedia":[{"embeddable":true,"href":"https:\/\/akdenizolaygazetesi.com\/index.php?rest_route=\/wp\/v2\/media\/12758"}],"wp:attachment":[{"href":"https:\/\/akdenizolaygazetesi.com\/index.php?rest_route=%2Fwp%2Fv2%2Fmedia&parent=12757"}],"wp:term":[{"taxonomy":"category","embeddable":true,"href":"https:\/\/akdenizolaygazetesi.com\/index.php?rest_route=%2Fwp%2Fv2%2Fcategories&post=12757"},{"taxonomy":"post_tag","embeddable":true,"href":"https:\/\/akdenizolaygazetesi.com\/index.php?rest_route=%2Fwp%2Fv2%2Ftags&post=12757"}],"curies":[{"name":"wp","href":"https:\/\/api.w.org\/{rel}","templated":true}]}}