{"id":12761,"date":"2021-06-08T12:17:39","date_gmt":"2021-06-08T09:17:39","guid":{"rendered":"http:\/\/akdenizolaygazetesi.com\/?p=12761"},"modified":"2021-06-08T12:17:39","modified_gmt":"2021-06-08T09:17:39","slug":"toroslarin-zirvesinde-yasayan-640-cocuk-denizle-bulusuyor","status":"publish","type":"post","link":"https:\/\/akdenizolaygazetesi.com\/?p=12761","title":{"rendered":"TOROSLARIN Z\u0130RVES\u0130NDE YA\u015eAYAN 640 \u00c7OCUK DEN\u0130ZLE BULU\u015eUYOR"},"content":{"rendered":"<p>Mersin Gen\u00e7lik ve Spor \u0130l M\u00fcd\u00fcrl\u00fc\u011f\u00fc ve Toroslar Belediyesi i\u015fbirli\u011fi ile \u201cToroslar \u0130lerle Gen\u00e7lik Seninle\u201d Projesi kapsam\u0131nda Mersin Merkez Toroslar il\u00e7esine ba\u011fl\u0131 k\u0131rsal mahallelerde ya\u015fayan 640 \u00e7ocuk denizle bulu\u015fturuluyor.<\/p>\n<p>Gen\u00e7lik ve Spor \u0130l M\u00fcd\u00fcrl\u00fc\u011f\u00fcne ba\u011fl\u0131 Silifke Kap\u0131zl\u0131 Maliye Gen\u00e7lik Kamp\u0131nda 07-18 Haziran 2021 tarihleri aras\u0131nda 12-16 ya\u015f grubu gen\u00e7lerin e\u011fitim, sosyal, k\u00fclt\u00fcrel ve sportif anlamda kendilerini geli\u015ftirmeleri, kendilerini ifade edebilme ad\u0131na, \u201cToroslar \u0130lerle Gen\u00e7lik Seninle\u201d Projesi kapsam\u0131nda d\u00f6rt d\u00f6nem olmak \u00fczere 320 erkek, 320 k\u0131z toplam 640 gen\u00e7 denizle bulu\u015fturulacak.<\/p>\n<p>Toroslar il\u00e7e s\u0131n\u0131rlar\u0131 i\u00e7erisinde ya\u015fayan ba\u015far\u0131l\u0131, ancak ailesinin maddi durumu tatil yapmaya elveri\u015fli olmayan 12-16 ya\u015f grubu gen\u00e7leri, \u00fccretsiz yaz kamp\u0131 ile \u00f6d\u00fcllendirmek, ileti\u015fimini g\u00fc\u00e7lendirmek, do\u011fa ortam\u0131nda rekreatif etkinliklerle yar\u0131\u015fma olgusunu da i\u015fe katarak tak\u0131m ruhunu kazand\u0131rmak, sosyal ya\u015fam, payla\u015f\u0131m, karde\u015flik ve yard\u0131mla\u015fma olgusunu geli\u015ftirerek \u00e7ocuklar\u0131n ki\u015fisel geli\u015fimlerine katk\u0131 sa\u011flamak ve \u00e7ocuklar\u0131n kendisi, ailesi ve \u00fclkesi i\u00e7in yararl\u0131 bireylerin ortaya \u00e7\u0131kmas\u0131na katk\u0131da bulunulmas\u0131 amac\u0131 ile ger\u00e7ekle\u015ftirilen gen\u00e7lik kamp\u0131 a\u00e7\u0131l\u0131\u015f t\u00f6reniyle ba\u015flad\u0131.<\/p>\n<p>\u201cToroslar \u0130lerle Gen\u00e7lik Seninle\u201d Projesi kapsam\u0131nda ger\u00e7ekle\u015ftirilen Gen\u00e7lik kamp\u0131n\u0131n a\u00e7\u0131l\u0131\u015f t\u00f6reni Silifke Kap\u0131zl\u0131 Maliye Gen\u00e7lik Kamp\u0131nda Mersin Gen\u00e7lik ve Spor \u0130l M\u00fcd\u00fcr\u00fc \u00d6kke\u015f Demir, Toroslar Belediye Ba\u015fkan\u0131 Ats\u0131z Af\u015f\u0131n Y\u0131lmaz ve 12-16 ya\u015f grubu 160 erkek kamp\u00e7\u0131 gencin kat\u0131l\u0131m\u0131 ile yap\u0131ld\u0131.<\/p>\n<p>A\u00e7\u0131l\u0131\u015f program\u0131 sayg\u0131 duru\u015fu ve \u0130stiklal Mar\u015f\u0131\u2019n\u0131n okunmas\u0131n\u0131n ard\u0131ndan bir konu\u015fma yapan Gen\u00e7lik ve Spor \u0130l M\u00fcd\u00fcr\u00fc \u00d6kke\u015f Demir, \u201cSevgili gen\u00e7ler \u00f6ncelikle sizleri gen\u00e7lik kamplar\u0131m\u0131zda a\u011f\u0131rlamaktan dolay\u0131 b\u00fcy\u00fck onur duydu\u011fumuzu belirtmek isterim. Ayr\u0131ca Gen\u00e7lik ve Spor Bakan\u0131m\u0131z Say\u0131n Mehmet Muharrem Kasapo\u011flu\u2019nun sizlere ayr\u0131 ayr\u0131 selamlar\u0131n\u0131 iletmek istiyorum. Gen\u00e7lik ve Spor Bakanl\u0131\u011f\u0131m\u0131za ait siz de\u011ferli gen\u00e7lerimizin hizmetinde olan gen\u00e7lik kamplar\u0131m\u0131zla ilgili bilgi vermek istiyorum. Silifke il\u00e7esi Kap\u0131zl\u0131 Mahallesinde Bakanl\u0131\u011f\u0131m\u0131za ait \u015fuan i\u00e7inde bulundu\u011funuz kampla birlikte siz gen\u00e7lerin faydalanabilece\u011fi toplam 6 tane gen\u00e7lik kamp\u0131m\u0131z var. Her y\u0131l \u00f6zellikle yaz d\u00f6neminde T\u00fcrkiye\u2019nin 80 \u0130linden sizin gibi gen\u00e7ler, Bakanl\u0131\u011f\u0131m\u0131z\u0131n internet sitesi \u00fczerinden do\u011fa ve deniz kamplar\u0131 i\u00e7in online ba\u015fvuru yap\u0131yorlar. \u015euan sizler \u0130l m\u00fcd\u00fcrl\u00fc\u011f\u00fcm\u00fcz ve Toroslar Belediyesinin ortak projesi ile bizlerin misafirleriniz. Sizden sonra da T\u00fcrkiye\u2019nin d\u00f6rt bir yan\u0131ndan bakanl\u0131\u011f\u0131m\u0131za ba\u015fvuru yapan ve kampa kat\u0131lmaya hak kazanan gen\u00e7lerimizi misafir edece\u011fiz. Onlarda sizler gibi bu kamplar\u0131m\u0131zda hem e\u011fitim, k\u00fclt\u00fcr sanat ve spor faaliyetleri icra edecekler hem de bol bol e\u011flenecekler. Bu tesisimiz devletimizin siz de\u011ferli gen\u00e7lere sunmu\u015f oldu\u011fu g\u00fczide bir tesis. Sevgili gen\u00e7ler in\u015fallah yar\u0131n sizlerde b\u00fcy\u00fcy\u00fcp T\u00fcrkiye Cumhuriyeti devletinin kurumlar\u0131nda g\u00f6rev alacaks\u0131n\u0131z. \u0130n\u015fallah o d\u00f6nemlerde de bu kamplar\u0131m\u0131z\u0131 burada ya\u015fad\u0131\u011f\u0131n\u0131z g\u00fczel vakitleri, karde\u015flik iklimini, bizleri unutmaz ve hat\u0131rlars\u0131n\u0131z. Toroslar Belediye Ba\u015fkan\u0131 Say\u0131n Ats\u0131z Af\u015f\u0131n Y\u0131lmaz\u2019da aram\u0131zda, bizler yerel y\u00f6netimlerimizle birlikte haz\u0131rlad\u0131\u011f\u0131m\u0131z ortak projelerle bu kamplar\u0131 her y\u0131l geleneksel hale getirerek siz k\u0131ymetli gen\u00e7lerimizi kamplar\u0131m\u0131zda a\u011f\u0131rlamak istiyoruz. Sevgili gen\u00e7ler bundan sonra her y\u0131l sizlerle burada bulu\u015fal\u0131m. Hepinize tekrar \u00e7ok te\u015fekk\u00fcr ediyorum. Kamp\u0131m\u0131za ho\u015f geldiniz. \u0130yi e\u011flenceler diliyorum.\u201d \u0130fadelerini kulland\u0131.<\/p>\n<p>Toroslar Belediye Ba\u015fkan\u0131 Ats\u0131z Af\u015f\u0131n Y\u0131lmaz ise konu\u015fmas\u0131nda, \u201c K\u0131ymetli gen\u00e7ler Toroslar Belediyemiz ve Mersin Gen\u00e7lik ve Spor \u0130l M\u00fcd\u00fcrl\u00fc\u011f\u00fc ile sizlerin sosyal, k\u00fclt\u00fcrel ve sportif etkinliklerde bulunmas\u0131, kayna\u015fmas\u0131 ve sosyalle\u015fmesi i\u00e7in ortak d\u00fczenledi\u011fimiz gen\u00e7lik kamp\u0131m\u0131za ho\u015fgeldiniz. Sizler bizim \u00e7ocuklar\u0131m\u0131zs\u0131n\u0131z, bizlerin gelece\u011fisiniz. Gelece\u011fe ili\u015fkin b\u00fct\u00fcn umudumuz sizlersiniz. Bug\u00fcn bu kampla tan\u0131\u015ft\u0131\u011f\u0131n\u0131z arkada\u015flar\u0131n\u0131zla y\u0131llar boyunca g\u00f6r\u00fc\u015feceksiniz \u00e7\u00fcnk\u00fc bu t\u00fcr etkinlikler insan\u0131n hayat\u0131 boyunca unutamayaca\u011f\u0131 etkinliklerdir. Sevgili gen\u00e7ler burada sizler i\u00e7in sundu\u011fumuz imk\u00e2nlar\u0131 en iyi \u015fekilde de\u011ferlendirmeye bak\u0131n ve kesinlikle \u00e7ekinmeyin. Burada yap\u0131lan sosyal, k\u00fclt\u00fcrel ve sportif etkinliklere mutlaka kat\u0131l\u0131n ve \u00f6\u011frenin. Bilmedi\u011finiz \u015feyleri \u00f6\u011frenmekten ka\u00e7may\u0131n \u00fczerine gidin, merak edin ve mutlaka yap\u0131n. \u0130nsan\u0131 geli\u015ftiren yeni \u015feyler \u00f6\u011freten en \u00f6nemli \u015fey merak etmektir. Merak edin bilmiyorsan\u0131z sorun ve \u00f6\u011frenin ki bu sayede daha giri\u015fken olabilesiniz. Mesela lang\u0131rt, masa tenisi, dart, mangala gibi bir \u00e7ok etkinlik yapacaks\u0131n\u0131z hayat\u0131n\u0131zda hi\u00e7 oynamam\u0131\u015f olabilirsiniz deneyin \u00e7ekinmeyin oynay\u0131n ve mutlaka yap\u0131n. Sevgili gen\u00e7ler sizleri seviyoruz ve sevmeye sizler i\u00e7in daha g\u00fczel \u015feyler yapmaya devam edece\u011fiz. Sizlerin huzurunda bizlerden desteklerini esirgemeyen sayg\u0131de\u011fer Mersin Gen\u00e7lik ve Spor \u0130l M\u00fcd\u00fcr\u00fc \u00d6kke\u015f Demir\u2019e, sizleri yeti\u015ftirip buralara g\u00f6nderen ailelerinize ve bu kamp\u0131n yap\u0131lmas\u0131nda eme\u011fi ge\u00e7en herkese ayr\u0131 ayr\u0131 te\u015fekk\u00fcr ediyor, iyi bir kamp d\u00f6nemi ge\u00e7irmenizi diliyorum.\u201d dedi.<\/p>\n<p>Yap\u0131lan konu\u015fmalar\u0131n ard\u0131ndan Gen\u00e7lik ve Spor \u0130l M\u00fcd\u00fcr\u00fc \u00d6kke\u015f Demir ve Toroslar Belediye Ba\u015fkan\u0131 Ats\u0131z Af\u015f\u0131n Y\u0131lmaz kampta bulunan gen\u00e7lerle birlikte lang\u0131rt ve masa tenisi oynad\u0131ktan sonra kamptan ayr\u0131ld\u0131lar.<\/p>\n<p> \u201cToroslar \u0130lerle Gen\u00e7lik Seninle\u201d Projesi kapsam\u0131nda ger\u00e7ekle\u015ftirilen Gen\u00e7lik kamp\u0131 d\u00f6rt d\u00f6nem halinde ger\u00e7ekle\u015ftirilecek olup, Birinci d\u00f6nem (Erkek) 07-09 Haziran, ikinci d\u00f6nem (Erkek) 10-12 Haziran, \u00fc\u00e7\u00fcnc\u00fc d\u00f6nem (K\u0131z) 13-15 Haziran ve d\u00f6rd\u00fcnc\u00fc d\u00f6nem (K\u0131z) 16-18 Haziran tarihleri aras\u0131nda yap\u0131lacak. Kamp d\u00f6nemi boyunca gen\u00e7lere y\u00f6nelik y\u00fczme, voleybol, futbol, masa tenisi, dart, lang\u0131rt, mangala, matrak oyunu, halk oyunlar\u0131, sokak oyunlar\u0131, el i\u015fi \u00e7al\u0131\u015fmalar\u0131, m\u00fczik, tiyatro, ki\u015fisel beceri sergileme (\u015eark\u0131, \u015fiir, herhangi bir enstr\u00fcman \u00e7alma) gibi sosyal, k\u00fclt\u00fcrel, sportif, ve sanatsal etkinlik alanlar\u0131nda deneyimli Gen\u00e7lik liderleri taraf\u0131ndan verilecek. <\/p>\n","protected":false},"excerpt":{"rendered":"<p>Mersin Gen\u00e7lik ve Spor \u0130l M\u00fcd\u00fcrl\u00fc\u011f\u00fc ve Toroslar Belediyesi i\u015fbirli\u011fi ile \u201cToroslar \u0130lerle Gen\u00e7lik Seninle\u201d Projesi kapsam\u0131nda Mersin Merkez Toroslar il\u00e7esine ba\u011fl\u0131 k\u0131rsal mahallelerde ya\u015fayan 640 \u00e7ocuk denizle bulu\u015fturuluyor. Gen\u00e7lik &hellip; <a href=\"https:\/\/akdenizolaygazetesi.com\/?p=12761\" class=\"more-link\">Devam\u0131n\u0131 Oku&#8230;<\/a><\/p>\n","protected":false},"author":2,"featured_media":12762,"comment_status":"open","ping_status":"open","sticky":false,"template":"","format":"standard","meta":[],"categories":[3,10],"tags":[],"_links":{"self":[{"href":"https:\/\/akdenizolaygazetesi.com\/index.php?rest_route=\/wp\/v2\/posts\/12761"}],"collection":[{"href":"https:\/\/akdenizolaygazetesi.com\/index.php?rest_route=\/wp\/v2\/posts"}],"about":[{"href":"https:\/\/akdenizolaygazetesi.com\/index.php?rest_route=\/wp\/v2\/types\/post"}],"author":[{"embeddable":true,"href":"https:\/\/akdenizolaygazetesi.com\/index.php?rest_route=\/wp\/v2\/users\/2"}],"replies":[{"embeddable":true,"href":"https:\/\/akdenizolaygazetesi.com\/index.php?rest_route=%2Fwp%2Fv2%2Fcomments&post=12761"}],"version-history":[{"count":1,"href":"https:\/\/akdenizolaygazetesi.com\/index.php?rest_route=\/wp\/v2\/posts\/12761\/revisions"}],"predecessor-version":[{"id":12763,"href":"https:\/\/akdenizolaygazetesi.com\/index.php?rest_route=\/wp\/v2\/posts\/12761\/revisions\/12763"}],"wp:featuredmedia":[{"embeddable":true,"href":"https:\/\/akdenizolaygazetesi.com\/index.php?rest_route=\/wp\/v2\/media\/12762"}],"wp:attachment":[{"href":"https:\/\/akdenizolaygazetesi.com\/index.php?rest_route=%2Fwp%2Fv2%2Fmedia&parent=12761"}],"wp:term":[{"taxonomy":"category","embeddable":true,"href":"https:\/\/akdenizolaygazetesi.com\/index.php?rest_route=%2Fwp%2Fv2%2Fcategories&post=12761"},{"taxonomy":"post_tag","embeddable":true,"href":"https:\/\/akdenizolaygazetesi.com\/index.php?rest_route=%2Fwp%2Fv2%2Ftags&post=12761"}],"curies":[{"name":"wp","href":"https:\/\/api.w.org\/{rel}","templated":true}]}}