{"id":12764,"date":"2021-06-08T12:19:47","date_gmt":"2021-06-08T09:19:47","guid":{"rendered":"http:\/\/akdenizolaygazetesi.com\/?p=12764"},"modified":"2021-06-08T12:19:47","modified_gmt":"2021-06-08T09:19:47","slug":"baskan-secer-belediyecilik-basta-insani-ve-cevreyi-korumaktir","status":"publish","type":"post","link":"https:\/\/akdenizolaygazetesi.com\/?p=12764","title":{"rendered":"BA\u015eKAN SE\u00c7ER: \u201cBELED\u0130YEC\u0130L\u0130K BA\u015eTA \u0130NSANI VE \u00c7EVREY\u0130 KORUMAKTIR\u201d"},"content":{"rendered":"<p>Mersin B\u00fcy\u00fck\u015fehir Belediyesi \u00c7evre Koruma ve Kontrol Dairesi taraf\u0131ndan 5-11 Haziran D\u00fcnya \u00c7evre G\u00fcn\u00fc ve \u00c7evre Haftas\u0131 etkinlikleri kapsam\u0131nda \u00e7evreye ve do\u011faya sayg\u0131n\u0131n art\u0131r\u0131lmas\u0131 amac\u0131yla d\u00fczenlenen fark\u0131ndal\u0131k etkinlikleri devam ediyor. \u2018\u00c7evre Karikat\u00fcrleri Sergisi\u2019 ile ba\u015flayan etkinlik program\u0131, \u2018Sera Gaz\u0131 Emisyon Envanteri Raporu Kapan\u0131\u015f Toplant\u0131s\u0131\u2019 ve \u2018Circular II. Ulusal \u00c7evre ve Sanat Sergisi\u2019 a\u00e7\u0131l\u0131\u015f\u0131 ile devam etti.<\/p>\n<p>\u2018Mersin \u0130li Sera Gaz\u0131 Emisyon Envanteri Raporu\u2019 a\u00e7\u0131kland\u0131<\/p>\n<p>Kongre ve Sergi Saray\u0131\u2019ndaki etkinliklere Mersin B\u00fcy\u00fck\u015fehir Belediye Ba\u015fkan\u0131 Vahap Se\u00e7er, e\u015fi Meral Se\u00e7er ile birlikte kat\u0131ld\u0131. Mersin B\u00fcy\u00fck\u015fehir Belediyesi \u00c7evre Koruma ve Kontrol Dairesi koordinesinde 6 ayl\u0131k bir s\u00fcrede haz\u0131rlanan Mersin \u0130li Sera Gaz\u0131 Emisyon Envanteri Raporu kamuoyuyla payla\u015f\u0131ld\u0131. B\u00fcy\u00fck\u015fehir Belediyesi \u00c7evre Koruma ve Kontrol Dairesi Ba\u015fkan\u0131 Dr. B\u00fclent Halisdemir\u2019in a\u00e7\u0131l\u0131\u015f konu\u015fmas\u0131 ile ba\u015flayan toplant\u0131da Ba\u015fkan Se\u00e7er, haz\u0131rlanan rapor hakk\u0131nda bir de\u011ferlendirme yapt\u0131. Dr. \u00d6zge Y\u0131lmaz\u2019\u0131n sunumunu yapt\u0131\u011f\u0131 \u201cMersin \u0130li Sera Gaz\u0131 Emisyon Envanteri Raporu\u2019nun ard\u0131ndan online olarak toplant\u0131ya kat\u0131lan Prof. Dr. Zeynep Zaimo\u011flu, \u2018\u0130klim De\u011fi\u015fikli\u011fi, Tar\u0131m ve Kad\u0131n Kooperatifleri\u2019, Dr. Nuran Talu ise \u2018\u0130klim De\u011fi\u015fikli\u011fi ile M\u00fccadelede Yerel Y\u00f6netimlerin Rol\u00fc\u2019 ba\u015fl\u0131kl\u0131 konu\u015fma yapt\u0131.<\/p>\n<p>\u201cKarbondioksit, metan gibi gazlar\u0131n miktar\u0131n\u0131 azaltmak gerekiyor\u201d<\/p>\n<p>Ba\u015fkan Se\u00e7er, sera gaz\u0131 miktar\u0131ndaki art\u0131\u015f\u0131n y\u00fczy\u0131l\u0131n ve belki de gelecek 50 y\u0131l\u0131n en b\u00fcy\u00fck sorunu olabilecek iklim de\u011fi\u015fikli\u011fine sebep oldu\u011funu belirterek, bu konuyla ilgili kentte nas\u0131l \u00f6nlemler al\u0131nabilece\u011fine dair \u00c7evre Koruma ve Kontrol Dairesi ile birlikte \u00e7al\u0131\u015fmalar y\u00fcr\u00fctt\u00fcklerini kaydetti. Akdeniz\u2019deki 2 santigrat derece art\u0131\u015f\u0131n\u0131n olumsuz sonu\u00e7lar do\u011furdu\u011funu vurgulayan Se\u00e7er, konu\u015fmas\u0131na \u015f\u00f6yle devam etti: <\/p>\n<p>\u201c\u015eiddetli ya\u011f\u0131\u015flar, sellerin artmas\u0131, s\u0131cak hava dalgalar\u0131, orman yang\u0131nlar\u0131n\u0131n hem say\u0131s\u0131n\u0131n hem etkisinin artmas\u0131\u2026 Tar\u0131msal \u00fcretim merkezi biliyorsunuz Mersin, 400 bin hektara yak\u0131n tar\u0131m alan\u0131m\u0131z var. Burada \u00f6nemli verim kay\u0131plar\u0131 oluyor ki bu \u00fcr\u00fcnler de katma de\u011feri y\u00fcksek \u00fcr\u00fcnler. Yani Anamur\u2019un muzu, Mut\u2019un kay\u0131s\u0131s\u0131, Tarsus\u2019un \u00fcz\u00fcm\u00fc, Silifke\u2019nin \u00e7ile\u011fi bakt\u0131\u011f\u0131n\u0131z zaman katma de\u011feri y\u00fcksek \u00fcr\u00fcnler ve bunlarda da \u00f6nemli \u00fcretim kay\u0131plar\u0131 oluyor. \u00dcretim kayb\u0131 demek bir anlamda para kayb\u0131 demek, para kayb\u0131 demek ekonomimizdeki k\u00fc\u00e7\u00fclme, daralma demek. Dolay\u0131s\u0131yla sadece Mersin\u2019de ya da \u00fclkemizde de\u011fil b\u00fct\u00fcn d\u00fcnyada buna dur diyebilmemiz i\u00e7in insan eliyle karbondioksit, metan gibi gazlar\u0131n miktar\u0131n\u0131 azaltmak, ona g\u00f6re \u00fcretimler planlamak, ona g\u00f6re kentler planlamak, ona g\u00f6re makinalar yaratmak ve bu miktar\u0131 azaltmak gerekiyor.\u201d<\/p>\n<p>G\u00f6reve geldi\u011finde ilk i\u015f olarak \u0130klim De\u011fi\u015fikli\u011fi ve Temiz Enerji M\u00fcd\u00fcrl\u00fc\u011f\u00fc\u2019n\u00fc kurduklar\u0131n\u0131 vurgulayan Se\u00e7er, daha \u00f6ncesinde bir \u015feflik b\u00fcnyesinde y\u00fcr\u00fct\u00fclen \u00e7al\u0131\u015fmalar\u0131 M\u00fcd\u00fcrl\u00fck ile daha kapsaml\u0131 hale getirdiklerini s\u00f6yledi. Se\u00e7er, \u201cBiz iklim de\u011fi\u015fikli\u011finin ne netameli bir alan oldu\u011funu g\u00f6rd\u00fck ve bunu bir \u015fube m\u00fcd\u00fcrl\u00fc\u011f\u00fc olarak d\u00fczenledik, yani bu i\u015fi ciddiye ald\u0131\u011f\u0131m\u0131z\u0131 bir anlamda g\u00f6stermi\u015f olduk\u201d dedi.<\/p>\n<p>\u2018\u0130klim ve \u00c7evre Bilim Merkezi\u2019 i\u00e7in \u00e7al\u0131\u015fmalar s\u00fcr\u00fcyor<\/p>\n<p>\u2018\u0130klim ve \u00c7evre Bilim Merkezi\u2019ni kuracaklar\u0131 binay\u0131 Yeni\u015fehir Belediyesi\u2019nden sat\u0131n ald\u0131klar\u0131n\u0131 ifade eden Ba\u015fkan Se\u00e7er, bu konuda Kayseri, Konya, Eski\u015fehir gibi bir\u00e7ok ilin gezilerek deneyimlerinin g\u00f6zlemlendi\u011fini aktard\u0131. \u00c7al\u0131\u015fmay\u0131 \u00e7ok \u00f6nemsedi\u011fini dile getiren Ba\u015fkan Se\u00e7er, \u201c\u00c7ocuklar\u0131m\u0131z orada asl\u0131nda suyun, sera gaz\u0131n\u0131n, iklimin, iklim de\u011fi\u015fikli\u011finin, ya\u011fmurun, ye\u015filin, a\u011fac\u0131n, betonun, her \u015feyin ne gibi sonu\u00e7lar do\u011furaca\u011f\u0131n\u0131 g\u00f6recek. Belki de bug\u00fcn T\u00fcrkiye\u2019nin, d\u00fcnyan\u0131n ya\u015fad\u0131\u011f\u0131 felaketlerin temelinde toplumlar\u0131n e\u011fitimsizli\u011fi yat\u0131yor\u201d dedi. Su m\u00fczesi ile \u00e7ocuklar\u0131n \u00e7evre hassasiyeti konusunda bilgilendirilmesinin \u00f6nemli oldu\u011funu s\u00f6yleyen Ba\u015fkan Se\u00e7er, \u201cOrada da herhangi bir hibe beklentisi olmadan kendi b\u00fct\u00e7emizle kendi g\u00f6be\u011fimizi keserek yap\u0131yoruz. Hi\u00e7bir bahane arkas\u0131na s\u0131\u011f\u0131nmayaca\u011f\u0131m\u0131z\u0131 s\u00f6yledik. Bunlar\u0131n yap\u0131lmas\u0131 gerekiyor\u201d diye konu\u015ftu.<\/p>\n<p>\u201c\u0130klim de\u011fi\u015fikli\u011fi ile m\u00fccadeleye verdi\u011fimiz \u00f6nemi d\u00fcnyaya tekrar etmi\u015f olduk\u201d<\/p>\n<p>B\u00fcy\u00fck\u015fehir Belediyesi b\u00fcnyesinde hizmet veren binalar\u0131n karbon ayak izini hesaplad\u0131klar\u0131n\u0131 ve raporlad\u0131klar\u0131n\u0131 da belirten Ba\u015fkan Se\u00e7er, \u201cKendi yerle\u015fkelerimizin karbon ayak izini hesaplad\u0131k ve raporlad\u0131k. Biz ne yap\u0131yoruz? Do\u011faya biz ne kadar zarar veriyoruz, bu zarar\u0131 ne kadar a\u015fa\u011f\u0131 indirebiliriz, hangi birimimizle? MESK\u0130\u2019de, Makine \u0130kmal\u2019de ya da ar\u0131tma tesislerimizde neler oluyor? Bunlarla ilgili \u00e7al\u0131\u015fmalar\u0131m\u0131z\u0131 raporlad\u0131k. \u2018D\u00fcnya Belediye Ba\u015fkanlar\u0131 K\u00fcresel \u0130klim ve Enerji S\u00f6zle\u015fmesi\u2019ne imza atarak iklim de\u011fi\u015fikli\u011fine kar\u015f\u0131 \u015fehrimizde iklim de\u011fi\u015fikli\u011fine neden olan olumsuzluklar\u0131 azaltmak ve uyum sa\u011flamak i\u00e7in de \u00e7al\u0131\u015fmalar\u0131m\u0131z\u0131 ba\u015flatt\u0131k ve \u015fu anda da devam ediyor. Yine iklim de\u011fi\u015fikli\u011fi ile m\u00fccadele i\u00e7in \u2018Akdeniz Kentler Birli\u011fi ve S\u00fcrd\u00fcr\u00fclebilirlik i\u00e7in Yerel Y\u00f6netimler\u2019 gibi uluslararas\u0131 kurulu\u015flara \u00fcye olduk. \u0130klim de\u011fi\u015fikli\u011fi ile m\u00fccadeleye verdi\u011fimiz \u00f6nemi d\u00fcnyaya tekrar etmi\u015f olduk\u201d dedi.<\/p>\n<p>Ba\u015fkan Se\u00e7er, \u00e7evre dostu hizmet ve projelerini anlatt\u0131<\/p>\n<p>Yenilenebilir enerjilerin gereklilikten \u00f6te bir zorunluluk oldu\u011funu ifade eden Ba\u015fkan Se\u00e7er, MESK\u0130\u2019de bir AR-GE birimi olu\u015fturduklar\u0131n\u0131 ve bu alanda \u00f6nemli \u00e7al\u0131\u015fmalara imza att\u0131klar\u0131n\u0131 belirtti. Ba\u015fkan Se\u00e7er, Mersin\u2019de devreye ald\u0131klar\u0131 51 ak\u0131ll\u0131 durak ve merkez 4 il\u00e7edeki 70 adet ak\u0131ll\u0131 kav\u015fakla ilgili de detaylar\u0131 payla\u015farak, \u201cAk\u0131ll\u0131 kav\u015faklar enerji tasarrufu demek. G\u00fcnl\u00fck ortalama 6 ton yani 6 bin litre bu da yakla\u015f\u0131k 100 arac\u0131n deposu demektir; yak\u0131t tasarrufu ortaya \u00e7\u0131k\u0131yor. Bu \u00f6nemlidir, de\u011ferlidir. Ayn\u0131 zamanda bu ak\u0131ll\u0131 duraklar 7 tona yak\u0131n karbon sal\u0131n\u0131m\u0131n\u0131n azalmas\u0131n\u0131 sa\u011fl\u0131yor\u201d ifadelerine yer verdi.<\/p>\n<p>\u00c7evre dostu toplu ta\u015f\u0131ma modeline ge\u00e7tiklerini belirten Ba\u015fkan Se\u00e7er, B\u00fcy\u00fck\u015fehir b\u00fcnyesine kazand\u0131rd\u0131klar\u0131 Sar\u0131 Limonlar\u2019\u0131n 3. partisinin de geldi\u011fini ifade ederek, \u201c\u015eu anda garajda bekliyor, plakalar\u0131 tak\u0131l\u0131yor. \u0130\u015flemleri bitti. 10 yeni k\u00f6r\u00fckl\u00fc limonumuz da devreye giriyor\u201d dedi. Ba\u015fkan Se\u00e7er, \u00e7evre dostu yeni ara\u00e7 al\u0131m\u0131 i\u00e7in IBRD kredisinin onaylanmas\u0131n\u0131 beklediklerini de s\u00f6zlerine ekledi. \u00c7al\u0131\u015fmalar\u0131n\u0131 s\u00fcrd\u00fcrd\u00fckleri Rayl\u0131 Sistem\u2019in son durumu hakk\u0131nda da bilgi veren Se\u00e7er, \u00e7evre dostu modelleri tercih etmek zorunda olduklar\u0131n\u0131 s\u00f6yledi.<\/p>\n<p>\u201cDaha g\u00fczel bir \u00e7evre i\u00e7in her noktay\u0131 ye\u015file b\u00fcr\u00fcnd\u00fcrece\u011fiz\u201d<\/p>\n<p>Ba\u015fkan Se\u00e7er, \u00e7al\u0131\u015fmas\u0131n\u0131 y\u00fcr\u00fctt\u00fckleri Peyzaj Master Plan\u0131 hakk\u0131nda da kat\u0131l\u0131mc\u0131lara \u015fu bilgileri verdi:<\/p>\n<p>\u201cMersin\u2019de olmam\u0131\u015f bir \u015fey. Ye\u015fil, park, a\u011fa\u00e7, bitki \u00f6nemli ama nerede ne var kimse bilmiyor. Bir envanter, plan, program yok. Bu \u00e7al\u0131\u015fmalar\u0131 da yap\u0131yorlar. Bir yandan bitki envanteri \u00e7\u0131k\u0131yor, bir yandan Peyzaj Master Plan\u0131 yap\u0131l\u0131yor. Bitmek \u00fczere. \u00dcniversiteyle, uzmanlarla i\u015f birli\u011fimiz var. Daha sonra bu Master Plan \u00e7er\u00e7evesinde de uygulama planlar\u0131 devreye al\u0131nacak. Ge\u00e7ti\u011fimiz aylarda bizatihi ben bir kampanya ba\u015flatt\u0131m. 700 bin adet fide-fidan dikece\u011fiz dedik ve bunu ger\u00e7ekle\u015ftiriyoruz. Mersin\u2019de m\u00fcmk\u00fcn olan her alana bizim a\u011fa\u00e7 dikmemiz laz\u0131m. Mersin ye\u015fil bir kent, g\u00fczel ama \u00e7ok daha ye\u015fil olabilir. Yeterli de\u011fil. \u00c7ok iyi, m\u00fckemmel diyemeyiz ama neden m\u00fckemmel olmas\u0131n? Bu bilince sahipsek bu imkan\u0131 da yaratmak zorunday\u0131z ki imkanl\u0131 da bir kentiz. Daha g\u00fczel bir \u00e7evre i\u00e7in her noktay\u0131 ye\u015file b\u00fcr\u00fcnd\u00fcrece\u011fiz.\u201d<\/p>\n<p>\u201cBelediyecilik ba\u015fta insan\u0131, \u00e7evreyi ve canl\u0131 varl\u0131\u011f\u0131 korumak\u201d<\/p>\n<p>\u00c7evre a\u00e7\u0131s\u0131ndan en \u00f6nemli sorunlardan biri olan evsel kat\u0131 at\u0131klar\u0131n vah\u015fi bir \u015fekilde do\u011fada depolanmas\u0131n\u0131 \u00f6nlemek i\u00e7in Kat\u0131 At\u0131k Aktarma \u0130stasyonlar\u0131 kurduklar\u0131n\u0131 ifade eden Ba\u015fkan Se\u00e7er, \u201cBelediyecilik beton, belediyecilik asfalt, belediyecilik kald\u0131r\u0131m de\u011fil. Belediyecilik ba\u015fta insan\u0131, \u00e7evreyi ve canl\u0131 varl\u0131\u011f\u0131 korumak. Biz bu anlay\u0131\u015fla \u00e7al\u0131\u015f\u0131yoruz. Biz \u015fu anda \u00e7evre dostu d\u00fczenli kat\u0131 at\u0131k depolar\u0131ndan \u00e7\u0131kan gazla elektrik \u00fcretiyoruz. Biz oradan \u00fcretti\u011fimiz elektrikle 90 bin konutun ayd\u0131nlanmas\u0131na e\u015f de\u011fer bir elektrik \u00fcretimi ger\u00e7ekle\u015ftiriyoruz\u201d dedi.<\/p>\n<p>Bozyaz\u0131\u2019da d\u00fczenli kat\u0131 at\u0131k istasyonu kurma \u00e7al\u0131\u015fmalar\u0131n\u0131n s\u00fcrd\u00fc\u011f\u00fcn\u00fcn m\u00fcjdesini de veren Ba\u015fkan Se\u00e7er, daha \u00f6nceki d\u00f6nemde Bozyaz\u0131\u2019da bir tesisle\u015fme \u00e7al\u0131\u015fmas\u0131n\u0131n oldu\u011funu, bunun kesintiye u\u011frad\u0131\u011f\u0131n\u0131 ve baz\u0131 mahkeme s\u00fcre\u00e7lerinin ya\u015fand\u0131\u011f\u0131n\u0131 s\u00f6zlerine ekledi. Se\u00e7er, \u201cK\u0131sa s\u00fcrede orada bir d\u00fczenli kat\u0131 at\u0131k istasyonu \u00e7al\u0131\u015fmalar\u0131m\u0131z sonu\u00e7lanmak \u00fczere. \u0130lgili kurumlardan kredi g\u00f6r\u00fc\u015fmelerini de sa\u011flad\u0131k. \u00c7\u00fcnk\u00fc az bir rakam de\u011fil 25 milyon Avro. Bunu da \u00e7ok uzun vadeli, uygun \u015fartlarda temin ettik, \u0130ller Bankas\u0131 ile g\u00f6t\u00fcr\u00fcyoruz bu \u00e7al\u0131\u015fmalar\u0131. K\u0131sa s\u00fcre i\u00e7erisinde neticelenecek ve orada o tesisi ger\u00e7ekle\u015ftirece\u011fiz. Yine Ulusal \u0130klim Eylem Plan\u0131\u2019na uygun bir \u0130klim Eylem Plan\u0131 haz\u0131rlanmas\u0131 i\u00e7in \u00e7al\u0131\u015fmalar\u0131m\u0131z\u0131 ba\u015flatt\u0131k. Mersin \u0130klim De\u011fi\u015fikli\u011fi Uyum ve Azalt\u0131m Eylem Plan\u0131 i\u00e7in Avrupa Birli\u011fi Projesi haz\u0131rlayarak ba\u015fvurumuzu ger\u00e7ekle\u015ftirdik, sonucu bekliyoruz. Sonucu bekliyoruz derken bizim \u00e7al\u0131\u015fmalar\u0131m\u0131z devam ediyor. E\u011fer Avrupa Birli\u011fi\u2019ne mali destek konumuzdaki m\u00fcracaat\u0131m\u0131z olumsuz olursa biz zaten bunu \u00f6z kaynaklar\u0131m\u0131zla kar\u015f\u0131lama karar\u0131n\u0131 alm\u0131\u015f\u0131z\u201d dedi.<\/p>\n<p>Son g\u00fcnlerde Marmara Denizi\u2019nde g\u00f6r\u00fclen m\u00fcsilaj konusuna da de\u011finen Ba\u015fkan Se\u00e7er, Akdeniz\u2019i korumak i\u00e7in ellerinden geleni yapt\u0131klar\u0131n\u0131 vurgulad\u0131. Hatay, Adana ve Antalya ile protokol\u00fcn\u00fc imzalad\u0131klar\u0131 \u2018Temiz Akdeniz Projesi\u2019nin detaylar\u0131n\u0131 payla\u015fan Se\u00e7er, \u015funlar\u0131 s\u00f6yledi:<\/p>\n<p>\u201cSon g\u00fcnlerde Marmara Denizi\u2019nde ya\u015fanan m\u00fcsilaj meselesini g\u00f6r\u00fcyorsunuz. Deniz faunas\u0131n\u0131 yok etmi\u015f, ortadan kald\u0131rm\u0131\u015f floras\u0131, faunay\u0131 su kirlili\u011fi ya da deniz kirlili\u011fi peri\u015fan ediyor. Detayl\u0131 anlatmaya gerek yok her \u015fey o resimde g\u00f6r\u00fcl\u00fcyor. Sizlerin yorumuna b\u0131rak\u0131yoruz ama Akdeniz\u2019de de b\u00f6yle bir \u015fey ba\u015f\u0131m\u0131za gelsin istemiyoruz. Bunun \u00e7al\u0131\u015fmalar\u0131n\u0131 yap\u0131yoruz, \u00f6nemli ad\u0131mlar da att\u0131k bu konuda. Deniz kirlili\u011fi konusunda \u00e7ok hassas davran\u0131yoruz. Mersin, Akdeniz\u2019le bir b\u00fct\u00fcn. Akdeniz\u2019in incisi. Hatay, Adana, Mersin, Antalya biz d\u00f6rt belediye, Temiz Akdeniz Projesi protokol\u00fc imzalad\u0131k ODT\u00dc\u2019de bunun i\u00e7erisinde ve \u00e7al\u0131\u015fmalar\u0131 ba\u015flatt\u0131k. Ge\u00e7ti\u011fimiz aylarda Mu\u011fla\u2019da belediye ba\u015fkanlar\u0131m\u0131zla yapt\u0131\u011f\u0131m\u0131z toplant\u0131da Mu\u011fla Belediyesi de bize kat\u0131l\u0131m sa\u011flamak istedi. Daire Ba\u015fkanlar\u0131 d\u00fczeyinde g\u00f6r\u00fc\u015fmeler yap\u0131yorlar. O belediyemiz de buraya kat\u0131lacak. Denizlerimizi temiz tutma ad\u0131na ortak projeksiyonlar\u0131m\u0131z\u0131 beraberce y\u00fcr\u00fctece\u011fiz. Ger\u00e7ekle\u015ftirilecek Temiz Akdeniz \u0130\u00e7in Ekosistem Taban\u0131 \u0130zleme ve Y\u00f6netim Plan\u0131 Projesi kapsam\u0131nda; bu da \u00f6nemli bir proje. \u0130limizde d\u00fczenli deniz \u00f6rneklemeleri ve karasal girdi \u00e7al\u0131\u015fmalar\u0131 yaparak su kalitesi izleme alan\u0131 olu\u015fturup, b\u00f6lgeye \u00f6zg\u00fc ekosistem modeliyle y\u00f6netim planlar\u0131n\u0131n ger\u00e7ekle\u015ftirilmesinde kullan\u0131lacak veri setinin olu\u015fturulmas\u0131 ve bulgular do\u011frultusunda su kalitesi iyile\u015ftirme \u00e7al\u0131\u015fmalar\u0131n\u0131 ger\u00e7ekle\u015ftirece\u011fiz. Bu projeyi de \u00f6nemsiyoruz.\u201d<\/p>\n<p>\u201cEkiplerimiz 7\/24 g\u00f6z a\u00e7t\u0131rm\u0131yor\u201d<\/p>\n<p>Se\u00e7er, Mersin\u2019in liman kenti oldu\u011funu vurgulayarak, d\u00fcnyan\u0131n bir\u00e7ok yerinden gelen gemilerin sintinelerini olur olmaz yerlere b\u0131rakmalar\u0131n\u0131n bir \u00e7evre felaketi yaratt\u0131\u011f\u0131n\u0131 s\u00f6yledi. Yasalar \u00e7er\u00e7evesinde g\u00f6revlerini yapt\u0131klar\u0131n\u0131, Bakanl\u0131\u011f\u0131n \u00e7izdi\u011fi koordinatlar d\u0131\u015f\u0131na \u00e7\u0131kamad\u0131klar\u0131n\u0131 kaydeden Se\u00e7er, \u201cEkiplerimiz 7\/24 g\u00f6z a\u00e7t\u0131rm\u0131yor. Hatta \u015fu an d\u00fcnyada en maruf belediye Mersin B\u00fcy\u00fck\u015fehir Belediyesi. Y\u00f6netime geldi\u011fimiz g\u00fcnden bu yana 50 milyon TL ceza kestik ve Bakanl\u0131\u011fa m\u00fcracaat ettik. \u2018Tarsus\u2019tan Anamur\u2019a kadar bu b\u00f6lgenin sorumlulu\u011funu verin\u2019 dedik. Bu kent bizim. Ben bu kentin se\u00e7ilmi\u015f belediye ba\u015fkan\u0131y\u0131m. Verin biz kentimizi koruyal\u0131m. Bizim ise felsefemiz belli \u00e7evre kirlili\u011fi konusunda. Biz g\u00f6z a\u00e7t\u0131ramay\u0131z, biz m\u00fcsamaha g\u00f6steremeyiz. Ama, fakat, lakin diyemeyiz. Biz denizimizin temiz olmas\u0131n\u0131, \u00e7evremizin, sokaklar\u0131n temiz olmas\u0131n\u0131 istiyoruz\u201d dedi.<\/p>\n<p>Ak\u0131nt\u0131lar sebebiyle Mersin\u2019in deniz kirlili\u011fi konusunda dezavantajl\u0131 bir konumda yer ald\u0131\u011f\u0131n\u0131 belirten Se\u00e7er, \u201cAkdeniz \u00e7ana\u011f\u0131n\u0131n \u00f6nemli bir \u00f6zelli\u011fi var. Akdeniz \u00e7ana\u011f\u0131n\u0131 d\u00fc\u015f\u00fcn\u00fcn; Cebelitar\u0131k\u2019dan giriyorsunuz, Fas, Cezayir, M\u0131s\u0131r, L\u00fcbnan, \u0130srail, Suriye\u2026 \u0130skenderun K\u00f6rfezi ve Akdeniz, Mersin. Haritay\u0131 da inceledik Say\u0131n Ba\u015fkanla. Daha \u00e7ok M\u0131s\u0131r\u2019dan sonra b\u00f6yle bir renk yap\u0131yor deniz kirlili\u011fi, ak\u0131nt\u0131lar marifetiyle geliyor, g\u00fcney k\u0131y\u0131s\u0131 boyunca yal\u0131yor k\u0131y\u0131y\u0131. \u0130skenderun K\u00f6rfezi\u2019nden geliyor burada patl\u0131yor. Bu bizim i\u00e7in dezavantajl\u0131 bir durumdur. Biz tabi ki temizlikler yap\u0131yoruz fiber teknelerimiz var.  Burada zaten denetimlerimizi yap\u0131yoruz yine deniz s\u00fcp\u00fcrgelerimiz var. Zaman zaman k\u0131y\u0131larda dip temizli\u011fi yap\u0131yoruz\u201d ifadelerine yer verdi.<\/p>\n<p>\u201c\u00c7evre Haftas\u0131 da bunlar i\u00e7in, bir fark\u0131ndal\u0131k yaratmak i\u00e7in\u201d<\/p>\n<p>Yak\u0131n bir zamanda Silifke il\u00e7esinde bir koyda deniz y\u00fczeyinde y\u00fczen plastik par\u00e7alar g\u00f6rd\u00fc\u011f\u00fcn\u00fc ve b\u00fcy\u00fck \u00fcz\u00fcnt\u00fc duydu\u011funu ifade eden Se\u00e7er, bir etiket par\u00e7as\u0131n\u0131n deniz canl\u0131lar\u0131na, denizin floras\u0131na, do\u011faya ve dolay\u0131s\u0131yla insan ya\u015fam\u0131na b\u00fcy\u00fck etkilerini oldu\u011funu vurgulad\u0131. Se\u00e7er, s\u00f6zlerine \u015f\u00f6yle devam etti:<\/p>\n<p>\u201cCeza yazmak cayd\u0131r\u0131c\u0131 de\u011fil. Mutlaka bunu anlatmal\u0131y\u0131z, \u00e7ocuklar\u0131m\u0131zdan bunu ba\u015flatmal\u0131y\u0131z. \u0130\u015fte \u00c7evre Haftas\u0131 da bunlar i\u00e7in, bir fark\u0131ndal\u0131k yaratmak i\u00e7in. Raporla ilgili hocalar\u0131m\u0131z\u0131n sunumu olacak. De\u011ferli bir \u00e7al\u0131\u015fma yapm\u0131\u015flar. Her birine te\u015fekk\u00fcr ediyorum. Bug\u00fcn burada ilimizin Sera Gaz\u0131 Emisyon Envanteri Raporunu a\u00e7\u0131klayaca\u011f\u0131z. Bu \u00e7al\u0131\u015fma ile de Mersin\u2019e ait Sera Gaz\u0131 Emisyon miktar\u0131 saptanm\u0131\u015f oluyor ve iklim de\u011fi\u015fikli\u011finin kentimize olan etki d\u00fczeyini de belirlemi\u015f oluyoruz. Sera gaz\u0131 durumu nedir? Kentimize etkileri nedir? Bunlar\u0131 da tespit etmi\u015f ve kamuyla payla\u015fm\u0131\u015f olaca\u011f\u0131z. Daha g\u00fczel, daha ya\u015fanabilir, temiz bir \u00e7evrede ya\u015famak dile\u011fiyle sayg\u0131lar sunuyorum.\u201d<\/p>\n<p>\u201cMersin \u0130li Sera Gaz\u0131 Emisyon Envanterini olu\u015fturmak istedik\u201d<\/p>\n<p>\u00c7evre Koruma ve Kontrol Dairesi Ba\u015fkan\u0131 Dr. B\u00fclent Halisdemir, Mersin \u0130li Sera Gaz\u0131 Emisyon Envanteri \u00e7al\u0131\u015fmas\u0131n\u0131n 6 ay s\u00fcrd\u00fc\u011f\u00fcn\u00fc belirterek,  \u201cBunu rapor haline getirdik ve bu \u00e7al\u0131\u015fmam\u0131z\u0131n neticesinde iklim de\u011fi\u015fikli\u011fi uyum ve azalt\u0131m plan\u0131m\u0131z\u0131 \u00f6n\u00fcm\u00fczdeki g\u00fcnlerde hayata ge\u00e7irece\u011fiz. Bu plan sonunda da yapaca\u011f\u0131m\u0131z aktiviteleri, iklim de\u011fi\u015fikliklerine neden olan olumsuzluklar\u0131 engelleyici faaliyetleri yine sizlerle payla\u015faca\u011f\u0131z\u201d dedi.<\/p>\n<p>\u201cMersin\u2019de 15.3 milyon ton karbondioksit e\u015fleni\u011fi sal\u0131m\u0131 ger\u00e7ekle\u015fti\u011fini hesaplad\u0131k\u201d<\/p>\n<p>Dr. \u00d6zge Y\u0131lmaz, \u2018Mersin \u0130li Sera Gaz\u0131 Emisyon Envanteri Raporu\u2019nun sunumunu yaparak genel sonu\u00e7lar\u0131 a\u00e7\u0131klad\u0131. Y\u0131lmaz, \u201cMersin genelinde 2019 y\u0131l\u0131 i\u00e7in \u00e7al\u0131\u015ft\u0131k. 2019 y\u0131l\u0131 faaliyetleri sonucunda Mersin\u2019de 15.3 milyon ton karbondioksit e\u015fleni\u011fi sal\u0131m\u0131 ger\u00e7ekle\u015fti\u011fini hesaplad\u0131k. Bu T\u00fcrkiye\u2019deki toplam sal\u0131n\u0131mlar\u0131n y\u00fczde 3\u2019\u00fc kadar. Ki\u015fi ba\u015f\u0131 T\u00fcrkiye ortalamas\u0131na bakt\u0131\u011f\u0131n\u0131z zaman T\u00fcrkiye ortalama 8.3 ton karbondioksit. Bu 1 y\u0131lda bir ki\u015finin asl\u0131nda dolayl\u0131 ya da direkt olarak sal\u0131n\u0131ma sebep oldu\u011fu karbon olarak d\u00fc\u015f\u00fcnebilirsiniz. Mersin\u2019de ise bu 6.1 ton karbondioksit e\u015fleni\u011fi olarak ger\u00e7ekle\u015fmi\u015f. Yani asl\u0131nda Mersin, T\u00fcrkiye ortalamas\u0131n\u0131n alt\u0131nda yakla\u015f\u0131k 4\u2019te 3\u2019\u00fc kadar ki\u015fi ba\u015f\u0131 sera gaz\u0131 sal\u0131n\u0131mlar\u0131na sebep olan bir ilimiz. Bu \u00e7ok iyi bir haber asl\u0131nda\u201d diye konu\u015ftu.<\/p>\n<p>Sera gaz\u0131 envanterinde sekt\u00f6rel da\u011f\u0131l\u0131mlar ile a\u00e7\u0131klamas\u0131na devam eden Y\u0131lmaz, \u201c\u0130malat sanayi ya da binalarda olsun enerji t\u00fcketiminden kaynaklanan sal\u0131mlar\u0131n yar\u0131dan fazlas\u0131 oldu\u011funu g\u00f6r\u00fcyoruz. Bunu ula\u015f\u0131m hizmetlerinden veya aktivitelerinden kaynaklanan sal\u0131mlar izliyor. Ayr\u0131ca end\u00fcstriyel. \u00dcr\u00fcn kullan\u0131m\u0131ndan kaynaklanan tar\u0131m, hayvanc\u0131l\u0131k, ormanc\u0131l\u0131k ve arazi kullan\u0131m\u0131ndan kaynaklanan ve en sonda at\u0131k ve at\u0131ksu sekt\u00f6r\u00fcnden kaynaklanan emisyonlar\u0131n oldu\u011funu g\u00f6r\u00fcyoruz\u201d dedi.<\/p>\n<p>Etkinli\u011fin sonlanmas\u0131yla birlikte Ba\u015fkan Se\u00e7er, e\u015fi Meral Se\u00e7er ile birlikte Kongre Sergi Saray\u0131\u2019nda a\u00e7\u0131l\u0131\u015f\u0131 yap\u0131lan Circular II. Ulusal \u00c7evre ve Sanat Sergisi\u2019ni gezdi. <\/p>\n","protected":false},"excerpt":{"rendered":"<p>Mersin B\u00fcy\u00fck\u015fehir Belediyesi \u00c7evre Koruma ve Kontrol Dairesi taraf\u0131ndan 5-11 Haziran D\u00fcnya \u00c7evre G\u00fcn\u00fc ve \u00c7evre Haftas\u0131 etkinlikleri kapsam\u0131nda \u00e7evreye ve do\u011faya sayg\u0131n\u0131n art\u0131r\u0131lmas\u0131 amac\u0131yla d\u00fczenlenen fark\u0131ndal\u0131k etkinlikleri devam ediyor. &hellip; <a href=\"https:\/\/akdenizolaygazetesi.com\/?p=12764\" class=\"more-link\">Devam\u0131n\u0131 Oku&#8230;<\/a><\/p>\n","protected":false},"author":2,"featured_media":12765,"comment_status":"open","ping_status":"open","sticky":false,"template":"","format":"standard","meta":[],"categories":[3,5,6],"tags":[],"_links":{"self":[{"href":"https:\/\/akdenizolaygazetesi.com\/index.php?rest_route=\/wp\/v2\/posts\/12764"}],"collection":[{"href":"https:\/\/akdenizolaygazetesi.com\/index.php?rest_route=\/wp\/v2\/posts"}],"about":[{"href":"https:\/\/akdenizolaygazetesi.com\/index.php?rest_route=\/wp\/v2\/types\/post"}],"author":[{"embeddable":true,"href":"https:\/\/akdenizolaygazetesi.com\/index.php?rest_route=\/wp\/v2\/users\/2"}],"replies":[{"embeddable":true,"href":"https:\/\/akdenizolaygazetesi.com\/index.php?rest_route=%2Fwp%2Fv2%2Fcomments&post=12764"}],"version-history":[{"count":1,"href":"https:\/\/akdenizolaygazetesi.com\/index.php?rest_route=\/wp\/v2\/posts\/12764\/revisions"}],"predecessor-version":[{"id":12766,"href":"https:\/\/akdenizolaygazetesi.com\/index.php?rest_route=\/wp\/v2\/posts\/12764\/revisions\/12766"}],"wp:featuredmedia":[{"embeddable":true,"href":"https:\/\/akdenizolaygazetesi.com\/index.php?rest_route=\/wp\/v2\/media\/12765"}],"wp:attachment":[{"href":"https:\/\/akdenizolaygazetesi.com\/index.php?rest_route=%2Fwp%2Fv2%2Fmedia&parent=12764"}],"wp:term":[{"taxonomy":"category","embeddable":true,"href":"https:\/\/akdenizolaygazetesi.com\/index.php?rest_route=%2Fwp%2Fv2%2Fcategories&post=12764"},{"taxonomy":"post_tag","embeddable":true,"href":"https:\/\/akdenizolaygazetesi.com\/index.php?rest_route=%2Fwp%2Fv2%2Ftags&post=12764"}],"curies":[{"name":"wp","href":"https:\/\/api.w.org\/{rel}","templated":true}]}}