{"id":12767,"date":"2021-06-08T12:21:26","date_gmt":"2021-06-08T09:21:26","guid":{"rendered":"http:\/\/akdenizolaygazetesi.com\/?p=12767"},"modified":"2021-06-08T12:21:26","modified_gmt":"2021-06-08T09:21:26","slug":"lgs-sonrasi-buyuksehirden-genclere-konser","status":"publish","type":"post","link":"https:\/\/akdenizolaygazetesi.com\/?p=12767","title":{"rendered":"LGS SONRASI B\u00dcY\u00dcK\u015eEH\u0130R\u2019DEN GEN\u00c7LERE KONSER"},"content":{"rendered":"<p>Mersin B\u00fcy\u00fck\u015fehir Belediyesi K\u00fclt\u00fcr ve Sosyal \u0130\u015fler Dairesi\u2019nin her \u00c7ar\u015famba, Cuma ve Cumartesi g\u00fcnleri d\u00fczenledi\u011fi akustik konserlerin yan\u0131 s\u0131ra 7 Haziran Pazar g\u00fcn\u00fc s\u0131ra d\u0131\u015f\u0131 bir konser ger\u00e7ekle\u015fti. \u201cLGS Biter, Bu Gen\u00e7ler Konsere Ka\u00e7ar\u201d slogan\u0131yla yap\u0131lan konserlerde gen\u00e7ler s\u0131nav sonras\u0131 streslerini geride b\u0131rakt\u0131. <\/p>\n<p>Bakkal\u2019dan i\u00e7ecek, \u00e7imlerde konser<\/p>\n<p>6 Haziran\u2019da yap\u0131lan Liselere Ge\u00e7i\u015f Sistemi s\u0131nav\u0131n\u0131n ertesi g\u00fcn\u00fc stresi ve yorgunlu\u011fu geride b\u0131rakmak isteyen gen\u00e7ler solu\u011fu, sosyal medyada \u2018Adnan Menderes Sahili U\u00e7ak Maketi Yan\u0131\u2019 olarak duyurulan lokasyonda ald\u0131. Saat 17.00\u2019deki konser program\u0131nda \u2018Grup Loca\u2019, \u2018DJ Performans\u0131\u2019 ve \u2018Grup Filozof\u2019 yer ald\u0131. B\u00fcy\u00fck\u015fehir\u2019in i\u015fletti\u011fi \u2018Bakkal\u2019da gen\u00e7lere ayr\u0131ca bir de i\u00e7ecek ikram\u0131 yap\u0131ld\u0131. Gen\u00e7ler bir yandan i\u00e7eceklerini yudumlad\u0131 bir yandan da \u015fark\u0131lar ve danslar e\u015fli\u011finde s\u0131nav stresini geride b\u0131rakt\u0131.<\/p>\n<p>\u201cKonserin bize iyi gelece\u011fini d\u00fc\u015f\u00fcn\u00fcyorum\u201d<\/p>\n<p>S\u0131nav\u0131n genel olarak iyi ge\u00e7ti\u011fini ifade eden gen\u00e7lerden Ezo Naz Y\u0131ld\u0131z, \u201cBu konserin bize iyi gelece\u011fini d\u00fc\u015f\u00fcn\u00fcyorum, e\u011flenceli olaca\u011f\u0131n\u0131 d\u00fc\u015f\u00fcn\u00fcyorum\u201d dedi. Ba\u015fkan Vahap Se\u00e7er\u2019e te\u015fekk\u00fcr\u00fcn\u00fc ileten Y\u0131ld\u0131z, \u201c\u0130yi ki yapm\u0131\u015f, konserin bizi biraz ne\u015felendirece\u011fini d\u00fc\u015f\u00fcn\u00fcyoruz s\u0131navdan sonra\u201d dedi.<\/p>\n<p>LGS\u2019den sonra konser keyfi i\u00e7in K\u00fclt\u00fcr Park\u2019a gelen \u0130rem Naz Tokel ile Ezgi Su M\u0131s\u0131rl\u0131 da s\u0131nav\u0131n stresini m\u00fczik dinleyerek atacaklar\u0131n\u0131 ifade etti.<\/p>\n","protected":false},"excerpt":{"rendered":"<p>Mersin B\u00fcy\u00fck\u015fehir Belediyesi K\u00fclt\u00fcr ve Sosyal \u0130\u015fler Dairesi\u2019nin her \u00c7ar\u015famba, Cuma ve Cumartesi g\u00fcnleri d\u00fczenledi\u011fi akustik konserlerin yan\u0131 s\u0131ra 7 Haziran Pazar g\u00fcn\u00fc s\u0131ra d\u0131\u015f\u0131 bir konser ger\u00e7ekle\u015fti. \u201cLGS Biter, &hellip; <a href=\"https:\/\/akdenizolaygazetesi.com\/?p=12767\" class=\"more-link\">Devam\u0131n\u0131 Oku&#8230;<\/a><\/p>\n","protected":false},"author":2,"featured_media":0,"comment_status":"open","ping_status":"open","sticky":false,"template":"","format":"standard","meta":[],"categories":[3,5],"tags":[],"_links":{"self":[{"href":"https:\/\/akdenizolaygazetesi.com\/index.php?rest_route=\/wp\/v2\/posts\/12767"}],"collection":[{"href":"https:\/\/akdenizolaygazetesi.com\/index.php?rest_route=\/wp\/v2\/posts"}],"about":[{"href":"https:\/\/akdenizolaygazetesi.com\/index.php?rest_route=\/wp\/v2\/types\/post"}],"author":[{"embeddable":true,"href":"https:\/\/akdenizolaygazetesi.com\/index.php?rest_route=\/wp\/v2\/users\/2"}],"replies":[{"embeddable":true,"href":"https:\/\/akdenizolaygazetesi.com\/index.php?rest_route=%2Fwp%2Fv2%2Fcomments&post=12767"}],"version-history":[{"count":1,"href":"https:\/\/akdenizolaygazetesi.com\/index.php?rest_route=\/wp\/v2\/posts\/12767\/revisions"}],"predecessor-version":[{"id":12769,"href":"https:\/\/akdenizolaygazetesi.com\/index.php?rest_route=\/wp\/v2\/posts\/12767\/revisions\/12769"}],"wp:attachment":[{"href":"https:\/\/akdenizolaygazetesi.com\/index.php?rest_route=%2Fwp%2Fv2%2Fmedia&parent=12767"}],"wp:term":[{"taxonomy":"category","embeddable":true,"href":"https:\/\/akdenizolaygazetesi.com\/index.php?rest_route=%2Fwp%2Fv2%2Fcategories&post=12767"},{"taxonomy":"post_tag","embeddable":true,"href":"https:\/\/akdenizolaygazetesi.com\/index.php?rest_route=%2Fwp%2Fv2%2Ftags&post=12767"}],"curies":[{"name":"wp","href":"https:\/\/api.w.org\/{rel}","templated":true}]}}