{"id":12770,"date":"2021-06-08T12:25:01","date_gmt":"2021-06-08T09:25:01","guid":{"rendered":"http:\/\/akdenizolaygazetesi.com\/?p=12770"},"modified":"2021-06-08T12:25:32","modified_gmt":"2021-06-08T09:25:32","slug":"caretta-carettalarin-kazanli-sahilindeki-yuvalama-alanlari-temizlendi","status":"publish","type":"post","link":"https:\/\/akdenizolaygazetesi.com\/?p=12770","title":{"rendered":"CARETTA CARETTALARIN KAZANLI SAH\u0130L\u0130NDEK\u0130 YUVALAMA ALANLARI TEM\u0130ZLEND\u0130"},"content":{"rendered":"<p>Akdeniz Belediyesi, \u201c5 Haziran D\u00fcnya \u00c7evre G\u00fcn\u00fc\u201d etkinlikleri kapsam\u0131nda, yerli ve yabanc\u0131 \u00f6\u011frencilerin de kat\u0131l\u0131m\u0131yla Caretta Carettalar\u0131n da yuvalama alan\u0131 olan Kazanl\u0131 sahilinde kapsaml\u0131 bir temizlik \u00e7al\u0131\u015fmas\u0131 ger\u00e7ekle\u015ftirdi.<br \/>\nAkdeniz Belediyesi K\u00fclt\u00fcr ve Sosyal \u0130\u015fler M\u00fcd\u00fcrl\u00fc\u011f\u00fc\u2019nce, \u201c5-11 Haziran D\u00fcnya \u00c7evre Haftas\u0131\u201d nedeniyle organize edilen etkinlikte, d\u00fcnya genelinde nesli koruma alt\u0131nda olan Caretta Caretta kaplumba\u011falar\u0131n\u0131n da yuvalama alan\u0131 olan Kazanl\u0131 sahilinde temizlik \u00e7al\u0131\u015fmas\u0131 ger\u00e7ekle\u015ftirildi. Etkinli\u011fe, Akdeniz Belediye Ba\u015fkan\u0131 Mustafa G\u00fcltak, Mersin Milletvekili Zeynep G\u00fcl Y\u0131lmaz, Ak Parti Akdeniz \u0130l\u00e7e Ba\u015fkan\u0131 Emin Gen\u00e7, Akdeniz \u00dc\u00e7\u00fcnc\u00fc G\u00f6z E\u011fitim Gen\u00e7lik Derne\u011fi, yerli ve yabanc\u0131 \u00f6\u011frenciler ile Akdeniz Belediye Spor Kul\u00fcb\u00fc sporcular\u0131, muhtarlar ve Kazanl\u0131 sakinleri kat\u0131ld\u0131.<br \/>\n\u201cCaretta yuvalar\u0131n\u0131 tespit ediyor, koruma alt\u0131na al\u0131yoruz\u201d<br \/>\nKazanl\u0131\u2019da ger\u00e7ekle\u015fen etkinlikte bir konu\u015fma yapan Ba\u015fkan G\u00fcltak; b\u00f6lgenin korunmas\u0131 ve temizli\u011fine b\u00fcy\u00fck \u00f6nem verdiklerinin alt\u0131n\u0131 \u00e7izerek, \u201c\u00c7\u00fcnk\u00fc buras\u0131, d\u00fcnyada nesli t\u00fckenme tehlikesi alt\u0131nda olan Caretta Carettalar ile Ye\u015fil Deniz Kaplumba\u011falar\u0131\u2019n\u0131n \u00fcreme alan\u0131. Yuvalar\u0131 tespit ediyor, \u015ferit \u00e7ekiyor ve uyar\u0131c\u0131 levhalar as\u0131yoruz. Bu sayede vatanda\u015f orada yuva oldu\u011funu g\u00f6r\u00fcyor ve yuvalar zarar g\u00f6rm\u00fcyor. Bug\u00fcn de bu ama\u00e7la buraday\u0131z. G\u00fcn nedeniyle ayr\u0131ca lazerli eleme arac\u0131 ile Karaduvar sahilimizi de ba\u015ftan sona temizledik\u201d dedi.<br \/>\n\u201cT\u00fcrkiye\u2019nin en g\u00fczel ve en nadide millet bah\u00e7esini Mersin\u2019e kazand\u0131rd\u0131k\u201d<br \/>\nKonu\u015fmas\u0131nda; Cumhurba\u015fkan\u0131 Recep Tayyip Erdo\u011fan\u2019\u0131n da telekonferans ile kat\u0131ld\u0131\u011f\u0131 Mersin Millet Bah\u00e7esi\u2019nin a\u00e7\u0131l\u0131\u015f\u0131ndan da bahseden Ba\u015fkan G\u00fcltak; \u201cT\u00fcrkiye\u2019nin en g\u00fczel, nadide ve en b\u00fcy\u00fck millet bah\u00e7elerinden birini Mersin\u2019de a\u00e7t\u0131k. Denize kom\u015fu, sahile s\u0131f\u0131r bir muhte\u015fem bir bah\u00e7e. Kafeleri, k\u0131raathaneleri, lokantas\u0131 ile millet bah\u00e7esini hayata ge\u00e7irdik. Mersin, ye\u015fil noktas\u0131nda s\u0131k\u0131nt\u0131l\u0131 illerden biri. Akdeniz de bunun ma\u011fduru. Dolay\u0131s\u0131yla Mersin\u2019e kazand\u0131r\u0131lan ve 140 d\u00f6n\u00fcm\u00fc bulacak ye\u015fil alan\u0131 Mersin\u2019e kazand\u0131rmak, bizim i\u00e7in b\u00fcy\u00fck gurur kayna\u011f\u0131. Say\u0131n Cumhurba\u015fkan\u0131m\u0131za, Say\u0131n L\u00fctfi Elvan Bakan\u0131m\u0131za, Say\u0131n Murat Kurum Bakan\u0131m\u0131za ve Say\u0131n TOK\u0130 Ba\u015fkan\u0131m\u0131za te\u015fekk\u00fcr ediyorum\u201d diye konu\u015ftu.<br \/>\n\u201cAkdeniz d\u00fczelmeden, Mersin de de\u011fi\u015fmez\u201d<br \/>\n\u2018Akdeniz\u2019e hizmette pozitif ayr\u0131mc\u0131l\u0131k\u2019 \u00e7a\u011fr\u0131s\u0131n\u0131 da yineleyen Ba\u015fkan Mustafa G\u00fcltak; \u201cGelin, daha ye\u015fil alanlar, daha g\u00fczel ve b\u00fcy\u00fck parklar, daha d\u00fczenli cadde ve sokaklar, ya\u015fam alanlar\u0131m\u0131z\u0131n modern bir yap\u0131ya kavu\u015fmas\u0131 i\u00e7in hep beraber Akdeniz\u2019i de\u011fi\u015ftirelim. Bunun tek \u00e7aresi de yerinde kentsel d\u00f6n\u00fc\u015f\u00fcmd\u00fcr. Akdeniz\u2019de ya\u015fayan T\u00fcrk, K\u00fcrt, Arap t\u00fcm karde\u015flerimizin kaderini birlikte de\u011fi\u015ftirelim. \u0130nsanlar\u0131m\u0131z\u0131n; daha modern ve sa\u011fl\u0131kl\u0131 alanlarda ya\u015famlar\u0131n\u0131 g\u00fcvenle s\u00fcrd\u00fcrmelerini sa\u011flayal\u0131m\u201d ifadelerini kulland\u0131.<\/p>\n","protected":false},"excerpt":{"rendered":"<p>Akdeniz Belediyesi, \u201c5 Haziran D\u00fcnya \u00c7evre G\u00fcn\u00fc\u201d etkinlikleri kapsam\u0131nda, yerli ve yabanc\u0131 \u00f6\u011frencilerin de kat\u0131l\u0131m\u0131yla Caretta Carettalar\u0131n da yuvalama alan\u0131 olan Kazanl\u0131 sahilinde kapsaml\u0131 bir temizlik \u00e7al\u0131\u015fmas\u0131 ger\u00e7ekle\u015ftirdi. Akdeniz Belediyesi &hellip; <a href=\"https:\/\/akdenizolaygazetesi.com\/?p=12770\" class=\"more-link\">Devam\u0131n\u0131 Oku&#8230;<\/a><\/p>\n","protected":false},"author":2,"featured_media":12771,"comment_status":"open","ping_status":"open","sticky":false,"template":"","format":"standard","meta":[],"categories":[3,5],"tags":[],"_links":{"self":[{"href":"https:\/\/akdenizolaygazetesi.com\/index.php?rest_route=\/wp\/v2\/posts\/12770"}],"collection":[{"href":"https:\/\/akdenizolaygazetesi.com\/index.php?rest_route=\/wp\/v2\/posts"}],"about":[{"href":"https:\/\/akdenizolaygazetesi.com\/index.php?rest_route=\/wp\/v2\/types\/post"}],"author":[{"embeddable":true,"href":"https:\/\/akdenizolaygazetesi.com\/index.php?rest_route=\/wp\/v2\/users\/2"}],"replies":[{"embeddable":true,"href":"https:\/\/akdenizolaygazetesi.com\/index.php?rest_route=%2Fwp%2Fv2%2Fcomments&post=12770"}],"version-history":[{"count":2,"href":"https:\/\/akdenizolaygazetesi.com\/index.php?rest_route=\/wp\/v2\/posts\/12770\/revisions"}],"predecessor-version":[{"id":12773,"href":"https:\/\/akdenizolaygazetesi.com\/index.php?rest_route=\/wp\/v2\/posts\/12770\/revisions\/12773"}],"wp:featuredmedia":[{"embeddable":true,"href":"https:\/\/akdenizolaygazetesi.com\/index.php?rest_route=\/wp\/v2\/media\/12771"}],"wp:attachment":[{"href":"https:\/\/akdenizolaygazetesi.com\/index.php?rest_route=%2Fwp%2Fv2%2Fmedia&parent=12770"}],"wp:term":[{"taxonomy":"category","embeddable":true,"href":"https:\/\/akdenizolaygazetesi.com\/index.php?rest_route=%2Fwp%2Fv2%2Fcategories&post=12770"},{"taxonomy":"post_tag","embeddable":true,"href":"https:\/\/akdenizolaygazetesi.com\/index.php?rest_route=%2Fwp%2Fv2%2Ftags&post=12770"}],"curies":[{"name":"wp","href":"https:\/\/api.w.org\/{rel}","templated":true}]}}