{"id":12774,"date":"2021-06-08T12:27:52","date_gmt":"2021-06-08T09:27:52","guid":{"rendered":"http:\/\/akdenizolaygazetesi.com\/?p=12774"},"modified":"2021-06-08T12:27:52","modified_gmt":"2021-06-08T09:27:52","slug":"gultak-verdigimiz-sozleri-yerine-getiriyoruz","status":"publish","type":"post","link":"https:\/\/akdenizolaygazetesi.com\/?p=12774","title":{"rendered":"G\u00fcltak; &#8220;Verdi\u011fimiz s\u00f6zleri yerine getiriyoruz&#8221;"},"content":{"rendered":"<p>Akdeniz Belediyesi ile Mersin \u0130l Sa\u011fl\u0131k M\u00fcd\u00fcrl\u00fc\u011f\u00fc aras\u0131nda, \u00d6zg\u00fcrl\u00fck Mahallesi\u2019nde bulunan ve m\u00fclkiyeti belediyeye ait mahalle evinin, Aile Sa\u011fl\u0131\u011f\u0131 Merkezi olarak hizmet vermesi i\u00e7in protokol imzaland\u0131.<br \/>\nM\u00fclkiyeti Akdeniz Belediyesi&#8217;ne ait olan, \u00d6zg\u00fcrl\u00fck Mahallesi\u2019ndeki mahalle evinin zemin kat\u0131n\u0131n, Mersin \u0130l Sa\u011fl\u0131k M\u00fcd\u00fcrl\u00fc\u011f\u00fc&#8217;ne bedelsiz tahsisi i\u00e7in protokol imzaland\u0131. Mersin \u0130l Sa\u011fl\u0131k M\u00fcd\u00fcr\u00fc Emrah Ceviz&#8217;in de kat\u0131ld\u0131\u011f\u0131 imza protokol\u00fc, Akdeniz Belediyesi merkez binas\u0131nda ger\u00e7ekle\u015fti. Akdeniz Belediyesi&#8217;nin bu konudaki hassasiyetinden duydu\u011fu memnuniyeti dile getiren Ceviz, &#8220;Say\u0131n Ba\u015fkan Mustafa G\u00fcltak&#8217;a da katk\u0131lar\u0131ndan dolay\u0131 te\u015fekk\u00fcr ediyorum. B\u00f6lgedeki vatanda\u015flar\u0131m\u0131za sa\u011fl\u0131k hizmetimizi en k\u0131sa s\u00fcrede sunaca\u011f\u0131z&#8221; ifadelerini kulland\u0131.<br \/>\nG\u00fcltak; &#8220;Verdi\u011fimiz s\u00f6zleri yerine getiriyoruz&#8221;<br \/>\nBa\u015fkan G\u00fcltak ise, &#8220;\u00d6zg\u00fcrl\u00fck Mahallesi&#8217;nde yeni bir aile sa\u011fl\u0131\u011f\u0131 merkezi a\u00e7\u0131l\u0131\u015f\u0131 i\u00e7in gereken t\u00fcm haz\u0131rl\u0131klar\u0131 bitirdik. Se\u00e7im zaman\u0131, hem bizim hem de Say\u0131n L\u00fctfi Elvan Bakan\u0131m\u0131z\u0131n vermi\u015f oldu\u011fu bir s\u00f6z\u00fc de yerine getirmi\u015f bulunuyoruz. Taziye evimizin zemin kat\u0131n\u0131 Sa\u011fl\u0131k \u0130l M\u00fcd\u00fcr\u00fcm\u00fcz Emrah Ceviz Beyefendi&#8217;nin g\u00f6ndermi\u015f oldu\u011fu proje do\u011frultusunda yeniledik. Uygun standartlara getirip, Mersin \u0130l Sa\u011fl\u0131k M\u00fcd\u00fcrl\u00fc\u011f\u00fcm\u00fcze buran\u0131n tahsisini bug\u00fcn ger\u00e7ekle\u015ftiriyoruz&#8221; dedi.<br \/>\n&#8220;Mahalle sakinleri uzak yerlere gitmek zorunda kalmayacak&#8221;<br \/>\nMerkezde; b\u00f6lge n\u00fcfusuna g\u00f6re iki doktorun g\u00f6revlendirilece\u011fini de kaydeden Ba\u015fkan G\u00fcltak s\u00f6zlerini \u015f\u00f6yle noktalad\u0131: &#8220;Art\u0131k \u00d6zg\u00fcrl\u00fck Mahallesi&#8217;ndeki han\u0131mefendiler, beyefendiler, \u00e7ocuklar\u0131m\u0131z farkl\u0131 yerlere gitmek zorunda kalmayacak. Tahmin ediyorum Aile Sa\u011fl\u0131\u011f\u0131 Merkezi a\u00e7\u0131l\u0131nca birka\u00e7 tane eczane de a\u00e7\u0131l\u0131r. Vatanda\u015f\u0131m\u0131z ila\u00e7lar\u0131n\u0131 da uzaklara gitmeden alabilecek. Bunlar \u00f6nemli \u015feyler. \u2018S\u0131cakta so\u011fukta bir bu\u00e7uk, iki kilometre yol gitmek zorunda m\u0131y\u0131z?\u2019 diye soran vatanda\u015flar\u0131m\u0131z vard\u0131. Bu insanlar benden bunu \u00e7ok istiyorlard\u0131. \u00c7ok \u015f\u00fck\u00fcr bu hizmeti de hayata ge\u00e7iriyoruz. Sa\u011fl\u0131k M\u00fcd\u00fcr\u00fcm\u00fcz Emrah Ceviz&#8217;e desteklerinden \u00f6t\u00fcr\u00fc \u00e7ok te\u015fekk\u00fcr ediyorum. Hay\u0131rl\u0131 u\u011furlu olsun.&#8221;<\/p>\n","protected":false},"excerpt":{"rendered":"<p>Akdeniz Belediyesi ile Mersin \u0130l Sa\u011fl\u0131k M\u00fcd\u00fcrl\u00fc\u011f\u00fc aras\u0131nda, \u00d6zg\u00fcrl\u00fck Mahallesi\u2019nde bulunan ve m\u00fclkiyeti belediyeye ait mahalle evinin, Aile Sa\u011fl\u0131\u011f\u0131 Merkezi olarak hizmet vermesi i\u00e7in protokol imzaland\u0131. M\u00fclkiyeti Akdeniz Belediyesi&#8217;ne ait &hellip; <a href=\"https:\/\/akdenizolaygazetesi.com\/?p=12774\" class=\"more-link\">Devam\u0131n\u0131 Oku&#8230;<\/a><\/p>\n","protected":false},"author":2,"featured_media":12775,"comment_status":"open","ping_status":"open","sticky":false,"template":"","format":"standard","meta":[],"categories":[3,5,9],"tags":[],"_links":{"self":[{"href":"https:\/\/akdenizolaygazetesi.com\/index.php?rest_route=\/wp\/v2\/posts\/12774"}],"collection":[{"href":"https:\/\/akdenizolaygazetesi.com\/index.php?rest_route=\/wp\/v2\/posts"}],"about":[{"href":"https:\/\/akdenizolaygazetesi.com\/index.php?rest_route=\/wp\/v2\/types\/post"}],"author":[{"embeddable":true,"href":"https:\/\/akdenizolaygazetesi.com\/index.php?rest_route=\/wp\/v2\/users\/2"}],"replies":[{"embeddable":true,"href":"https:\/\/akdenizolaygazetesi.com\/index.php?rest_route=%2Fwp%2Fv2%2Fcomments&post=12774"}],"version-history":[{"count":1,"href":"https:\/\/akdenizolaygazetesi.com\/index.php?rest_route=\/wp\/v2\/posts\/12774\/revisions"}],"predecessor-version":[{"id":12776,"href":"https:\/\/akdenizolaygazetesi.com\/index.php?rest_route=\/wp\/v2\/posts\/12774\/revisions\/12776"}],"wp:featuredmedia":[{"embeddable":true,"href":"https:\/\/akdenizolaygazetesi.com\/index.php?rest_route=\/wp\/v2\/media\/12775"}],"wp:attachment":[{"href":"https:\/\/akdenizolaygazetesi.com\/index.php?rest_route=%2Fwp%2Fv2%2Fmedia&parent=12774"}],"wp:term":[{"taxonomy":"category","embeddable":true,"href":"https:\/\/akdenizolaygazetesi.com\/index.php?rest_route=%2Fwp%2Fv2%2Fcategories&post=12774"},{"taxonomy":"post_tag","embeddable":true,"href":"https:\/\/akdenizolaygazetesi.com\/index.php?rest_route=%2Fwp%2Fv2%2Ftags&post=12774"}],"curies":[{"name":"wp","href":"https:\/\/api.w.org\/{rel}","templated":true}]}}