{"id":12778,"date":"2021-06-09T12:34:17","date_gmt":"2021-06-09T09:34:17","guid":{"rendered":"http:\/\/akdenizolaygazetesi.com\/?p=12778"},"modified":"2021-06-09T12:34:17","modified_gmt":"2021-06-09T09:34:17","slug":"mersinin-degisimi-ancak-akdenizin-donusumu-ile-mumkun","status":"publish","type":"post","link":"https:\/\/akdenizolaygazetesi.com\/?p=12778","title":{"rendered":"\u201cMERS\u0130N\u2019\u0130N DE\u011e\u0130\u015e\u0130M\u0130 ANCAK AKDEN\u0130Z\u2019\u0130N D\u00d6N\u00dc\u015e\u00dcM\u00dc \u0130LE M\u00dcMK\u00dcN\u201d"},"content":{"rendered":"<p>Akdeniz Belediye Ba\u015fkan\u0131 Mustafa G\u00fcltak, Mersin B\u00fcy\u00fck\u015fehir Belediye Meclisi\u2019nin Haziran ay\u0131 birinci birle\u015fiminde s\u00f6z alarak; Mersin\u2019in de\u011fi\u015fim ve d\u00f6n\u00fc\u015f\u00fcm\u00fcn\u00fcn, ancak Akdeniz\u2019in de\u011fi\u015fim ve d\u00f6n\u00fc\u015f\u00fcm\u00fc ile m\u00fcmk\u00fcn oldu\u011funu bir kez daha yineledi, B\u00fcy\u00fck\u015fehir Belediye Ba\u015fkan\u0131 Vahap Se\u00e7er ve t\u00fcm Meclis \u00fcyelerinden, kentsel d\u00f6n\u00fc\u015f\u00fcm projelerine destek istedi.<br \/>\nMeclis \u00fcyelerine seslenen Ba\u015fkan G\u00fcltak, yapt\u0131\u011f\u0131 \u00e7a\u011fr\u0131da; \u201cAkdeniz\u2019in, bu kentin kalbi oldu\u011funu hepimiz kabul ediyoruz; Fakat iyi \u00e7al\u0131\u015fmayan bir kalp v\u00fccuda kan pompalamaz, beyin \u00e7al\u0131\u015fmaz, zaman i\u00e7inde di\u011fer organlar da \u00e7al\u0131\u015fmaz. E\u011fer sa\u011fl\u0131kl\u0131 ve modern bir \u015fehir istiyorsak; T\u00fcrk, K\u00fcrt, Arap, Y\u00f6r\u00fck, Roman, hi\u00e7bir ay\u0131r\u0131m yapmadan ve t\u00fcm karde\u015flerimizin ma\u011fdur olmayacaklar\u0131 bir \u015fekilde ve elbette iknalar\u0131 sa\u011flanarak, onlarla ortak bir noktada bulu\u015farak bu \u015fehri hep birlikte de\u011fi\u015ftirip d\u00f6n\u00fc\u015ft\u00fcrelim\u201d dedi.<br \/>\n\u201c\u00c7ocuklar\u0131m\u0131za b\u0131rakaca\u011f\u0131m\u0131z en iyi miras, temiz ve sa\u011fl\u0131kl\u0131 bir d\u00fcnyad\u0131r\u201d<br \/>\nBa\u015fkan Mustafa G\u00fcltak, B\u00fcy\u00fck\u015fehir Meclis\u2019inde yapt\u0131\u011f\u0131 konu\u015fmas\u0131na; a\u00e7\u0131l\u0131\u015f\u0131 5 Haziran D\u00fcnya \u00c7evre G\u00fcn\u00fc\u2019nde ger\u00e7ekle\u015fen Mersin Millet Bah\u00e7esi\u2019nin kente ve kentlilere kazand\u0131r\u0131lmas\u0131 nedeniyle Cumhurba\u015fkan\u0131 Recep Tayyip Erdo\u011fan\u2019a, Hazine ve Maliye Bakan\u0131 L\u00fctfi Elvan\u2019a, \u00c7evre ve \u015eehircilik Bakan\u0131 Murat Kurum\u2019a ve TOK\u0130 Ba\u015fkan\u0131\u2019na te\u015fekk\u00fcr ederek ba\u015flad\u0131. S\u00f6zlerini; \u201c\u00c7ocuklar\u0131m\u0131za b\u0131rakaca\u011f\u0131m\u0131z en iyi miras, temiz ve sa\u011fl\u0131kl\u0131 bir d\u00fcnya, temiz bir hava ve ormanlard\u0131r\u201d diyerek s\u00fcrd\u00fcren Ba\u015fkan G\u00fcltak; \u201cDolay\u0131s\u0131yla diyorum ki gelin, \u015fehrimizin kalbini de\u011fi\u015ftirelim. \u015eehir, ka\u00e7ak yap\u0131larla dolu. Tabi bu sizin de benim de su\u00e7um de\u011fil. Ge\u00e7mi\u015f siyaset\u00e7iler bir ka\u00e7\u0131\u015f yolu aram\u0131\u015flar\u201d \u015feklinde konu\u015ftu.<br \/>\n\u201c142 d\u00f6n\u00fcm \u00fczerinde sadece 700 konut; Mersin\u2019de ba\u015fka bir \u00f6rne\u011fi yok\u201d<br \/>\nBar\u0131\u015f Mahallesi\u2019nde, 1 Eyl\u00fcl\u2019den itibaren toplu konut noktas\u0131ndaki \u00e7al\u0131\u015fmalar\u0131n tamamlanaca\u011f\u0131n\u0131 kaydeden Ba\u015fkan G\u00fcltak; \u201cBar\u0131\u015f Mahallesi\u2019nde insanlar\u0131m\u0131z, maalesef \u00e7ok k\u00f6t\u00fc ko\u015fullar alt\u0131nda ya\u015f\u0131yor. Proje sayesinde, orada da yeni ve modern konutlar, yeni caddeler, yeni ye\u015fil alanlar, yeni parklar olu\u015facak\u201d diye konu\u015ftu. \u00c7ay Mahallesi\u2019nde ise, 142 d\u00f6n\u00fcm arazi \u00fczerinde 415 konutun tamamland\u0131\u011f\u0131 bilgisini veren Ba\u015fkan G\u00fcltak; b\u00f6lgede 300 konutun daha yap\u0131laca\u011f\u0131n\u0131 belirterek, s\u00f6zlerini \u015f\u00f6yle s\u00fcrd\u00fcrd\u00fc;<br \/>\n\u201cToplam 142 d\u00f6n\u00fcm i\u00e7erisinde 700 konut yer alacak. Mersin\u2019de ba\u015fka bir \u00f6rne\u011fi yok. Yemye\u015fil alanlar, kelebekler, ar\u0131lar\u2026 Sabah ezan\u0131yla \u00f6ten ku\u015flar. Meclisimizde tekrar edece\u011fim ama Akdeniz\u2019in sorunlar\u0131n\u0131 \u00e7\u00f6zmeden Mersin\u2019in sorunlar\u0131n\u0131 \u00e7\u00f6zemezsiniz. Madem Akdeniz kentin kalbi; \u00e7al\u0131\u015fmayan bir kalp v\u00fccuda kan pompalamaz, beyin \u00e7al\u0131\u015fmaz, hi\u00e7bir organ \u00e7al\u0131\u015fmaz. \u00c7evre diyorsak, gelin K\u00fcrt, Arap, Y\u00f6r\u00fck, H\u0131ristiyan karde\u015flerimizin de ma\u011fdur olmayacak \u015fekilde, iknalar\u0131 sa\u011flanarak onlarla ortak noktada bulu\u015farak bu \u015fehri birlikte d\u00f6n\u00fc\u015ft\u00fcrelim.\u201d<\/p>\n<p>\u201cY\u0131llarca hal\u0131n\u0131n alt\u0131na s\u00fcp\u00fcr\u00fclm\u00fc\u015f bu sorunu birlikte \u00e7\u00f6zelim\u201d<br \/>\n\u201cE\u011fer bu \u015fehri d\u00f6n\u00fc\u015ft\u00fcr\u00fcrsek, bir\u00e7ok park, otopark kazan\u0131r, ye\u015fil alanlar\u0131 artt\u0131r\u0131r\u0131z. Lojistik alanlar, yeni sanayi alanlar\u0131 \u00e7\u0131kar\u0131r\u0131z, liman\u0131 b\u00fcy\u00fct\u00fcr\u00fcz\u201d diyen Ba\u015fkan G\u00fcltak, \u201cAma bunun i\u00e7in sadece TOK\u0130\u2019nin veya Akdeniz Belediyesi\u2019nin k\u0131s\u0131tl\u0131 imk\u00e2nlar\u0131 ile yap\u0131lan \u00e7al\u0131\u015fmalar yetmez. \u0130\u015fte tam da bu noktada hepinizden, t\u00fcm Meclis \u00fcyelerimizden destek istiyorum. Y\u0131llarca bu sorun \u00e7\u00f6z\u00fclmemi\u015f, hal\u0131n\u0131n alt\u0131na s\u00fcp\u00fcr\u00fclm\u00fc\u015f. Gelin, Akdeniz\u2019i hep beraber d\u00f6n\u00fc\u015ft\u00fcrelim. Akdeniz\u2019de ya\u015fayan T\u00fcrk, K\u00fcrt, Arap, Y\u00f6r\u00fck kad\u0131nlar\u0131n\u0131n b\u00f6yle ya\u015famalar\u0131, onlar\u0131n kaderi de\u011fil. Onlar da Yeni\u015fehir, Mezitli\u2019de ya\u015fayan insanlar\u0131n konfor imk\u00e2nlar\u0131na kavu\u015fsun, \u00e7ocuklar\u0131n park alanlar\u0131 olsun\u201d \u00e7a\u011fr\u0131s\u0131 yapt\u0131.<br \/>\n\u201cGelin, hepimiz bir ucundan tutal\u0131m, \u015fehrimizin kaderini birlikte de\u011fi\u015ftirelim\u201d<br \/>\nAkdeniz\u2019de, k\u0131\u015f aylar\u0131nda, k\u00f6m\u00fcr ve odun kullan\u0131m\u0131ndan kaynakl\u0131 ciddi bir hava kirlili\u011fi ya\u015fand\u0131\u011f\u0131na da dikkati \u00e7eken Ba\u015fkan G\u00fcltak; \u201cBak\u0131n\u0131z Yeni\u015fehir ve Mezitli\u2019de bu durum yok. Toroslar\u2019\u0131n ise bir k\u0131sm\u0131nda var. Peki, bunu nas\u0131l \u00e7\u00f6zece\u011fiz? Tek \u00e7\u00f6z\u00fcm yolu var; Orada ya\u015fayan insanlar\u0131 da ikna ederek bu b\u00f6lgeleri d\u00f6n\u00fc\u015ft\u00fcren projeleri hayata katmakla. B\u00f6ylece \u015fehrin havas\u0131n\u0131 temizleyece\u011fiz. Al\u0131n size \u00e7evre projesi\u2026 Alt\u0131 ay boyunca bu \u015fehir, karbonmonoksit ve di\u011fer zehirli gazlarla doluyor. Bu kirli havay\u0131 hepimiz soluyoruz. K\u0131\u015f\u0131n herkes sobas\u0131n\u0131 yak\u0131yor, g\u00f6z g\u00f6z\u00fc g\u00f6rm\u00fcyor. Al\u0131n size \u00e7evre sorunu! Gelin bu \u015fehrin kaderini de\u011fi\u015ftirelim. Mersin B\u00fcy\u00fck\u015fehir Belediye Ba\u015fkan\u0131 olarak bize destek verin. Bir yandan TOK\u0130, bir yandan biz, di\u011fer yandan siz, bir an \u00f6nce bu \u015fehrin d\u00f6n\u00fc\u015fmesi noktas\u0131nda plan-projelerinizi haz\u0131rlay\u0131n. Hep birlikte bir ucundan tutup \u015fehrimizi de\u011fi\u015ftirelim. TOK\u0130 veya kentsel d\u00f6n\u00fc\u015f\u00fcm projeleri, sadece \u015fehrin veya insanlar\u0131n modern bir ya\u015fama kavu\u015fmas\u0131n\u0131 sa\u011flam\u0131yor, ayn\u0131 zamanda bu d\u00f6n\u00fc\u015f\u00fcm \u00e7evreci de olacak\u201d diye konu\u015ftu.<br \/>\n\u201cMersin\u2019de bir Roman K\u00f6y\u00fc Kural\u0131m\u201d<br \/>\nT\u00fcrkiye\u2019nin bir\u00e7ok ilinde oldu\u011fu gibi Mersin\u2019de de ya\u015fayan Roman vatanda\u015flar\u0131n sorunlar\u0131na da dikkat \u00e7ekti\u011fi konu\u015fmas\u0131nda Ba\u015fkan G\u00fcltak, Romanlar\u0131n ya\u015fam ko\u015fullar\u0131n\u0131n iyile\u015ftirilmesinin yan\u0131 s\u0131ra, kentte bir Roman K\u00f6y\u00fc kurulmas\u0131 i\u00e7in de \u00e7a\u011fr\u0131 yapt\u0131. \u201cRoman karde\u015flerimizle de ilgili gelin bir d\u00f6n\u00fc\u015f\u00fcm projesi haz\u0131rlayal\u0131m\u201d diyerek Meclis\u2019e seslenen Ba\u015fkan G\u00fcltak; \u201cB\u00fcy\u00fck\u015fehir Belediyesi\u2019nin, Akdeniz\u2019e g\u00f6re imk\u00e2nlar\u0131 ve sahip oldu\u011fu araziler vard\u0131r. Bu arazilerde Roman karde\u015flerimiz i\u00e7in konut ve i\u015fyerleri yapal\u0131m. Onlar\u0131 Bar\u0131\u015f ve Turgut Reis\u2019te insanl\u0131k dram\u0131 ya\u015fad\u0131klar\u0131 ortamdan kurtaral\u0131m. Bir \u2018Roman K\u00f6y\u00fc\u2019 kural\u0131m mesela. Onlar\u0131n sanatlar\u0131, zanaatlar\u0131, el becerileri, i\u015fleri var. Orada icra esinler, sat\u0131\u015f da yaps\u0131nlar. Mersin\u2019den, Mezitli\u2019den, Yeni\u015fehir\u2019dan, Adana veya daha di\u011fer kentlerimizden insan\u0131m\u0131z, \u2018Ya orada bir Roman k\u00f6y\u00fc varm\u0131\u015f\u2019 desinler ve gelsinler. B\u00f6yle bir k\u00f6y kural\u0131m. Bu insanlar\u0131m\u0131za bir katk\u0131m\u0131z olsun\u201d ifadelerini kulland\u0131.<br \/>\n\u201cE\u011fer ger\u00e7ekten \u00e7evreci isek, bu s\u00f6zde kalmas\u0131n\u201d<br \/>\nKonu\u015fmas\u0131nda; \u201cAkdeniz\u2019in sorunlar\u0131n\u0131 \u00e7\u00f6zmeden Mersin\u2019i d\u00fczeltemeyiz\u201d vurgusunu yineleyen Ba\u015fkan Mustafa G\u00fcltak, s\u00f6zlerini \u015f\u00f6yle bitirdi; \u201cMersin\u2019in merkezinde yer alan Akdeniz il\u00e7esi kalp ve herkes de bunu kabul ediyor. E\u011fer \u00e7evreci isek bu s\u00f6zde kalmas\u0131n. Sahillerden tutun t\u00fcm \u015fehri; annelerimizin, karde\u015flerimizin, a\u011fabeylerimizin, hi\u00e7bir ay\u0131r\u0131m yapmadan, \u00f6rf ve adetlerine dokunmadan d\u00f6n\u00fc\u015ft\u00fcrelim. Yeni parklar, ye\u015fil alanlar, yeni bulvarlar elde edelim, kentimizi, \u00e7evremizi, do\u011fam\u0131z\u0131 ve havam\u0131z\u0131 temizleyelim.\u201d<\/p>\n","protected":false},"excerpt":{"rendered":"<p>Akdeniz Belediye Ba\u015fkan\u0131 Mustafa G\u00fcltak, Mersin B\u00fcy\u00fck\u015fehir Belediye Meclisi\u2019nin Haziran ay\u0131 birinci birle\u015fiminde s\u00f6z alarak; Mersin\u2019in de\u011fi\u015fim ve d\u00f6n\u00fc\u015f\u00fcm\u00fcn\u00fcn, ancak Akdeniz\u2019in de\u011fi\u015fim ve d\u00f6n\u00fc\u015f\u00fcm\u00fc ile m\u00fcmk\u00fcn oldu\u011funu bir kez daha &hellip; <a href=\"https:\/\/akdenizolaygazetesi.com\/?p=12778\" class=\"more-link\">Devam\u0131n\u0131 Oku&#8230;<\/a><\/p>\n","protected":false},"author":2,"featured_media":12779,"comment_status":"open","ping_status":"open","sticky":false,"template":"","format":"standard","meta":[],"categories":[2,3,5],"tags":[],"_links":{"self":[{"href":"https:\/\/akdenizolaygazetesi.com\/index.php?rest_route=\/wp\/v2\/posts\/12778"}],"collection":[{"href":"https:\/\/akdenizolaygazetesi.com\/index.php?rest_route=\/wp\/v2\/posts"}],"about":[{"href":"https:\/\/akdenizolaygazetesi.com\/index.php?rest_route=\/wp\/v2\/types\/post"}],"author":[{"embeddable":true,"href":"https:\/\/akdenizolaygazetesi.com\/index.php?rest_route=\/wp\/v2\/users\/2"}],"replies":[{"embeddable":true,"href":"https:\/\/akdenizolaygazetesi.com\/index.php?rest_route=%2Fwp%2Fv2%2Fcomments&post=12778"}],"version-history":[{"count":1,"href":"https:\/\/akdenizolaygazetesi.com\/index.php?rest_route=\/wp\/v2\/posts\/12778\/revisions"}],"predecessor-version":[{"id":12780,"href":"https:\/\/akdenizolaygazetesi.com\/index.php?rest_route=\/wp\/v2\/posts\/12778\/revisions\/12780"}],"wp:featuredmedia":[{"embeddable":true,"href":"https:\/\/akdenizolaygazetesi.com\/index.php?rest_route=\/wp\/v2\/media\/12779"}],"wp:attachment":[{"href":"https:\/\/akdenizolaygazetesi.com\/index.php?rest_route=%2Fwp%2Fv2%2Fmedia&parent=12778"}],"wp:term":[{"taxonomy":"category","embeddable":true,"href":"https:\/\/akdenizolaygazetesi.com\/index.php?rest_route=%2Fwp%2Fv2%2Fcategories&post=12778"},{"taxonomy":"post_tag","embeddable":true,"href":"https:\/\/akdenizolaygazetesi.com\/index.php?rest_route=%2Fwp%2Fv2%2Ftags&post=12778"}],"curies":[{"name":"wp","href":"https:\/\/api.w.org\/{rel}","templated":true}]}}