{"id":12785,"date":"2021-06-09T12:38:44","date_gmt":"2021-06-09T09:38:44","guid":{"rendered":"http:\/\/akdenizolaygazetesi.com\/?p=12785"},"modified":"2021-06-09T12:38:44","modified_gmt":"2021-06-09T09:38:44","slug":"cevre-dostu-sari-limonlarin-ucuncu-partisi-de-geldi","status":"publish","type":"post","link":"https:\/\/akdenizolaygazetesi.com\/?p=12785","title":{"rendered":"\u00c7EVRE DOSTU SARI L\u0130MONLAR\u2019IN \u00dc\u00c7\u00dcNC\u00dc PART\u0130S\u0130 DE GELD\u0130"},"content":{"rendered":"<p>Vatanda\u015flar\u0131n h\u0131zl\u0131, ekonomik ve konforlu bir \u015fekilde seyahat edebilmesini sa\u011flarken ayn\u0131 zamanda \u00e7evreyi de korumay\u0131 ama\u00e7layan Mersin B\u00fcy\u00fck\u015fehir Belediyesi\u2019nin \u201cSar\u0131 Limonlar\u201d ismini verdi\u011fi 87 CNG\u2019li otob\u00fcs\u00fcn 3. partisi de geldi. Gelen 10 k\u00f6r\u00fckl\u00fc otob\u00fcs vakit kaybetmeden seferlere ba\u015flad\u0131.<\/p>\n<p>Mersinlilerin ula\u015f\u0131m\u0131n\u0131 rahatlatmak i\u00e7in toplu ta\u015f\u0131ma filosunda yerini alan 10 adet k\u00f6r\u00fckl\u00fc otob\u00fcs ile vatanda\u015flar ula\u015f\u0131mlar\u0131n\u0131 daha rahat ger\u00e7ekle\u015ftirebilecek. Ula\u015f\u0131m Dairesi Ba\u015fkanl\u0131\u011f\u0131 Toplu Ta\u015f\u0131ma \u015eube M\u00fcd\u00fcrl\u00fc\u011f\u00fc taraf\u0131ndan vatanda\u015flardan gelen talep do\u011frultusunda yo\u011fun olan hatlarda ara\u00e7lar fazlala\u015ft\u0131r\u0131ld\u0131. Ara\u00e7 filosunun b\u00fcy\u00fcmesiyle birlikte Mersinli vatanda\u015flardan da g\u00fczel tepkiler alan B\u00fcy\u00fck\u015fehir Belediyesi, Eyl\u00fcl ay\u0131na kadar di\u011fer ara\u00e7lar\u0131 da filosuna kazand\u0131rmay\u0131 planl\u0131yor.<\/p>\n<p>Ba\u015fkan Se\u00e7er: \u201cFilomuza 87 yeni ara\u00e7 kazand\u0131r\u0131lm\u0131\u015f olacak\u201d<\/p>\n<p>Nisan ay\u0131n\u0131n sonunda gelen ilk partide ara\u00e7lar\u0131n test s\u00fcr\u00fc\u015f\u00fcn\u00fc Mersin B\u00fcy\u00fck\u015fehir Belediye Ba\u015fkan\u0131 Vahap Se\u00e7er yapm\u0131\u015ft\u0131. Se\u00e7er, ilk parti otob\u00fcslerin teslim t\u00f6reninde yapt\u0131\u011f\u0131 konu\u015fmada, 87 arac\u0131n tamam\u0131n\u0131n Eyl\u00fcl ay\u0131na kadar gelece\u011fini belirtirken, \u015funlar\u0131 s\u00f6ylemi\u015fti:<\/p>\n<p>\u201cBizim toplamda 263 arac\u0131m\u0131z bulunuyor filomuzda. Bunun 18\u2019i k\u00f6r\u00fckl\u00fc, 205\u2019i de standart ara\u00e7lar. Bunlar merkezde faaliyet g\u00f6steriyor, di\u011ferleri periferideki il\u00e7elerimizde. Ancak filomuzun yenilenmesi laz\u0131m. Bizim \u015fu anda elimizde bunun 26\u2019s\u0131 midib\u00fcs olmak \u00fczere 160 arac\u0131m\u0131z\u0131n ortalama ya\u015f\u0131 17. Bunlar\u0131n yenilenmesi laz\u0131m. Bir taraftan yeni g\u00fczerg\u00e2hlar a\u00e7\u0131lmas\u0131 gerekiyor. Oralara yeni ara\u00e7lar gerekiyor. Di\u011fer taraftan elimizdeki mevcut filoyu da gen\u00e7le\u015ftirmemiz gerekiyor. 87 arac\u0131m\u0131z\u0131 kendi b\u00fct\u00e7emizle kar\u015f\u0131lad\u0131k. Karsan firmas\u0131 bu sat\u0131\u015f\u0131, imalat\u0131 ger\u00e7ekle\u015ftirdi. Biz bu al\u0131mlar\u0131 bir s\u00fcre \u00f6nce yapt\u0131k. O d\u00f6nemin rakamlar\u0131na g\u00f6re zaten uygun rakamlard\u0131 ama \u015fimdi \u00e7ok daha uygun rakamlar haline geldi. Normal ko\u015fullarda biz 73 ara\u00e7 al\u0131m\u0131na \u00e7\u0131km\u0131\u015ft\u0131k ama yasal hakk\u0131m\u0131z\u0131 da kullanarak % 20\u2019lik bir i\u015f art\u0131\u015f\u0131 talebinde bulunduk Karsan firmas\u0131ndan. Onlar da bu talebi kabul ettiler ve 73 arac\u0131m\u0131z 10 k\u00f6r\u00fckl\u00fc, 63 standart tipti. \u015eu anda 75 standart, 12 de k\u00f6r\u00fckl\u00fc olmak \u00fczere art\u0131k filomuza 87 yeni ara\u00e7 kazand\u0131r\u0131lm\u0131\u015f olacak.\u201d<\/p>\n<p>Meclis Toplant\u0131s\u0131\u2019nda 10 k\u00f6r\u00fckl\u00fc Sar\u0131 Limon\u2019un daha hizmete girdi\u011fini s\u00f6yleyen Ba\u015fkan Se\u00e7er, \u201cToplamda 73 tamamland\u0131. 14\u2019\u00fc Eyl\u00fcl ay\u0131na kald\u0131. \u0130\u015f art\u0131\u015f\u0131ndan kaynakl\u0131. 2 k\u00f6r\u00fckl\u00fc, 10 standart. Demek ki bizim y\u00fcklenici fabrika s\u00f6z verdi\u011fi gibi 73 otob\u00fcs\u00fc tamamlad\u0131. Memleketimize hay\u0131rl\u0131 olsun. Bu 10 k\u00f6r\u00fckl\u00fc limon 28 M Tece-ME\u015eOT hatt\u0131nda hizmete ba\u015flad\u0131\u201d diye konu\u015ftu. <\/p>\n<p>Demir: \u201cAmac\u0131m\u0131z vatanda\u015flar\u0131m\u0131za en etkin ve konforlu bir ula\u015f\u0131m hizmeti sa\u011flamak\u201d<\/p>\n<p>Ula\u015f\u0131m Dairesi Ba\u015fkanl\u0131\u011f\u0131 Toplu Ta\u015f\u0131ma \u015eube M\u00fcd\u00fcr\u00fc Bayram Demir, Mersin trafi\u011finde \u015fu anda toplam 73 Sar\u0131 Limon\u2019un aktif olarak \u00e7al\u0131\u015ft\u0131\u011f\u0131ndan s\u00f6z ederek, \u201cEyl\u00fcl ay\u0131 gibi 14 tane daha geldi\u011finde 87 tanelik yeni ara\u00e7 filomuzu tamamlam\u0131\u015f olaca\u011f\u0131z. Yeni ara\u00e7lar\u0131m\u0131z elbette ki son teknoloji \u00fcr\u00fcn\u00fc olup hem klima yap\u0131s\u0131 hem de emniyet ve g\u00fcvenli\u011fi a\u00e7\u0131s\u0131ndan di\u011fer ara\u00e7lardan farkl\u0131l\u0131k arz etmektedir. Tek amac\u0131m\u0131z Mersin B\u00fcy\u00fck\u015fehir Belediyesi olarak vatanda\u015flar\u0131m\u0131za en etkin ve konforlu bir ula\u015f\u0131m hizmeti sa\u011flamakt\u0131r. Bunun i\u00e7in de elimizden gelen b\u00fct\u00fcn gayretimizle \u00e7al\u0131\u015fmaktay\u0131z\u201d dedi.<\/p>\n<p>Tek seferde daha fazla yolcu ta\u015f\u0131n\u0131yor<\/p>\n<p>Demir, pandemi s\u00fcrecinde ara\u00e7larda ayakta yolcu alman\u0131n yasakland\u0131\u011f\u0131n\u0131, 18 ya\u015f alt\u0131 ve 65 ya\u015f \u00fcst\u00fc vatanda\u015flara yasak getirildi\u011fini hat\u0131rlatarak, \u201c\u0130\u00e7i\u015fleri Bakanl\u0131\u011f\u0131\u2019n\u0131n genelgesi gere\u011fince 18 ya\u015f alt\u0131 ve 65 ya\u015f \u00fcst\u00fc vatanda\u015flar\u0131m\u0131z a\u015f\u0131lar\u0131n\u0131 olmu\u015f olsa dahi toplu ta\u015f\u0131ma hizmetinden yararlanamamaktad\u0131rlar. Halk\u0131m\u0131z\u0131n bu konuda \u00f6nemle hassasiyet g\u00f6stermesini istiyoruz\u201d dedi. K\u00f6r\u00fckl\u00fc ara\u00e7lar\u0131n di\u011ferlerine g\u00f6re daha uzun ve konforlu oldu\u011funu dile getiren Demir, \u201cAyn\u0131 zamanda tek seferde daha fazla yolcu ta\u015f\u0131ma kapasitesine sahip. O y\u00fczden koltuk kapasiteli ta\u015f\u0131ma sistemine g\u00f6re, bizim i\u00e7in \u00f6nemlilik arz ediyordu. Tek seferde daha fazla yolcu ta\u015f\u0131yabilece\u011fiz\u201d diye konu\u015ftu.<\/p>\n<p>Grup Amiri Ye\u015fildal: \u201cYo\u011fun olan hatlar\u0131m\u0131zda ara\u00e7lar\u0131m\u0131z\u0131 fazlala\u015ft\u0131rd\u0131k\u201d<\/p>\n<p>Ula\u015f\u0131m Dairesi Ba\u015fkanl\u0131\u011f\u0131 Toplu Ta\u015f\u0131ma \u015eube M\u00fcd\u00fcrl\u00fc\u011f\u00fc\u2019nde 2. Vardiya Grup Amiri olarak g\u00f6rev yapan Aydemir Ye\u015fildal, ara\u00e7 filosu geni\u015fledik\u00e7e sefer say\u0131s\u0131 s\u0131kla\u015ft\u0131\u011f\u0131 i\u00e7in vatanda\u015flardan \u00e7ok iyi tepkiler ald\u0131klar\u0131n\u0131 ifade ederek, \u201cYo\u011fun olan hatlar\u0131m\u0131zda olan istek \u00fczerine ara\u00e7lar\u0131m\u0131z\u0131 oralarda fazlala\u015ft\u0131rd\u0131k. Ara\u00e7lar\u0131m\u0131z daha s\u0131k \u00e7al\u0131\u015f\u0131yor, \u00e7ok iyi tepkiler al\u0131yoruz ve Eyl\u00fcl ay\u0131na kadar di\u011fer ara\u00e7lar\u0131m\u0131z\u0131n da filomuza kat\u0131lmas\u0131yla daha g\u00fczel bir hizmet sunaca\u011f\u0131m\u0131zdan eminim. Belediye Ba\u015fkan\u0131m\u0131z Say\u0131n Vahap Se\u00e7er\u2019e b\u00f6yle bir se\u00e7im yapt\u0131\u011f\u0131, bizlere bu imk\u00e2nlar\u0131 sa\u011flad\u0131\u011f\u0131 i\u00e7in Mersin halk\u0131 ad\u0131na da te\u015fekk\u00fcr ediyorum\u201d dedi.<\/p>\n<p>\u201cLimon otob\u00fcslerimiz halk\u0131m\u0131za hay\u0131rl\u0131, u\u011furlu olsun\u201d<\/p>\n<p>B\u00fcy\u00fck\u015fehir Belediyesi\u2019nde 1.5 y\u0131ld\u0131r \u015fof\u00f6rl\u00fck yapan 2 \u00e7ocuk annesi Sultan Y\u0131ld\u0131r\u0131m, yeni gelen otob\u00fcslerle daha rahat bir ula\u015f\u0131m sa\u011fland\u0131\u011f\u0131n\u0131 belirtirken, \u201cAra\u00e7lar\u0131m\u0131z do\u011falgazl\u0131, \u00e7evre dostu. \u00c7ok konforlu, kapsaml\u0131, g\u00fczel. Vatanda\u015flar\u0131m\u0131z\u0131n i\u00e7inde rahat edeceklerini d\u00fc\u015f\u00fcn\u00fcyoruz. Vatanda\u015flardan \u015fimdi daha g\u00fczel tepkiler al\u0131yoruz\u201d diye konu\u015ftu.<\/p>\n<p>\u201cEmniyet unsuru en \u00f6n planda tutularak \u00fcretilmi\u015f bir ara\u00e7\u201d<\/p>\n<p>\u015eof\u00f6r Niyazi Demirkaz\u0131k ise i\u015fini severek yapt\u0131\u011f\u0131n\u0131 vurgulayarak, \u201cAra\u00e7lar\u0131m\u0131z \u00e7evre dostu. Yolcular\u0131m\u0131z ve bizim emniyetimiz \u00f6n planda tutularak \u00fcretilmi\u015f bir ara\u00e7. Son sistem ara\u00e7lar. Bu konuda Belediyemizin \u00e7ok iyi bir tercih yapt\u0131\u011f\u0131n\u0131 d\u00fc\u015f\u00fcn\u00fcyorum ben. Sefer say\u0131lar\u0131m\u0131z\u0131n artmas\u0131 da yolcular\u0131m\u0131z\u0131n ma\u011fduriyetini d\u00fc\u015f\u00fcr\u00fcyor\u201d ifadelerini kulland\u0131.<\/p>\n<p>\u201cUla\u015f\u0131m \u00e7ok s\u0131k\u0131nt\u0131l\u0131yd\u0131 ama \u015fimdi rahat rahat gidip geliniyor\u201d<\/p>\n<p>Limon otob\u00fcsleri ilk kez kulland\u0131\u011f\u0131n\u0131 ve \u00e7ok memnun kald\u0131\u011f\u0131n\u0131 ifade eden vatanda\u015flardan Dudu Ate\u015f, \u201cDaha \u00f6nce kuyruk bekliyorlard\u0131 vatanda\u015flar. S\u0131k\u0131nt\u0131 ya\u015f\u0131yorlard\u0131. Ula\u015f\u0131m \u00e7ok s\u0131k\u0131nt\u0131l\u0131yd\u0131. Ama \u015fimdi rahat rahat herkes oturuyor, rahat rahat gidip geliniyor. Her yere ula\u015f\u0131l\u0131yor, da\u011f\u0131n ba\u015f\u0131na dahi gidiyor. G\u00fczel yani\u201d diye konu\u015ftu.<\/p>\n<p>Mersin\u2019de ya\u015fayan ve yurt d\u0131\u015f\u0131ndan emekli Leman Soyyi\u011fit de hizmetten duydu\u011fu memnuniyeti dile getirerek, \u201cHarika olmu\u015f. \u00c7\u00fcnk\u00fc \u00e7ok kalabal\u0131k oldu\u011funda rahats\u0131z oluyor insanlar. Toplu ta\u015f\u0131may\u0131 genellikle kullan\u0131yorum. Yeni ara\u00e7lar olunca daha modern oluyor. B\u00f6yle temiz oldu\u011funda daha iyi olur tabi insanlar i\u00e7in. Hastal\u0131k da azal\u0131r. Temiz kullan\u0131lmas\u0131 laz\u0131m. Ba\u015fkan\u0131m\u0131z \u00e7ok g\u00fczel \u00e7al\u0131\u015f\u0131yor. Te\u015fekk\u00fcr ederim kendisine\u201d dedi.<\/p>\n","protected":false},"excerpt":{"rendered":"<p>Vatanda\u015flar\u0131n h\u0131zl\u0131, ekonomik ve konforlu bir \u015fekilde seyahat edebilmesini sa\u011flarken ayn\u0131 zamanda \u00e7evreyi de korumay\u0131 ama\u00e7layan Mersin B\u00fcy\u00fck\u015fehir Belediyesi\u2019nin \u201cSar\u0131 Limonlar\u201d ismini verdi\u011fi 87 CNG\u2019li otob\u00fcs\u00fcn 3. partisi de geldi. &hellip; <a href=\"https:\/\/akdenizolaygazetesi.com\/?p=12785\" class=\"more-link\">Devam\u0131n\u0131 Oku&#8230;<\/a><\/p>\n","protected":false},"author":2,"featured_media":12786,"comment_status":"open","ping_status":"open","sticky":false,"template":"","format":"standard","meta":[],"categories":[8,2,3,5],"tags":[],"_links":{"self":[{"href":"https:\/\/akdenizolaygazetesi.com\/index.php?rest_route=\/wp\/v2\/posts\/12785"}],"collection":[{"href":"https:\/\/akdenizolaygazetesi.com\/index.php?rest_route=\/wp\/v2\/posts"}],"about":[{"href":"https:\/\/akdenizolaygazetesi.com\/index.php?rest_route=\/wp\/v2\/types\/post"}],"author":[{"embeddable":true,"href":"https:\/\/akdenizolaygazetesi.com\/index.php?rest_route=\/wp\/v2\/users\/2"}],"replies":[{"embeddable":true,"href":"https:\/\/akdenizolaygazetesi.com\/index.php?rest_route=%2Fwp%2Fv2%2Fcomments&post=12785"}],"version-history":[{"count":1,"href":"https:\/\/akdenizolaygazetesi.com\/index.php?rest_route=\/wp\/v2\/posts\/12785\/revisions"}],"predecessor-version":[{"id":12787,"href":"https:\/\/akdenizolaygazetesi.com\/index.php?rest_route=\/wp\/v2\/posts\/12785\/revisions\/12787"}],"wp:featuredmedia":[{"embeddable":true,"href":"https:\/\/akdenizolaygazetesi.com\/index.php?rest_route=\/wp\/v2\/media\/12786"}],"wp:attachment":[{"href":"https:\/\/akdenizolaygazetesi.com\/index.php?rest_route=%2Fwp%2Fv2%2Fmedia&parent=12785"}],"wp:term":[{"taxonomy":"category","embeddable":true,"href":"https:\/\/akdenizolaygazetesi.com\/index.php?rest_route=%2Fwp%2Fv2%2Fcategories&post=12785"},{"taxonomy":"post_tag","embeddable":true,"href":"https:\/\/akdenizolaygazetesi.com\/index.php?rest_route=%2Fwp%2Fv2%2Ftags&post=12785"}],"curies":[{"name":"wp","href":"https:\/\/api.w.org\/{rel}","templated":true}]}}