{"id":1279,"date":"2020-11-04T18:21:51","date_gmt":"2020-11-04T15:21:51","guid":{"rendered":"http:\/\/mersinekonomipolitikagazetesi.com\/?p=1279"},"modified":"2020-11-04T18:21:51","modified_gmt":"2020-11-04T15:21:51","slug":"ramazan-oncesi-akdenizdeki-camilerde-temizlik","status":"publish","type":"post","link":"https:\/\/akdenizolaygazetesi.com\/?p=1279","title":{"rendered":"Ramazan \u00f6ncesi Akdeniz&#8217;deki camilerde temizlik"},"content":{"rendered":"<p>Mersin\u2019in merkez il\u00e7e Akdeniz Belediyesi, Ramazan ay\u0131n\u0131n yakla\u015fmas\u0131 dolay\u0131s\u0131yla il\u00e7e genelindeki camilerde temizlik \u00e7al\u0131\u015fmas\u0131 ba\u015flatt\u0131.<\/p>\n<p>Akdeniz Belediyesi, okullardan sonra camilerde de temizlik ve dezenfekte \u00e7al\u0131\u015fmalar\u0131na h\u0131z verdi. \u0130lk olarak il\u00e7e s\u0131n\u0131rlar\u0131 i\u00e7inde yer alan \u00c7ilek Mahallesi&#8217;ndeki Hazreti Ey\u00fcp Cami\u2019nde temizlik \u00e7al\u0131\u015fmas\u0131 yapan ekipler, hal\u0131 y\u0131kama makinesi ile caminin t\u00fcm hal\u0131lar\u0131n\u0131 y\u0131kay\u0131p dezenfekte etti. Ekipler, caminin genel temizli\u011fini de yerine getirdi. May\u0131s ay\u0131nda ba\u015flat\u0131lan camilerde temizlik \u00e7al\u0131\u015fmalar\u0131n\u0131n, Ramazan ay\u0131 boyunca daha kapsaml\u0131 bir \u015fekilde s\u00fcrd\u00fcr\u00fclece\u011fi bildirildi.<br \/>\n\u00c7al\u0131\u015fmalarla ilgili a\u00e7\u0131klama yapan Akdeniz Belediye Ba\u015fkan\u0131 Hamdi Bilge Akta\u015f, ibadethanelerin temiz olmas\u0131 konusunda hassas davrand\u0131klar\u0131n\u0131 belirterek, halk\u0131n namaz k\u0131ld\u0131\u011f\u0131 kutsal yerlerin temiz ve sa\u011fl\u0131kl\u0131 kalmas\u0131 i\u00e7in ellerinden geleni yapacaklar\u0131n\u0131 ifade etti. \u0130nsan odakl\u0131 hizmet vermeye \u00e7al\u0131\u015ft\u0131klar\u0131n\u0131 vurgulayan Akta\u015f, &#8220;Okul veya cami ve di\u011fer kutsal mekanlara y\u00f6nelik temizlik ve ye\u015fil alan kazand\u0131rma \u00e7al\u0131\u015fmalar\u0131n\u0131 da imkanlar\u0131m\u0131z \u00f6l\u00e7\u00fcs\u00fcnde ve periyodik olarak yerine getirmeye \u00e7al\u0131\u015f\u0131yoruz. M\u00fcbarek Ramazan ay\u0131 \u00f6ncesinde camileri temizleyerek vatanda\u015flar\u0131m\u0131z\u0131n ibadetlerini daha nezih ortamlarda ge\u00e7irmelerini temin etmeyi ama\u00e7l\u0131yoruz. Ekiplerimiz taraf\u0131ndan ger\u00e7ekle\u015ftirilen \u00e7al\u0131\u015fmalarda, Ramazan ay\u0131na kadar il\u00e7ede bulunan camilerimizin temizli\u011fini bitirmeyi hedefliyoruz\u201d dedi.<\/p>\n","protected":false},"excerpt":{"rendered":"<p>Mersin\u2019in merkez il\u00e7e Akdeniz Belediyesi, Ramazan ay\u0131n\u0131n yakla\u015fmas\u0131 dolay\u0131s\u0131yla il\u00e7e genelindeki camilerde temizlik \u00e7al\u0131\u015fmas\u0131 ba\u015flatt\u0131. Akdeniz Belediyesi, okullardan sonra camilerde de temizlik ve dezenfekte \u00e7al\u0131\u015fmalar\u0131na h\u0131z verdi. \u0130lk olarak il\u00e7e &hellip; <a href=\"https:\/\/akdenizolaygazetesi.com\/?p=1279\" class=\"more-link\">Devam\u0131n\u0131 Oku&#8230;<\/a><\/p>\n","protected":false},"author":1,"featured_media":0,"comment_status":"open","ping_status":"open","sticky":false,"template":"","format":"standard","meta":[],"categories":[],"tags":[],"_links":{"self":[{"href":"https:\/\/akdenizolaygazetesi.com\/index.php?rest_route=\/wp\/v2\/posts\/1279"}],"collection":[{"href":"https:\/\/akdenizolaygazetesi.com\/index.php?rest_route=\/wp\/v2\/posts"}],"about":[{"href":"https:\/\/akdenizolaygazetesi.com\/index.php?rest_route=\/wp\/v2\/types\/post"}],"author":[{"embeddable":true,"href":"https:\/\/akdenizolaygazetesi.com\/index.php?rest_route=\/wp\/v2\/users\/1"}],"replies":[{"embeddable":true,"href":"https:\/\/akdenizolaygazetesi.com\/index.php?rest_route=%2Fwp%2Fv2%2Fcomments&post=1279"}],"version-history":[{"count":0,"href":"https:\/\/akdenizolaygazetesi.com\/index.php?rest_route=\/wp\/v2\/posts\/1279\/revisions"}],"wp:attachment":[{"href":"https:\/\/akdenizolaygazetesi.com\/index.php?rest_route=%2Fwp%2Fv2%2Fmedia&parent=1279"}],"wp:term":[{"taxonomy":"category","embeddable":true,"href":"https:\/\/akdenizolaygazetesi.com\/index.php?rest_route=%2Fwp%2Fv2%2Fcategories&post=1279"},{"taxonomy":"post_tag","embeddable":true,"href":"https:\/\/akdenizolaygazetesi.com\/index.php?rest_route=%2Fwp%2Fv2%2Ftags&post=1279"}],"curies":[{"name":"wp","href":"https:\/\/api.w.org\/{rel}","templated":true}]}}