{"id":12791,"date":"2021-06-09T12:42:13","date_gmt":"2021-06-09T09:42:13","guid":{"rendered":"http:\/\/akdenizolaygazetesi.com\/?p=12791"},"modified":"2021-06-09T12:42:13","modified_gmt":"2021-06-09T09:42:13","slug":"akamib-sekiz-uyesiyle-sanayinin-devler-liginde","status":"publish","type":"post","link":"https:\/\/akdenizolaygazetesi.com\/?p=12791","title":{"rendered":"AKAM\u0130B, sekiz \u00fcyesiyle sanayinin Devler Ligi\u2019nde\u2026"},"content":{"rendered":"<p>Akdeniz Mobilya Ka\u011f\u0131t ve Orman \u00dcr\u00fcnleri \u0130hracat\u00e7\u0131lar\u0131 Birli\u011fi (AKAM\u0130B) \u00fcyesi sekiz firma, pandemiye ra\u011fmen g\u00f6sterdikleri ba\u015far\u0131l\u0131 performans ile 2019 y\u0131l\u0131nda oldu\u011fu gibi 2020 y\u0131l\u0131nda da T\u00fcrk sanayisinin \u201cDevler Ligi\u2019nde yer ald\u0131. \u0130stanbul Sanayi Odas\u0131\u2019n\u0131n \u0130SO 500 B\u00fcy\u00fck Sanayi Kurulu\u015fu Ara\u015ft\u0131rmas\u0131\u2019nda yer alan firmalar\u0131n tamam\u0131 ilk 300 i\u00e7indeki yerlerini korudular. <\/p>\n<p>Geride b\u0131rakt\u0131\u011f\u0131m\u0131z 2020 y\u0131l\u0131n\u0131n pandeminin g\u00f6lgesinde ge\u00e7ti\u011fini, \u00fcretim ve ihracatta bir\u00e7ok sorunlar ya\u015fand\u0131\u011f\u0131n\u0131 belirten AKAM\u0130B Y\u00f6netim Kurulu Ba\u015fkan\u0131 Onur K\u0131l\u0131\u00e7er, \u201cT\u00fcm bu olumsuzluklara ra\u011fmen, Kastamonu Entegre, \u0130stikbal, Bellona, Yata\u015f, Kipa\u015f Ka\u011f\u0131t, Olmuksan, Ankutsan, Kahramanmara\u015f Ka\u011f\u0131t gibi \u00fcyelerimiz ba\u015far\u0131lar\u0131 ile bizi gururland\u0131rd\u0131lar. AKAM\u0130B olarak hedefimiz; \u00fclkemizde \u00fcretim, istihdam ve ihracat\u0131 art\u0131rmak ve 2021 y\u0131l\u0131nda daha \u00e7ok firmam\u0131z\u0131 T\u00fcrk sanayisinin Devler Ligi\u2019nde yer almas\u0131n\u0131 sa\u011flamak\u201d diye konu\u015ftu. <\/p>\n<p>Genel s\u0131ralamada ilk 300 firma i\u00e7erisindeler<\/p>\n<p>\u0130SO\u2019nun T\u00fcrkiye\u2019nin En B\u00fcy\u00fck 500 Sanayi Kurulu\u015fu 2020 Ara\u015ft\u0131rmas\u0131\u2019nda yer alan AKAM\u0130B \u00fcyesi firmalardan Kastamonu Entegre A\u011fa\u00e7 San. ve Tic. A.\u015e genel s\u0131ralamada 46\u2019\u0131nc\u0131 olurken, \u0130stikbal Mobilya San. ve Tic. A.\u015e., 166\u2019\u0131nc\u0131, Bellona Mobilya San. ve Tic. A.\u015e. 196., YATA\u015e Yatak ve Yorgan San. Tic. A.\u015e. 201\u2019inci, Kipa\u015f Ka\u011f\u0131t Sanayi \u0130\u015fletmeleri A.\u015e. 214\u2019\u00fcnc\u00fc, Olmuksan International Paper Ambalaj San. ve Tic. A.\u015e. 234\u2019\u00fcnc\u00fc, ANKUTSAN Antalya Kutu Sanayi Oluklu Mukavva Ka\u011f\u0131t Ticaret A.\u015e. 264\u2019\u00fcnc\u00fc, Kahramanmara\u015f Ka\u011f\u0131t San. ve Tic. A.\u015e. ise 283\u2019\u00fcnca s\u0131rada yer ald\u0131.<\/p>\n<p>\u00d6zel sekt\u00f6r s\u0131ralamas\u0131na bak\u0131ld\u0131\u011f\u0131nda ise Kastamonu Entegre A\u011fa\u00e7 San. ve Tic. A.\u015e 43\u2019\u00fcnc\u00fc s\u0131rada olurken, \u0130stikbal Mobilya San. ve Tic. A.\u015e., 158, Bellona Mobilya San. ve Tic. A.\u015e. 188, YATA\u015e Yatak ve Yorgan San. Tic. A.\u015e. 193, Kipa\u015f Ka\u011f\u0131t Sanayi \u0130\u015fletmeleri A.\u015e. 206, Olmuksan International Paper Ambalaj San. ve Tic. A.\u015e. 226, ANKUTSAN Antalya Kutu Sanayi Oluklu Mukavva Ka\u011f\u0131t Ticaret A.\u015e. 256, Kahramanmara\u015f Ka\u011f\u0131t San. ve Tic. A.\u015e. ise 275\u2019inci s\u0131rada yer ald\u0131<\/p>\n<p>Birlik ihracat\u0131n\u0131n yar\u0131s\u0131n\u0131 listeye giren firmalar ger\u00e7ekle\u015ftirdi.<\/p>\n<p>AKAM\u0130B \u00fcyesi sekiz firma 2020 y\u0131l\u0131nda toplam 13.4 milyar TL \u00fcretimden net sat\u0131\u015f sa\u011flarken, 15.4 milyar TL net sat\u0131\u015f rakam\u0131 ger\u00e7ekle\u015ftirdiler. 2020 y\u0131l\u0131 Ocak- Aral\u0131k d\u00f6nemi AKAM\u0130B\u2019in 716 milyon 308 bin dolar ihracat ger\u00e7ekle\u015ftirirken, bu rakam\u0131n 386.1 milyon dolar\u0131n\u0131 \u0130SO 500 B\u00fcy\u00fck listesine giren 8 firma ger\u00e7ekle\u015ftirdi. <\/p>\n<p>Korumac\u0131 politikalar ve hammadde sorunu engel<\/p>\n<p>D\u00fcnyada ve T\u00fcrkiye\u2019de pandemi ile birlikte artan korumac\u0131 politikalar\u0131n ihracat\u00e7\u0131 a\u00e7\u0131s\u0131ndan risk olu\u015fturdu\u011funa dikkat \u00e7eken AKAM\u0130B Ba\u015fkan\u0131 K\u0131l\u0131\u00e7er, hammadde temini ve lojistikte ya\u015fanan sorunlar\u0131n da bir\u00e7ok firman\u0131n sipari\u015fleri yeti\u015ftirmekte zorlanmas\u0131na neden oldu\u011funu bildirdi. Normalle\u015fme ile birlikte korumac\u0131 politikalar\u0131n ortadan kalkmas\u0131 ve global ticaretin h\u0131z kazanmas\u0131n\u0131 \u00fcmit ettiklerine de\u011finen K\u0131l\u0131\u00e7er, \u201cHammadde sorunu da a\u015f\u0131l\u0131rsa ihracat\u0131m\u0131zda s\u0131\u00e7rama ya\u015fanacakt\u0131r. AB, ABD ve Ortado\u011fu pazar\u0131ndan sekt\u00f6r\u00fcm\u00fcze y\u00f6nelik artan fark\u0131ndal\u0131k hi\u00e7 ku\u015fkusuz bunun bir g\u00f6stergesi\u201d dedi. <\/p>\n<p>Normalle\u015fme mobilyaya olan talebi art\u0131racak<\/p>\n<p>AKAM\u0130B olarak pandemi s\u00fcrecinde ula\u015famad\u0131klar\u0131 pek \u00e7ok pazarda yeni ili\u015fkiler kurduklar\u0131na de\u011finen Ba\u015fkan K\u0131l\u0131\u00e7er, \u201cBu ili\u015fkileri fiziki fuar ve s\u0131cak pazarlama faaliyetleri yerine dijital platformlar arac\u0131l\u0131\u011f\u0131 ile ger\u00e7ekle\u015ftirdik. Pandemi sonras\u0131 insanlar\u0131n evlerinde kalmaya devam edece\u011fini ve bu vesile ile de ergonomik ve rahatl\u0131\u011f\u0131n \u00f6n plana \u00e7\u0131kt\u0131\u011f\u0131 ev mobilyas\u0131n\u0131n \u00f6neminin artaca\u011f\u0131n\u0131 ve insanlar\u0131n evlerine daha \u00e7ok yat\u0131r\u0131m yapaca\u011f\u0131n\u0131 d\u00fc\u015f\u00fcn\u00fcyorum. Bu durum ihracat\u0131m\u0131za olumlu yans\u0131yacakt\u0131r\u201d \u015feklinde konu\u015ftu. <\/p>\n<p>Y\u00fcksek katma de\u011ferli \u00fcretim ve ihracat i\u00e7in \u00e7al\u0131\u015fmaya devam<\/p>\n<p>Daha fazla ihracat yapmak ve s\u00fcrd\u00fcr\u00fclebilir b\u00fcy\u00fcme i\u00e7in ihracat\u0131 tabana yaymak gerekti\u011fini belirten Ba\u015fkan K\u0131l\u0131\u00e7er, \u201cSadece belli \u015fehirler ve belli sekt\u00f6rler de\u011fil, topyek\u00fcn bir art\u0131\u015f\u0131n \u00fclkemiz ekonomisine, istihdama katk\u0131s\u0131n\u0131n bilinciyle hareket ediyoruz. \u0130SO 500 b\u00fcy\u00fck listesinde yer alan firmalar\u0131m\u0131z, AR-Ge ve inovasyona yapt\u0131klar\u0131 yat\u0131r\u0131mlar ve y\u00fcksek katma de\u011ferli ihracat konusunda di\u011fer firmalar\u0131m\u0131za da \u00f6rnek oldular. Onlara te\u015fekk\u00fcr ediyorum. Biz de AKAM\u0130B olarak, verdi\u011fimiz e\u011fitimler, tasar\u0131m yar\u0131\u015fmalar\u0131 ve UR-GE projeleri ile k\u00fc\u00e7\u00fck i\u015fletmelerimizi de katma de\u011ferli \u00fcretime y\u00f6nlendirmek i\u00e7in \u00e7al\u0131\u015fmalar\u0131m\u0131z\u0131 aral\u0131ks\u0131z s\u00fcrd\u00fcr\u00fcyoruz\u201d dedi.<\/p>\n","protected":false},"excerpt":{"rendered":"<p>Akdeniz Mobilya Ka\u011f\u0131t ve Orman \u00dcr\u00fcnleri \u0130hracat\u00e7\u0131lar\u0131 Birli\u011fi (AKAM\u0130B) \u00fcyesi sekiz firma, pandemiye ra\u011fmen g\u00f6sterdikleri ba\u015far\u0131l\u0131 performans ile 2019 y\u0131l\u0131nda oldu\u011fu gibi 2020 y\u0131l\u0131nda da T\u00fcrk sanayisinin \u201cDevler Ligi\u2019nde yer &hellip; <a href=\"https:\/\/akdenizolaygazetesi.com\/?p=12791\" class=\"more-link\">Devam\u0131n\u0131 Oku&#8230;<\/a><\/p>\n","protected":false},"author":2,"featured_media":12792,"comment_status":"open","ping_status":"open","sticky":false,"template":"","format":"standard","meta":[],"categories":[8,3,5],"tags":[],"_links":{"self":[{"href":"https:\/\/akdenizolaygazetesi.com\/index.php?rest_route=\/wp\/v2\/posts\/12791"}],"collection":[{"href":"https:\/\/akdenizolaygazetesi.com\/index.php?rest_route=\/wp\/v2\/posts"}],"about":[{"href":"https:\/\/akdenizolaygazetesi.com\/index.php?rest_route=\/wp\/v2\/types\/post"}],"author":[{"embeddable":true,"href":"https:\/\/akdenizolaygazetesi.com\/index.php?rest_route=\/wp\/v2\/users\/2"}],"replies":[{"embeddable":true,"href":"https:\/\/akdenizolaygazetesi.com\/index.php?rest_route=%2Fwp%2Fv2%2Fcomments&post=12791"}],"version-history":[{"count":1,"href":"https:\/\/akdenizolaygazetesi.com\/index.php?rest_route=\/wp\/v2\/posts\/12791\/revisions"}],"predecessor-version":[{"id":12793,"href":"https:\/\/akdenizolaygazetesi.com\/index.php?rest_route=\/wp\/v2\/posts\/12791\/revisions\/12793"}],"wp:featuredmedia":[{"embeddable":true,"href":"https:\/\/akdenizolaygazetesi.com\/index.php?rest_route=\/wp\/v2\/media\/12792"}],"wp:attachment":[{"href":"https:\/\/akdenizolaygazetesi.com\/index.php?rest_route=%2Fwp%2Fv2%2Fmedia&parent=12791"}],"wp:term":[{"taxonomy":"category","embeddable":true,"href":"https:\/\/akdenizolaygazetesi.com\/index.php?rest_route=%2Fwp%2Fv2%2Fcategories&post=12791"},{"taxonomy":"post_tag","embeddable":true,"href":"https:\/\/akdenizolaygazetesi.com\/index.php?rest_route=%2Fwp%2Fv2%2Ftags&post=12791"}],"curies":[{"name":"wp","href":"https:\/\/api.w.org\/{rel}","templated":true}]}}