{"id":12794,"date":"2021-06-09T12:45:57","date_gmt":"2021-06-09T09:45:57","guid":{"rendered":"http:\/\/akdenizolaygazetesi.com\/?p=12794"},"modified":"2021-06-09T12:46:13","modified_gmt":"2021-06-09T09:46:13","slug":"egin-cok-ozel-ve-anlamli-bir-proje","status":"publish","type":"post","link":"https:\/\/akdenizolaygazetesi.com\/?p=12794","title":{"rendered":"E\u011fin; \u201c\u00c7ok \u00f6zel ve anlaml\u0131 bir proje\u201d"},"content":{"rendered":"<p>Akdeniz Belediyesi\u2019nin; \u0130\u00e7el Sanat Kul\u00fcb\u00fc ve Mersin Olba Rotary Kul\u00fcb\u00fc ortakl\u0131\u011f\u0131nda ger\u00e7ekle\u015ftirdi\u011fi, \u2018M\u00fclteciler ile Sosyal Uyum Projesi\u2019 kapsam\u0131nda, m\u00fclteci ve T\u00fcrk \u00e7ocuklar\u0131 ile ailelerinin kat\u0131l\u0131m\u0131yla bir etkinlik d\u00fczenlendi.<br \/>\nProje kapsam\u0131nda 4 hafta s\u00fcren etkinlikler zincirinde 8-12 ya\u015f aral\u0131\u011f\u0131ndaki m\u00fclteci \u00e7ocuklar ile Kazanl\u0131 Mahallesi\u2019nde ya\u015fayan \u00e7ocuklar, k\u00fclt\u00fcrel, sanatsal, sportif ve felsefe i\u00e7erikli etkinliklerde bir araya gelerek kayna\u015ft\u0131lar, s\u0131k\u0131 arkada\u015fl\u0131k ba\u011f\u0131 kurdular. K\u00fclt\u00fcr ve Sosyal \u0130\u015fler M\u00fcd\u00fcrl\u00fc\u011f\u00fc\u2019nce; Kazanl\u0131 Mahallesi\u2019nde d\u00fczenlenen bulu\u015fmaya, Akdeniz Belediye Meclis \u00fcyesi Ayd\u0131n E\u011fin, proje orta\u011f\u0131 kul\u00fcp temsilcileri, e\u011fitmenler, Kazanl\u0131 Muhtar\u0131 S\u00fcleyman Serin, m\u00fclteci \u00e7ocuklar, aileleri ve mahalle sakinleri kat\u0131ld\u0131. Heykel ve felsefe at\u00f6lyesi ile sa\u011fl\u0131kl\u0131 at\u0131\u015ft\u0131rmal\u0131klar konular\u0131nda sunum yap\u0131lan etkinlikte, \u00e7ocuklar\u0131n yapt\u0131\u011f\u0131 heykeller ile \u00e7izdikleri resimleri de sergilendi. Projeye katk\u0131 sunan ve emek verenlere plaket takdim edildi.<br \/>\nE\u011fin; \u201c\u00c7ok \u00f6zel ve anlaml\u0131 bir proje\u201d<br \/>\nAkdeniz Belediye Meclis \u00dcyesi Ayd\u0131n E\u011fin, etkinlikte yapt\u0131\u011f\u0131 konu\u015fmada, belediye olarak b\u00f6ylesi anlaml\u0131 bir etkinlikte yer almaktan dolay\u0131 mutlu olduklar\u0131n\u0131 ifade etti. E\u011fin; \u201cAkdeniz belediyemizle birlikte bu \u00f6zel projenin orta\u011f\u0131 olan kul\u00fcplerimize ve ayr\u0131ca \u00e7ocuklar\u0131m\u0131z\u0131n i\u00e7lerindeki cevheri ke\u015ffetmelerine \u0131\u015f\u0131k tutan e\u011fitmenlerimize te\u015fekk\u00fcr ediyorum. Ge\u00e7mi\u015fte \u00f6zlemini \u00e7ekti\u011fimiz ve bug\u00fcn Akdeniz\u2019de h\u00e2kim olan bar\u0131\u015f, karde\u015flik ve huzur iklimine katk\u0131 sunacak bu anlaml\u0131 ve \u00f6zel projenin hayat bulmas\u0131nda eme\u011fi ge\u00e7en herkese te\u015fekk\u00fcr ediyorum\u201d dedi.<br \/>\nM\u00fcltecilerle Sosyal Uyum Projesi hakk\u0131nda\u2026<br \/>\nSava\u015f veya benzeri nedenlerle, aileleri ile birlikte \u00fclkelerini terk edip T\u00fcrkiye\u2019ye g\u00f6\u00e7 eden m\u00fclteci \u00e7ocuklar ile T\u00fcrk \u00e7ocuklar\u0131n\u0131 bulu\u015fturup kayna\u015ft\u0131ran; k\u00fclt\u00fcrel, sanatsal, sportif ve felsefe i\u00e7erikli etkinliklerle, \u00e7ocuklar\u0131n i\u00e7lerindeki cevheri ke\u015ffetmelerini sa\u011flayan proje sayesinde, toplumsal uyum s\u00fcrecinin h\u0131zlanmas\u0131, g\u00fc\u00e7lendirilmesi ve bir tak\u0131m toplumsal \u00f6nyarg\u0131lar\u0131n ortadan kald\u0131r\u0131lmas\u0131 ama\u00e7lan\u0131yor.<\/p>\n","protected":false},"excerpt":{"rendered":"<p>Akdeniz Belediyesi\u2019nin; \u0130\u00e7el Sanat Kul\u00fcb\u00fc ve Mersin Olba Rotary Kul\u00fcb\u00fc ortakl\u0131\u011f\u0131nda ger\u00e7ekle\u015ftirdi\u011fi, \u2018M\u00fclteciler ile Sosyal Uyum Projesi\u2019 kapsam\u0131nda, m\u00fclteci ve T\u00fcrk \u00e7ocuklar\u0131 ile ailelerinin kat\u0131l\u0131m\u0131yla bir etkinlik d\u00fczenlendi. Proje kapsam\u0131nda &hellip; <a href=\"https:\/\/akdenizolaygazetesi.com\/?p=12794\" class=\"more-link\">Devam\u0131n\u0131 Oku&#8230;<\/a><\/p>\n","protected":false},"author":2,"featured_media":12795,"comment_status":"open","ping_status":"open","sticky":false,"template":"","format":"standard","meta":[],"categories":[3,5],"tags":[],"_links":{"self":[{"href":"https:\/\/akdenizolaygazetesi.com\/index.php?rest_route=\/wp\/v2\/posts\/12794"}],"collection":[{"href":"https:\/\/akdenizolaygazetesi.com\/index.php?rest_route=\/wp\/v2\/posts"}],"about":[{"href":"https:\/\/akdenizolaygazetesi.com\/index.php?rest_route=\/wp\/v2\/types\/post"}],"author":[{"embeddable":true,"href":"https:\/\/akdenizolaygazetesi.com\/index.php?rest_route=\/wp\/v2\/users\/2"}],"replies":[{"embeddable":true,"href":"https:\/\/akdenizolaygazetesi.com\/index.php?rest_route=%2Fwp%2Fv2%2Fcomments&post=12794"}],"version-history":[{"count":1,"href":"https:\/\/akdenizolaygazetesi.com\/index.php?rest_route=\/wp\/v2\/posts\/12794\/revisions"}],"predecessor-version":[{"id":12796,"href":"https:\/\/akdenizolaygazetesi.com\/index.php?rest_route=\/wp\/v2\/posts\/12794\/revisions\/12796"}],"wp:featuredmedia":[{"embeddable":true,"href":"https:\/\/akdenizolaygazetesi.com\/index.php?rest_route=\/wp\/v2\/media\/12795"}],"wp:attachment":[{"href":"https:\/\/akdenizolaygazetesi.com\/index.php?rest_route=%2Fwp%2Fv2%2Fmedia&parent=12794"}],"wp:term":[{"taxonomy":"category","embeddable":true,"href":"https:\/\/akdenizolaygazetesi.com\/index.php?rest_route=%2Fwp%2Fv2%2Fcategories&post=12794"},{"taxonomy":"post_tag","embeddable":true,"href":"https:\/\/akdenizolaygazetesi.com\/index.php?rest_route=%2Fwp%2Fv2%2Ftags&post=12794"}],"curies":[{"name":"wp","href":"https:\/\/api.w.org\/{rel}","templated":true}]}}