{"id":12797,"date":"2021-06-10T12:00:42","date_gmt":"2021-06-10T09:00:42","guid":{"rendered":"http:\/\/akdenizolaygazetesi.com\/?p=12797"},"modified":"2021-06-10T12:00:42","modified_gmt":"2021-06-10T09:00:42","slug":"toroslar-ilcesinde-devam-eden-proje-ve-yatirimlar-da-konusuldu","status":"publish","type":"post","link":"https:\/\/akdenizolaygazetesi.com\/?p=12797","title":{"rendered":"Toroslar il\u00e7esinde devam eden proje ve yat\u0131r\u0131mlar da konu\u015fuldu"},"content":{"rendered":"<p>Toroslar Belediyesi, Avrupa Konseyi Yerel ve B\u00f6lgesel Y\u00f6netimler Kongresi ECR Siyasi Grup Toplant\u0131s\u0131&#8217;nda b\u00f6lgeyi temsil etti.<\/p>\n<p>Videokonferans y\u00f6ntemiyle ger\u00e7ekle\u015ftirilen ve siyasi grup memurlar\u0131n\u0131n se\u00e7iminin de yap\u0131ld\u0131\u011f\u0131 toplant\u0131da, Toroslar il\u00e7esinde devam eden proje ve yat\u0131r\u0131mlar da konu\u015fuldu.<\/p>\n<p>Toroslar Belediyesi, il\u00e7enin g\u00fc\u00e7l\u00fc potansiyelini ortaya \u00e7\u0131kartan projeleriyle g\u00f6z doldururken, \u00e7al\u0131\u015fmalar\u0131nda ara\u015ft\u0131rma ve geli\u015ftirme y\u00f6ntemine de \u00f6nem veriyor.<\/p>\n<p>Toroslar Belediye Ba\u015fkan\u0131 Ats\u0131z Af\u015f\u0131n Y\u0131lmaz, \u00c7evik Belediyecilik anlay\u0131\u015f\u0131yla \u00e7al\u0131\u015fmalar\u0131n\u0131 s\u00fcrd\u00fcrd\u00fcklerini belirterek; &#8220;Kentimizin geli\u015fimini h\u0131zland\u0131racak yenilikleri yak\u0131ndan takip ediyor, Toroslar\u0131m\u0131z\u0131 gelece\u011fe haz\u0131rlayacak her f\u0131rsat\u0131 de\u011ferlendiriyoruz&#8221; dedi.<\/p>\n<p>Ar-Ge ve teknolojik yeniliklere y\u00f6nelik destek programlar\u0131n\u0131 \u00f6nemsediklerini belirten Ba\u015fkan Y\u0131lmaz; &#8220;\u00c7al\u0131\u015fmalar\u0131m\u0131z\u0131 y\u00fcr\u00fct\u00fcrken ulusal ve uluslararas\u0131 d\u00fczeyde yerel y\u00f6netimler aras\u0131nda deneyimlerin payla\u015f\u0131lmas\u0131na da \u00f6nem veriyoruz. Belediyemizin, Avrupa Konseyi Yerel ve B\u00f6lgesel Y\u00f6netimler Kongresi&#8217;nde yer alm\u0131\u015f olmas\u0131 son derece \u00f6nemlidir. Yenilikleri takip eden \u00c7evik Belediyecilik anlay\u0131\u015fla kentimiz i\u00e7in \u00e7al\u0131\u015f\u0131yoruz&#8221; ifadelerini kulland\u0131.<\/p>\n","protected":false},"excerpt":{"rendered":"<p>Toroslar Belediyesi, Avrupa Konseyi Yerel ve B\u00f6lgesel Y\u00f6netimler Kongresi ECR Siyasi Grup Toplant\u0131s\u0131&#8217;nda b\u00f6lgeyi temsil etti. Videokonferans y\u00f6ntemiyle ger\u00e7ekle\u015ftirilen ve siyasi grup memurlar\u0131n\u0131n se\u00e7iminin de yap\u0131ld\u0131\u011f\u0131 toplant\u0131da, Toroslar il\u00e7esinde devam &hellip; <a href=\"https:\/\/akdenizolaygazetesi.com\/?p=12797\" class=\"more-link\">Devam\u0131n\u0131 Oku&#8230;<\/a><\/p>\n","protected":false},"author":2,"featured_media":12798,"comment_status":"open","ping_status":"open","sticky":false,"template":"","format":"standard","meta":[],"categories":[3,5],"tags":[],"_links":{"self":[{"href":"https:\/\/akdenizolaygazetesi.com\/index.php?rest_route=\/wp\/v2\/posts\/12797"}],"collection":[{"href":"https:\/\/akdenizolaygazetesi.com\/index.php?rest_route=\/wp\/v2\/posts"}],"about":[{"href":"https:\/\/akdenizolaygazetesi.com\/index.php?rest_route=\/wp\/v2\/types\/post"}],"author":[{"embeddable":true,"href":"https:\/\/akdenizolaygazetesi.com\/index.php?rest_route=\/wp\/v2\/users\/2"}],"replies":[{"embeddable":true,"href":"https:\/\/akdenizolaygazetesi.com\/index.php?rest_route=%2Fwp%2Fv2%2Fcomments&post=12797"}],"version-history":[{"count":1,"href":"https:\/\/akdenizolaygazetesi.com\/index.php?rest_route=\/wp\/v2\/posts\/12797\/revisions"}],"predecessor-version":[{"id":12799,"href":"https:\/\/akdenizolaygazetesi.com\/index.php?rest_route=\/wp\/v2\/posts\/12797\/revisions\/12799"}],"wp:featuredmedia":[{"embeddable":true,"href":"https:\/\/akdenizolaygazetesi.com\/index.php?rest_route=\/wp\/v2\/media\/12798"}],"wp:attachment":[{"href":"https:\/\/akdenizolaygazetesi.com\/index.php?rest_route=%2Fwp%2Fv2%2Fmedia&parent=12797"}],"wp:term":[{"taxonomy":"category","embeddable":true,"href":"https:\/\/akdenizolaygazetesi.com\/index.php?rest_route=%2Fwp%2Fv2%2Fcategories&post=12797"},{"taxonomy":"post_tag","embeddable":true,"href":"https:\/\/akdenizolaygazetesi.com\/index.php?rest_route=%2Fwp%2Fv2%2Ftags&post=12797"}],"curies":[{"name":"wp","href":"https:\/\/api.w.org\/{rel}","templated":true}]}}