{"id":12803,"date":"2021-06-10T12:08:21","date_gmt":"2021-06-10T09:08:21","guid":{"rendered":"http:\/\/akdenizolaygazetesi.com\/?p=12803"},"modified":"2021-06-10T12:08:40","modified_gmt":"2021-06-10T09:08:40","slug":"uretici-kadinlar-atik-malzemelerden-yaptiklari-urunleri-doga-dostu-stantlarda-sergiledi","status":"publish","type":"post","link":"https:\/\/akdenizolaygazetesi.com\/?p=12803","title":{"rendered":"\u00dcRET\u0130C\u0130 KADINLAR ATIK MALZEMELERDEN YAPTIKLARI \u00dcR\u00dcNLER\u0130 DO\u011eA DOSTU STANTLARDA SERG\u0130LED\u0130"},"content":{"rendered":"<p>Mersin B\u00fcy\u00fck\u015fehir Belediyesi, 5-11 Haziran D\u00fcnya \u00c7evre G\u00fcn\u00fc ve \u00c7evre Haftas\u0131 etkinlikleri kapsam\u0131nda kad\u0131n \u00fcreticiler i\u00e7in \u201cDo\u011fa Dostu \u00dcretici Stantlar\u0131\u201d olu\u015fturdu. \u00dcretici kad\u0131nlar, at\u0131k malzemeleri h\u00fcnerli ellerinde i\u015fledi, ortaya \u00e7\u0131kan s\u00fcs e\u015fyas\u0131ndan tekstil \u00fcr\u00fcnlerine kadar bir\u00e7ok e\u015fyay\u0131 stantlarda ekonomik kazanca d\u00f6n\u00fc\u015ft\u00fcrd\u00fc.<\/p>\n<p>Deniz kabuklar\u0131ndan d\u00fc\u015f kapan\u0131, ta\u015flardan dekoratif saks\u0131<\/p>\n<p>Kad\u0131n ve Aile Hizmetleri Dairesi taraf\u0131ndan Galatasaray Meydan\u0131\u2019na kurulan stantlarda, at\u0131k malzemelerden \u00fcretilen \u00fcr\u00fcnler sergilendi. Kad\u0131nlar evlerinden \u00e7\u0131kan ya da do\u011fada bulduklar\u0131 kullan\u0131labilir at\u0131klar\u0131 hayal g\u00fcc\u00fc ile birle\u015ftirerek, s\u00fcs e\u015fyas\u0131, ev ve bah\u00e7e \u00fcr\u00fcnleri ile tekstil \u00fcr\u00fcnleri ortaya \u00e7\u0131kard\u0131. Gazoz kapa\u011f\u0131 ve deniz kabuklar\u0131ndan d\u00fc\u015f kapan\u0131 ve tak\u0131lar, kot pantolondan \u00e7anta, ta\u015flardan dekoratif saks\u0131lar yapan kad\u0131nlar, at\u0131klar\u0131 sat\u0131labilir \u00fcr\u00fcnler haline getirdi, B\u00fcy\u00fck\u015fehir\u2019in stantlar\u0131 ile de ekonomik kazanca d\u00f6n\u00fc\u015ft\u00fcrd\u00fc.<\/p>\n<p>\u201cB\u00fcy\u00fck\u015fehir\u2019in bu \u00e7al\u0131\u015fmas\u0131n\u0131n \u00e7ok ba\u015far\u0131l\u0131 oldu\u011funu d\u00fc\u015f\u00fcn\u00fcyorum\u201d<\/p>\n<p>B\u00fcy\u00fck\u015fehir Belediyesi\u2019nin farkl\u0131 noktalarda kurdu\u011fu stantlarda 6 ayd\u0131r \u00fcr\u00fcnlerini sergileyen ev han\u0131m\u0131 Ay\u015fe Erim, hobi olarak ba\u015flad\u0131\u011f\u0131 i\u015fini kendini geli\u015ftirerek s\u00fcrd\u00fcrd\u00fc\u011f\u00fcn\u00fc ifade etti. Erim, B\u00fcy\u00fck\u015fehir Belediyesi\u2019nin kad\u0131nlar i\u00e7in a\u00e7t\u0131\u011f\u0131 stantlar\u0131, \u201cKad\u0131nlara sosyal olarak destek olma konusunda \u00e7ok ba\u015far\u0131l\u0131 oldu\u011funu d\u00fc\u015f\u00fcn\u00fcyorum. Bizi motive ediyor, evde oturmak yerine bir \u015feyler \u00fcretip, hep birlikte bir heyecan duyuyoruz. Ne zaman a\u00e7\u0131lacak diye heyecanla bekliyoruz\u201d c\u00fcmleleriyle de\u011ferlendirdi.<\/p>\n<p>\u201cDo\u011faya gitti\u011fimiz zaman \u00e7ok g\u00fczel materyaller buluyoruz\u201d<\/p>\n<p>E\u015fiyle birlikte yapt\u0131klar\u0131 \u00fcr\u00fcnleri anlatan Erim, \u201cDo\u011fa dostuyuz ailecek. Do\u011faya gitti\u011fimiz zaman \u00e7ok g\u00fczel materyaller buluyoruz, mutlaka g\u00f6z\u00fcm\u00fcz yerde, a\u011fa\u00e7ta olur ne yapabiliriz, neyi geri d\u00f6n\u00fc\u015ft\u00fcrebiliriz diye. Kurumu\u015f yosunlar\u0131 toplay\u0131p mesela ona de\u011fi\u015fik \u015fekillerde g\u00fczel tanzimler yap\u0131yoruz\u201d derken, Ba\u015fkan Se\u00e7er\u2019e, \u201cKendisini tebrik ediyorum, kad\u0131nlar\u0131m\u0131za destek verdi\u011fi i\u00e7in ayr\u0131ca te\u015fekk\u00fcr ediyorum. \u00d6nemsendi\u011fimizi hissettiriyor bize\u201d c\u00fcmleleriyle te\u015fekk\u00fcr etti.<\/p>\n<p>\u201cTabiatta geri d\u00f6n\u00fc\u015f\u00fcm olacak o kadar \u00e7ok \u015fey var ki\u201d<\/p>\n<p>Raziye Yal\u00e7\u0131n, Ev Ekonomisi Meslek Lisesi mezunu oldu\u011funu ve emekli olduktan sonra da el sanatlar\u0131 yapmaya devam etti\u011fini ifade etti. At\u0131klardan yapt\u0131\u011f\u0131 \u00fcr\u00fcnleri tan\u0131tan Yal\u00e7\u0131n, \u201cEvdeki bir s\u00fcr\u00fc objeyi ba\u015fka bir \u015feye d\u00f6n\u00fc\u015ft\u00fcrerek, tak\u0131lar, saks\u0131lar yaparak de\u011ferlendiriyorum \u00e7evreye katk\u0131da bulunmak i\u00e7in. Asl\u0131nda tabiatta geri d\u00f6n\u00fc\u015f\u00fcm olacak o kadar \u00e7ok \u015fey var ki insanlar bunlar\u0131 hep \u00e7\u00f6pe at\u0131yorlar. Mesela sa\u011fl\u0131kl\u0131 olsun diye yo\u011furdu \u00e7\u00f6mlekte al\u0131yorsun ve onu bir \u015fekilde \u00e7\u00f6pe at\u0131yorsun. Ben onlar\u0131 saks\u0131 yapt\u0131m mesela. Teneke kutu, konserve ve sal\u00e7a kutular\u0131n\u0131n d\u0131\u015f\u0131n\u0131 ke\u00e7eyle kaplay\u0131p do\u011fadan toplad\u0131\u011f\u0131m tahta par\u00e7alar\u0131yla, odun par\u00e7alar\u0131yla saks\u0131 ve vazo \u015fekline \u00e7evirdim, dekoratif \u015feyler yapmaya \u00e7al\u0131\u015ft\u0131m. Tak\u0131 asmak i\u00e7in objeler yapt\u0131m. Yani s\u0131f\u0131r maliyeti olan daha \u00f6nce al\u0131nm\u0131\u015f ama \u00e7\u00f6pe at\u0131lm\u0131\u015f, at\u0131lmak \u00fczere olan \u015feyleri geri d\u00f6n\u00fc\u015ft\u00fcrd\u00fcm. Tabii ki bu da aile b\u00fct\u00e7esine katk\u0131. \u00c7evreye sayg\u0131 hepimizin yapmas\u0131 gereken \u015feyler\u201d dedi.<\/p>\n<p>\u201cKad\u0131n i\u00e7in yaratt\u0131\u011f\u0131 atmosferden dolay\u0131 Ba\u015fkan\u0131m\u0131za te\u015fekk\u00fcr ediyoruz\u201d<\/p>\n<p>Mersin Koruyucu Aile ve G\u00f6n\u00fcl El\u00e7ileri Derne\u011fi Ba\u015fkan\u0131 Sevgi \u00c7etin ise solucan g\u00fcbresiyle \u00fcrettikleri do\u011fal sebzeleri stantlarda sat\u0131\u015fa sundu. \u00c7etin,  \u201cBu \u00fcr\u00fcnler organik tar\u0131m\u0131n hemen alt\u0131ndaki \u00fcr\u00fcnler. Zehir ve ila\u00e7 kullan\u0131lmadan sadece solucan g\u00fcbresiyle \u00fcretilmi\u015f ve beslenmi\u015f \u00fcr\u00fcnler. Do\u011fru \u00fcr\u00fcn, \u00e7ok keyif veren \u00fcr\u00fcn, g\u00fcvenle t\u00fcketti\u011fimiz \u00fcr\u00fcnler. Di\u011fer \u00fcretici arkada\u015flara da \u00f6rnek olmas\u0131 y\u00fcrekten istedi\u011fimiz bir \u015fey. Say\u0131n Ba\u015fkan\u0131m\u0131za eme\u011finden dolay\u0131, kad\u0131na verdi\u011fi de\u011ferden ve kad\u0131n i\u00e7in yaratt\u0131\u011f\u0131 atmosferden dolay\u0131 \u00e7ok te\u015fekk\u00fcr ediyoruz. Deste\u011fimiz tam\u201d dedi.<\/p>\n<p>\u201c\u00dcretiyorsan\u0131z destek al\u0131yorsunuz\u201d<\/p>\n<p>Etkinli\u011fe Mut\u2019tan kat\u0131lan Tuba \u00c7ift\u00e7io\u011flu, \u201c\u0130lk defa kat\u0131l\u0131yorum. Bu etkinlik bize \u00e7ok \u015fey kat\u0131yor. Farkl\u0131 ortamlar, farkl\u0131 yerler ve farkl\u0131 tasar\u0131mlar g\u00f6r\u00fcyoruz. Bize ilham kayna\u011f\u0131 oluyor. \u00dcreten kad\u0131nlara da her t\u00fcrl\u00fc destek olunuyor\u201d c\u00fcmleleriyle etkinli\u011fi de\u011ferlendirirken, \u00e7i\u00e7ekleri kurutarak yapt\u0131\u011f\u0131 tasar\u0131mlar\u0131 \u015fu c\u00fcmlelerle anlatt\u0131:<\/p>\n<p>\u201cGeri d\u00f6n\u00fc\u015f\u00fcm ama\u00e7l\u0131 tasar\u0131mlar yap\u0131yorum. Mesela T\u00fcrkiye\u2019nin her iline gitti\u011fimde oradan bir \u00e7i\u00e7ek kopar\u0131yorum, kurutup \u00f6zenle sakl\u0131yorum ve tak\u0131lar\u0131ma d\u00f6n\u00fc\u015ft\u00fcr\u00fcyorum. Bir an\u0131s\u0131, hikayesi oluyor. \u0130nsanlar\u0131n ho\u015funa gidiyor. \u00d6zg\u00fcn tasar\u0131mlar yaratmaya \u00e7al\u0131\u015f\u0131yorum. Zeytinden tutun da kardelen \u00e7i\u00e7e\u011fine, orman yosunu, gelincik, orman \u00e7i\u00e7ekleri, papatyalara kadar hepsinden yap\u0131yorum. Mesela kardelenin ula\u015f\u0131lmaz ve nadide bir \u00e7i\u00e7ek olmas\u0131 insanlar\u0131n dikkatini \u00e7ekiyor. Ondan sonra menek\u015fe var mesela, menek\u015feyi birine hediye etti\u011finizde ona akl\u0131m sende mesaj\u0131 veriyorsunuz. Sadece bir tak\u0131 de\u011fil de o tak\u0131n\u0131n ruhunu da alm\u0131\u015f oluyorsunuz.\u201d<\/p>\n","protected":false},"excerpt":{"rendered":"<p>Mersin B\u00fcy\u00fck\u015fehir Belediyesi, 5-11 Haziran D\u00fcnya \u00c7evre G\u00fcn\u00fc ve \u00c7evre Haftas\u0131 etkinlikleri kapsam\u0131nda kad\u0131n \u00fcreticiler i\u00e7in \u201cDo\u011fa Dostu \u00dcretici Stantlar\u0131\u201d olu\u015fturdu. \u00dcretici kad\u0131nlar, at\u0131k malzemeleri h\u00fcnerli ellerinde i\u015fledi, ortaya \u00e7\u0131kan &hellip; <a href=\"https:\/\/akdenizolaygazetesi.com\/?p=12803\" class=\"more-link\">Devam\u0131n\u0131 Oku&#8230;<\/a><\/p>\n","protected":false},"author":2,"featured_media":12804,"comment_status":"open","ping_status":"open","sticky":false,"template":"","format":"standard","meta":[],"categories":[34,2,3,5],"tags":[],"_links":{"self":[{"href":"https:\/\/akdenizolaygazetesi.com\/index.php?rest_route=\/wp\/v2\/posts\/12803"}],"collection":[{"href":"https:\/\/akdenizolaygazetesi.com\/index.php?rest_route=\/wp\/v2\/posts"}],"about":[{"href":"https:\/\/akdenizolaygazetesi.com\/index.php?rest_route=\/wp\/v2\/types\/post"}],"author":[{"embeddable":true,"href":"https:\/\/akdenizolaygazetesi.com\/index.php?rest_route=\/wp\/v2\/users\/2"}],"replies":[{"embeddable":true,"href":"https:\/\/akdenizolaygazetesi.com\/index.php?rest_route=%2Fwp%2Fv2%2Fcomments&post=12803"}],"version-history":[{"count":1,"href":"https:\/\/akdenizolaygazetesi.com\/index.php?rest_route=\/wp\/v2\/posts\/12803\/revisions"}],"predecessor-version":[{"id":12805,"href":"https:\/\/akdenizolaygazetesi.com\/index.php?rest_route=\/wp\/v2\/posts\/12803\/revisions\/12805"}],"wp:featuredmedia":[{"embeddable":true,"href":"https:\/\/akdenizolaygazetesi.com\/index.php?rest_route=\/wp\/v2\/media\/12804"}],"wp:attachment":[{"href":"https:\/\/akdenizolaygazetesi.com\/index.php?rest_route=%2Fwp%2Fv2%2Fmedia&parent=12803"}],"wp:term":[{"taxonomy":"category","embeddable":true,"href":"https:\/\/akdenizolaygazetesi.com\/index.php?rest_route=%2Fwp%2Fv2%2Fcategories&post=12803"},{"taxonomy":"post_tag","embeddable":true,"href":"https:\/\/akdenizolaygazetesi.com\/index.php?rest_route=%2Fwp%2Fv2%2Ftags&post=12803"}],"curies":[{"name":"wp","href":"https:\/\/api.w.org\/{rel}","templated":true}]}}