{"id":12806,"date":"2021-06-10T12:10:10","date_gmt":"2021-06-10T09:10:10","guid":{"rendered":"http:\/\/akdenizolaygazetesi.com\/?p=12806"},"modified":"2021-06-10T12:10:10","modified_gmt":"2021-06-10T09:10:10","slug":"baskan-secer-en-guzel-balkon-bahce-yarismasi-odul-torenine-katildi","status":"publish","type":"post","link":"https:\/\/akdenizolaygazetesi.com\/?p=12806","title":{"rendered":"BA\u015eKAN SE\u00c7ER, \u2018EN G\u00dcZEL BALKON BAH\u00c7E YARI\u015eMASI \u00d6D\u00dcL T\u00d6REN\u0130\u2019NE KATILDI"},"content":{"rendered":"<p>Mersin B\u00fcy\u00fck\u015fehir Belediye Ba\u015fkan\u0131 Vahap Se\u00e7er, B\u00fcy\u00fck\u015fehir Belediyesi taraf\u0131ndan 5-11 Haziran D\u00fcnya \u00c7evre G\u00fcn\u00fc ve \u00c7evre Haftas\u0131 etkinlikleri kapsam\u0131nda ger\u00e7ekle\u015ftirilen \u2018En G\u00fczel Balkon Bah\u00e7e Yar\u0131\u015fmas\u0131 \u00d6d\u00fcl T\u00f6reni\u2019ne kat\u0131ld\u0131. Ba\u015fkan Se\u00e7er, t\u00f6ren \u00f6ncesinde Begonvil dikim etkinli\u011fine de kat\u0131larak, e\u015fi Meral Se\u00e7er, protokol \u00fcyeleri ve vatanda\u015flarla birlikte Begonvil dikti.<\/p>\n<p>Galatasaray Meydan\u0131\u2019nda ger\u00e7ekle\u015ftirilen etkinli\u011fe; Ba\u015fkan Se\u00e7er\u2019in yan\u0131 s\u0131ra Mersinden Kad\u0131n Kooperatifi Ba\u015fkan\u0131 Meral Se\u00e7er, CHP Kad\u0131n Kollar\u0131 Genel Ba\u015fkan\u0131 ve Parti Meclisi \u00dcyesi Aylin Nazl\u0131aka, CHP Mersin Milletvekili ve Parti Meclisi \u00dcyesi Ali Mahir Ba\u015far\u0131r, CHP Mersin \u0130l Ba\u015fkan\u0131 Adil Aktay, Mezitli Belediye Ba\u015fkan\u0131 Ne\u015fet Tarhan, MTSO Y\u00f6netim Kurulu Ba\u015fkan\u0131 Ayhan K\u0131z\u0131ltan, Mersin ESOB Y\u00f6netim Kurulu Ba\u015fkan\u0131 Talat Din\u00e7er, CHP il ve il\u00e7e y\u00f6neticileri, Meclis \u00fcyeleri, STK ve oda temsilcileri ile muhtarlar ve vatanda\u015flar kat\u0131ld\u0131.<\/p>\n<p>2 kategoride ilk 3\u2019e girenlere \u00f6d\u00fclleri verildi<\/p>\n<p>T\u00f6rende, \u2018En G\u00fczel Bah\u00e7e\u2019 ve \u2018En G\u00fczel Balkon\u2019 kategorilerinde ilk 3\u2019e girenlere \u00f6d\u00fclleri Ba\u015fkan Se\u00e7er ve protokol \u00fcyeleri taraf\u0131ndan verildi. B\u00fcy\u00fck\u015fehir Belediyesi Park ve Bah\u00e7eler Dairesi\u2019nin d\u00fczenledi\u011fi yar\u0131\u015fman\u0131n \u00f6d\u00fcl t\u00f6reninde, her iki kategoride ilk 3\u2019e giren ki\u015filere bah\u00e7e alet tak\u0131m\u0131 ve tohum setleri hediye edildi. Alanda kurulan Do\u011fa Dostu Kad\u0131n \u00dcretici Stantlar\u0131\u2019nda do\u011fal ve geri d\u00f6n\u00fc\u015f\u00fcm malzemelerinden yap\u0131lm\u0131\u015f \u00fcr\u00fcnlerin sat\u0131\u015f\u0131 da ger\u00e7ekle\u015ftirildi. <\/p>\n<p>\u201cBizim y\u00fcz\u00fcm\u00fcz Akdeniz\u2019e d\u00f6n\u00fck\u201d<\/p>\n<p>Ba\u015fkan Se\u00e7er, kad\u0131n \u00fcretici stantlar\u0131n\u0131n \u00f6nemini anlatarak, \u201cDar gelirli bir ailede 3 \u00e7ocukla, 5 \u00e7ocukla, e\u015fiyle di\u015fini t\u0131rna\u011f\u0131na tak\u0131yor; \u00e7ocuklar\u0131 daha rahat bir ya\u015fam s\u00fcrs\u00fcn diye. \u0130\u015fte bu emek\u00e7i \u00fcretici kad\u0131nlar\u0131m\u0131z, onlar i\u00e7in \u00e7al\u0131\u015f\u0131yorlar. Bir belediye ba\u015fkan\u0131 olarak \u00e7ok sayg\u0131 duyuyorum. Onlar\u0131 \u00e7ok seviyoruz. Onlar\u0131n her zaman yan\u0131nda olma s\u00f6z\u00fc vermi\u015ftik, her zaman yanlar\u0131nday\u0131z. D\u00fcn oldu\u011fu gibi bug\u00fcn de ama yar\u0131nlarda da bizim beraberli\u011fimiz devam edecek. G\u00fczel bir topluluk, g\u00fczel bir hava. Mersin g\u00fczel. \u00c7ok g\u00fczel bir kent g\u00f6r\u00fcyorsunuz. Bizim y\u00fcz\u00fcm\u00fcz Akdeniz\u2019e d\u00f6n\u00fck. D\u00fcnyan\u0131n en yak\u0131\u015f\u0131kl\u0131 da\u011flar\u0131na yaslanm\u0131\u015f\u0131z s\u0131rt\u0131m\u0131z\u0131, Toros da\u011flar\u0131na. \u00c7ok bereketli bir kentte ya\u015f\u0131yoruz. \u0130nsan\u0131 g\u00fczel, insan kayna\u011f\u0131 g\u00fczel\u201d dedi.<\/p>\n<p>\u201cBiz Mersin\u2019i, \u00fclkemizi, insanlar\u0131m\u0131z\u0131 seviyoruz. Hizmet a\u015fk\u0131yla yan\u0131p tutu\u015fuyoruz\u201d<\/p>\n<p>Belediyecilik anlay\u0131\u015flar\u0131nda kimseyi \u00f6tekile\u015ftirmeden hizmet \u00fcrettiklerini kaydeden Se\u00e7er, \u201c\u0130ki \u015feyden \u00e7ok mutlu oluyorum. Vatanda\u015flar\u0131m\u0131z\u0131n yan\u0131nda oldu\u011fumuz zaman, onlar\u0131n dertlerine derman oldu\u011fumuz zaman, hastal\u0131\u011f\u0131na ila\u00e7 oldu\u011fumuz zaman bize ettikleri dualar benim g\u00f6zlerimi ya\u015fart\u0131yor, kalbimi s\u0131zlat\u0131yor. Bir de \u015fehir d\u0131\u015f\u0131ndan buraya geldikleri zaman vatanda\u015flar\u0131m\u0131z\u0131n \u2018Yahu biz Mersin\u2019i b\u00f6yle bilmiyorduk, ne g\u00fczel bir kent, ne huzurlu bir kent, ne temiz bir kent\u2019 dedikleri zaman benim ya\u011flar\u0131m eriyor, \u00e7ok mutlu oluyorum.   Biz \u00e7\u00fcnk\u00fc Mersin\u2019i seviyoruz. Biz \u00fclkemizi seviyoruz. Biz insanlar\u0131m\u0131z\u0131 seviyoruz. Onun i\u00e7in hizmet a\u015fk\u0131yla yan\u0131p tutu\u015fuyoruz. Mersin\u2019e de ayn\u0131 \u015feyi yapmaya u\u011fra\u015f\u0131yoruz\u201d diye konu\u015ftu.<\/p>\n<p>\u201c330 ki\u015fi bizlere m\u00fcracaat etmi\u015f. Bana g\u00f6re 330\u2019u da bu \u00f6d\u00fcle lay\u0131k\u201d<\/p>\n<p>Ba\u015fkan Se\u00e7er, d\u00fczenlenen yar\u0131\u015fmayla bir fark\u0131ndal\u0131k yaratmay\u0131 ama\u00e7lad\u0131klar\u0131n\u0131 belirterek, \u015f\u00f6yle devam etti:<\/p>\n<p>\u201cVatanda\u015flar\u0131m\u0131z balkonlar\u0131n\u0131, bah\u00e7elerini g\u00fczelle\u015ftirsinler; estetik, bak\u0131m, temizlik, temiz bir \u00e7evrede ya\u015fama arzusu. \u0130nsanlar\u0131n temiz bir evinin avlusunun bah\u00e7esinin olmas\u0131n\u0131n zenginlikle hi\u00e7bir alakas\u0131 yok. Yoksul olabilir bir insan, geliri d\u00fc\u015f\u00fck olabilir, gecekonduda ya\u015f\u0131yor olabilir. Ama evinin \u00f6n\u00fcn\u00fc temiz tutabilir. Soka\u011f\u0131 temiz tutabilir. \u00c7evresini temiz tutabilir. Hi\u00e7bir \u015fey bilmiyorsa yar\u0131m \u00e7uval kire\u00e7 al\u0131r, bir kovaya bo\u015falt\u0131r, \u00fcst\u00fcne su koyar onu kar\u0131\u015ft\u0131r\u0131r boya badana eder. Tiril tiril bir mahalle olur. Tiril tiril bir k\u00f6y olur, sokak olur. \u00dc\u00e7 tane fidan bir yerden edinir, evin bah\u00e7esine diker, o ta\u015f\u0131 ye\u015fillendirir, o \u00e7\u00f6l\u00fc vahaya \u00e7evirir. Yeter ki insan istesin. \u0130\u015fte bu yapt\u0131\u011f\u0131m\u0131z etkinlik, bu fark\u0131ndal\u0131\u011f\u0131 ortaya \u00e7\u0131karmak i\u00e7in. Fena da bir yar\u0131\u015fmac\u0131 kitlesi yokmu\u015f. 330 ki\u015fi bizlere m\u00fcracaat etmi\u015f. \u015eu anda \u00fc\u00e7er yar\u0131\u015fmac\u0131 bu \u00f6d\u00fcle lay\u0131k g\u00f6r\u00fclm\u00fc\u015f. Bana g\u00f6re 330\u2019u da bu \u00f6d\u00fcle lay\u0131k. En az\u0131ndan bu \u00e7a\u011fr\u0131ya cevap vermek bile bana g\u00f6re bir meziyettir. \u00c7ok b\u00fcy\u00fck bir meziyettir. T\u00fcm kat\u0131l\u0131mc\u0131lara te\u015fekk\u00fcr ediyorum. 3 g\u00fczel bah\u00e7e \u00f6d\u00fcl\u00fcn\u00fc, 3 g\u00fczel balkon \u00f6d\u00fcl\u00fcn\u00fc verirken asl\u0131nda 330 yar\u0131\u015fmac\u0131 ad\u0131na onlara vermek istiyorum. Onlar\u0131n nezdinde onlara da te\u015fekk\u00fcr ediyorum.\u201d<\/p>\n<p>\u201cOnlarla bir kez de\u011fil bin kez gurur duyuyorum\u201d<\/p>\n<p>Se\u00e7er, B\u00fcy\u00fck\u015fehir Belediyesi olarak kad\u0131na verdikleri de\u011feri ve i\u015fe al\u0131mlarda g\u00f6sterdikleri pozitif ayr\u0131mc\u0131l\u0131\u011f\u0131 hat\u0131rlatarak, B\u00fcy\u00fck\u015fehir Belediyesi\u2019nin her kademesinde kad\u0131n eme\u011fi ve kad\u0131n g\u00fcc\u00fc oldu\u011funu s\u00f6yledi. Se\u00e7er, \u201c\u00c7al\u0131\u015fma hayat\u0131nda kad\u0131nlara ayr\u0131 bir yer verdi\u011fimizi l\u00fctfen bilin. Kad\u0131nlar bizim ba\u015f tac\u0131m\u0131z. B\u00fct\u00fcn yurtta\u015flar\u0131m\u0131z, \u00e7ocuklar\u0131m\u0131z, gen\u00e7lerimiz; hepiniz bizim ba\u015f tac\u0131m\u0131zs\u0131n\u0131z. Kendinizi Mersin\u2019de iyi hissedin. Burada bizim anlay\u0131\u015f\u0131m\u0131za, yani bizim anlay\u0131\u015f\u0131m\u0131zdaki belediyelerin, belediye ba\u015fkanlar\u0131n\u0131n ayr\u0131mc\u0131l\u0131k yapaca\u011f\u0131 akl\u0131n\u0131z\u0131n ucundan dahi ge\u00e7mesin. Haks\u0131zl\u0131k, adaletsizlik yapaca\u011f\u0131 akl\u0131n\u0131z\u0131n ucundan ge\u00e7mesin. Biz T\u00fcrkiye\u2019yi kucaklamak i\u00e7in var\u0131z. \u0130nsanlar\u0131 ayr\u0131\u015ft\u0131rmak i\u00e7in de\u011fil, birle\u015ftirmek i\u00e7in var\u0131z. \u0130nsanlar\u0131 d\u00fc\u015fmanla\u015ft\u0131rmak i\u00e7in de\u011fil, karde\u015f olduklar\u0131n\u0131 hissettirmek i\u00e7in var\u0131z\u201d dedi.<\/p>\n<p>Nazl\u0131aka: \u201c\u0130\u015fte rant\u00e7\u0131 de\u011fil halk\u00e7\u0131 belediyecilik budur\u201d<\/p>\n<p>CHP Kad\u0131n Kollar\u0131 Genel Ba\u015fkan\u0131 ve Parti Meclisi \u00dcyesi Aylin Nazl\u0131aka, g\u00fcn i\u00e7erisinde kat\u0131ld\u0131\u011f\u0131 programlardan s\u00f6z ederek, \u201cHalk\u0131m\u0131zla bir araya geldik ve sorduk, belediye ba\u015fkanlar\u0131m\u0131zdan memnunlar m\u0131? Ger\u00e7ekten \u015funu \u00e7ok net g\u00f6r\u00fcyoruz ki; i\u015fte rant\u00e7\u0131 de\u011fil halk\u00e7\u0131 belediyecilik budur, sosyal belediyecilik budur, \u00f6rnek belediyecilik budur. Bizim 7 temel ilkemiz var biliyorsunuz belediyecilik anlay\u0131\u015f\u0131m\u0131z. Ben bug\u00fcn Mersin\u2019de bu kriterlerin her birini sa\u011flad\u0131\u011f\u0131m\u0131z\u0131 b\u00fcy\u00fck bir gururla g\u00f6rd\u00fcm\u201d diye konu\u015ftu.<\/p>\n<p>Ba\u015far\u0131r: \u201cMersin emin ellerde\u201d<\/p>\n<p>CHP Mersin Milletvekili ve Parti Meclisi \u00dcyesi Ali Mahir Ba\u015far\u0131r, kente her geldi\u011finde y\u00fcr\u00fcy\u00fc\u015f yapt\u0131\u011f\u0131n\u0131 belirterek, \u201cHer gezdi\u011fimde farkl\u0131 bir \u015fey g\u00f6r\u00fcyorum. Farkl\u0131 bir hava, farkl\u0131 bir tat g\u00f6r\u00fcyorum. Evet, en g\u00fczel sahil bizim, en g\u00fczel caddeler bizim, en g\u00fczel balkonlar bizim. Yar\u0131n en g\u00fczel metro bizim olacak. Ama herhalde duygusal davranm\u0131yorum, en g\u00fczel Ba\u015fkan bizim \u00f6yle de\u011fil mi? Bunu her yerde s\u00f6yl\u00fcyorum. Bak\u0131n bunu Meclis\u2019te s\u00f6yl\u00fcyorum, bunu vatanda\u015flara s\u00f6yl\u00fcyorum. Biz Ankara\u2019da \u00e7al\u0131\u015f\u0131p bir m\u00fccadele verirken hi\u00e7 g\u00f6z\u00fcm\u00fcz arkada de\u011fil. Mersin emin ellerde\u201d ifadelerine yer verdi.<\/p>\n<p>CHP Mersin \u0130l Ba\u015fkan\u0131 Adil Aktay, \u201cAkdeniz\u2019in \u00e7i\u00e7e\u011fi Mersinimizi daha da g\u00fczelle\u015ftiren, balkon ve bah\u00e7elerine g\u00f6sterdikleri \u00f6zen ve sarf ettikleri \u00e7abayla bu \u015fehre de\u011fer katan ve katacak olan t\u00fcm hem\u015fehrilerimize \u00e7ok te\u015fekk\u00fcr ediyorum. Hi\u00e7 kimsenin kaybetmedi\u011fi, Mersinimizin kazand\u0131\u011f\u0131 bu g\u00fczel yar\u0131\u015fman\u0131n kazanan\u0131, kaybedeni yok; \u00f6d\u00fcle lay\u0131k g\u00f6r\u00fclen de\u011ferli hem\u015fehrilerimi kutluyorum\u201d dedi.<\/p>\n<p>Mezitli Belediye Ba\u015fkan\u0131 Ne\u015fet Tarhan ise \u201cE\u011fer bize f\u0131rsat verilirse, sosyal demokrat belediyelere f\u0131rsat verilirse neler yap\u0131laca\u011f\u0131n\u0131 g\u00f6r\u00fcyorsunuz bu dar imk\u00e2nlarla. E\u011fer merkezi h\u00fck\u00fcmet de bizde olmu\u015f olsa, \u00e7ok daha harikalar yarataca\u011f\u0131z, destanlar yazaca\u011f\u0131z\u201d dedi. Konu\u015fmalar\u0131n ard\u0131ndan hat\u0131ra foto\u011fraf\u0131 \u00e7ektirildi ve \u00f6d\u00fcller sahiplerine verildi.<\/p>\n<p>Se\u00e7er, Mutlu Ya\u015fam K\u00f6y\u00fc\u2019n\u00fcn a\u00e7\u0131l\u0131\u015f\u0131na kat\u0131ld\u0131<\/p>\n<p>Ba\u015fkan Se\u00e7er, \u00f6d\u00fcl t\u00f6reninin ard\u0131ndan protokol \u00fcyeleriyle birlikte Mezitli Belediyesi Mutlu Ya\u015fam K\u00f6y\u00fc Uluslararas\u0131 Gen\u00e7lik Deneyim ve G\u00f6n\u00fcll\u00fcl\u00fck Merkezi\u2019nin a\u00e7\u0131l\u0131\u015f\u0131na kat\u0131ld\u0131. Ba\u015fkan Se\u00e7er, merkezle ilgili \u00e7ok g\u00fczel bir \u00e7al\u0131\u015fma yap\u0131ld\u0131\u011f\u0131n\u0131 belirterek, \u201cPandemi ko\u015fullar\u0131nda herkes b\u00f6yle ortamlarda olmak istiyor. \u0130nsanlar bir y\u0131l\u0131 a\u015fk\u0131n bir s\u00fcredir \u00e7ok \u00f6nemli sorunlar ya\u015f\u0131yorlar. Sadece ekonomik sorunlar de\u011fil, ekonomik sorunlar a\u015f\u0131labilir ya da di\u011fer sorunlara g\u00f6re belki \u00e7ok daha rahat a\u015f\u0131labilir ama insanlar bu s\u00fcrede travma ya\u015fad\u0131. Psikolojik sorunlar ya\u015f\u0131yor, depresyon ya\u015f\u0131yor. Ya\u015f alm\u0131\u015f yurtta\u015flar\u0131m\u0131z uzun s\u00fcredir evlerinden \u00e7\u0131kam\u0131yor ya da belirli ya\u015f kategorilerindeki yurtta\u015flar\u0131m\u0131z adeta bir hapis hayat\u0131 ya\u015f\u0131yor. \u0130\u015fte b\u00f6yle projeler, \u00f6zg\u00fcn projeler hayat\u0131 kolayla\u015ft\u0131rmak i\u00e7in \u00e7ok g\u00fczel, \u00e7ok \u00f6zel. Tekrar kutluyorum\u201d dedi.<\/p>\n<p>31 Mart\u2019tan sonra Mersin\u2019in kimli\u011fine, \u00f6zg\u00fcrl\u00fc\u011f\u00fcne, mutlulu\u011funa kavu\u015ftu\u011funu ifade eden Se\u00e7er, 2023 y\u0131l\u0131n\u0131n T\u00fcrkiye i\u00e7in \u00e7ok \u00f6nemli bir tarihi d\u00f6neme\u00e7 oldu\u011funu vurgulad\u0131. CHP\u2019li belediye ba\u015fkanlar\u0131n\u0131n elde ettikleri ba\u015far\u0131lara de\u011finen Se\u00e7er, \u201cBizler \u00e7a\u011fda\u015f, modern, hak\u00e7a b\u00f6l\u00fc\u015fen, hukuk devleti normlar\u0131na inanan, her \u015feyden \u00f6nemlisi Atat\u00fcrk\u00e7\u00fc insanlar\u0131z. Bizimle beraber y\u00fcr\u00fcyecek olanlar\u0131n elinden de s\u0131ms\u0131k\u0131 tutar\u0131z\u201d dedi. Konu\u015fmalar\u0131n ard\u0131ndan protokol \u00fcyeleri Mezitli Belediyesi Mutlu Ya\u015fam K\u00f6y\u00fc Uluslararas\u0131 Gen\u00e7lik Deneyim ve G\u00f6n\u00fcll\u00fcl\u00fck Merkezi\u2019nin a\u00e7\u0131l\u0131\u015f kurdelesini kesti.<\/p>\n","protected":false},"excerpt":{"rendered":"<p>Mersin B\u00fcy\u00fck\u015fehir Belediye Ba\u015fkan\u0131 Vahap Se\u00e7er, B\u00fcy\u00fck\u015fehir Belediyesi taraf\u0131ndan 5-11 Haziran D\u00fcnya \u00c7evre G\u00fcn\u00fc ve \u00c7evre Haftas\u0131 etkinlikleri kapsam\u0131nda ger\u00e7ekle\u015ftirilen \u2018En G\u00fczel Balkon Bah\u00e7e Yar\u0131\u015fmas\u0131 \u00d6d\u00fcl T\u00f6reni\u2019ne kat\u0131ld\u0131. Ba\u015fkan Se\u00e7er, &hellip; <a href=\"https:\/\/akdenizolaygazetesi.com\/?p=12806\" class=\"more-link\">Devam\u0131n\u0131 Oku&#8230;<\/a><\/p>\n","protected":false},"author":2,"featured_media":12807,"comment_status":"open","ping_status":"open","sticky":false,"template":"","format":"standard","meta":[],"categories":[34,3,5],"tags":[],"_links":{"self":[{"href":"https:\/\/akdenizolaygazetesi.com\/index.php?rest_route=\/wp\/v2\/posts\/12806"}],"collection":[{"href":"https:\/\/akdenizolaygazetesi.com\/index.php?rest_route=\/wp\/v2\/posts"}],"about":[{"href":"https:\/\/akdenizolaygazetesi.com\/index.php?rest_route=\/wp\/v2\/types\/post"}],"author":[{"embeddable":true,"href":"https:\/\/akdenizolaygazetesi.com\/index.php?rest_route=\/wp\/v2\/users\/2"}],"replies":[{"embeddable":true,"href":"https:\/\/akdenizolaygazetesi.com\/index.php?rest_route=%2Fwp%2Fv2%2Fcomments&post=12806"}],"version-history":[{"count":1,"href":"https:\/\/akdenizolaygazetesi.com\/index.php?rest_route=\/wp\/v2\/posts\/12806\/revisions"}],"predecessor-version":[{"id":12808,"href":"https:\/\/akdenizolaygazetesi.com\/index.php?rest_route=\/wp\/v2\/posts\/12806\/revisions\/12808"}],"wp:featuredmedia":[{"embeddable":true,"href":"https:\/\/akdenizolaygazetesi.com\/index.php?rest_route=\/wp\/v2\/media\/12807"}],"wp:attachment":[{"href":"https:\/\/akdenizolaygazetesi.com\/index.php?rest_route=%2Fwp%2Fv2%2Fmedia&parent=12806"}],"wp:term":[{"taxonomy":"category","embeddable":true,"href":"https:\/\/akdenizolaygazetesi.com\/index.php?rest_route=%2Fwp%2Fv2%2Fcategories&post=12806"},{"taxonomy":"post_tag","embeddable":true,"href":"https:\/\/akdenizolaygazetesi.com\/index.php?rest_route=%2Fwp%2Fv2%2Ftags&post=12806"}],"curies":[{"name":"wp","href":"https:\/\/api.w.org\/{rel}","templated":true}]}}