{"id":1281,"date":"2020-11-04T18:21:51","date_gmt":"2020-11-04T15:21:51","guid":{"rendered":"http:\/\/mersinekonomipolitikagazetesi.com\/?p=1281"},"modified":"2020-11-04T18:21:51","modified_gmt":"2020-11-04T15:21:51","slug":"sigara-yasaklari-denetlenmiyor","status":"publish","type":"post","link":"https:\/\/akdenizolaygazetesi.com\/?p=1281","title":{"rendered":"S\u0130GARA YASAKLARI DENETLENM\u0130YOR"},"content":{"rendered":"<p>2008 Y\u0131l\u0131nda y\u00fcr\u00fcrl\u00fc\u011fe giren &#8221;Kapal\u0131 ortamlarda sigara i\u00e7me yasa\u011f\u0131&#8221; uygulamas\u0131 y\u0131llar ge\u00e7mesine ra\u011fmen denetlenmiyor.<\/p>\n<p>2008 y\u0131l\u0131n\u0131n May\u0131s ay\u0131nda y\u00fcr\u00fcrl\u00fc\u011fe giren &#8221;Kapal\u0131 ortamlarda sigara i\u00e7me yasa\u011f\u0131&#8221; uygulamas\u0131n\u0131n ba\u015flamas\u0131yla kafe, bar, kahve, lokanta, restoran, pastahane, toplu ta\u015f\u0131ma ara\u00e7lar\u0131 ve buna benzer bir \u00e7ok halka a\u00e7\u0131k alanda sigara i\u00e7mek yasaklanm\u0131\u015ft\u0131. Belediye zab\u0131ta ekiplerinin denetimsizli\u011fi nedeniyle g\u00fcn\u00fcm\u00fczde halen bir \u00e7ok i\u015fletmede sigara yasa\u011f\u0131n\u0131n uygulanmamas\u0131 yasa\u011f\u0131n ge\u00e7erlili\u011finin ciddiyeti konusunda dikkatleri \u00fczerine \u00e7ekiyor. Halka a\u00e7\u0131k bir \u00e7ok i\u015fletmede sigara i\u00e7me yasa\u011f\u0131n\u0131n bulundu\u011funu ifade eden uyar\u0131 levhas\u0131n\u0131n olmamas\u0131 ve bu do\u011frultuda yasa\u011f\u0131n \u00e7i\u011fnenmeye a\u00e7\u0131k hale gelmesi sonucu denetimlerin yap\u0131lmad\u0131\u011f\u0131 ve ihmale u\u011frad\u0131\u011f\u0131 ortaya \u00e7\u0131k\u0131yor. Konu ile ilgili \u00f6ncelikle belediye zab\u0131ta ekiplerinin denetimlerini artt\u0131rmalar\u0131 ve yasa\u011f\u0131n ihlalini tespit ettikleri yerlerde cezai i\u015flem uygulamalar\u0131n\u0131 ba\u015flatma \u00e7al\u0131\u015fmalar\u0131n\u0131n zaman kaybetmeden uygulanmas\u0131 bekleniyor.<\/p>\n<p>SA\u011eLIK BAKANI RECEP AKDA\u011e S\u0130GARA YASAKLARI \u0130\u00c7\u0130N A\u00c7IKLAMADA BULUNMU\u015eTU<\/p>\n<p>2017 y\u0131l\u0131n\u0131n Ocak ay\u0131nda konu ile ilgili Sa\u011fl\u0131k Bakan\u0131 Recep Akda\u011f, a\u00e7\u0131klamas\u0131nda &#8220;Lokanta, pastane, restoran gibi yerlerin \u00f6n\u00fcnde kapal\u0131 yerler yap\u0131l\u0131yor, &#8216;Yanlar\u0131 a\u00e7\u0131k&#8217; denilerek sigara i\u00e7ilebiliyor. \u00dcst\u00fc kapal\u0131 olan, tek bir taraf\u0131nda bile duvar bulunan yerleri kapal\u0131 alan sayaca\u011f\u0131z. Materyalin ne oldu\u011fu \u00f6nemli de\u011fil, cam dahi olsa buras\u0131 da kapal\u0131 alan say\u0131lacak. Sigara i\u00e7me oranlar\u0131 y\u00fczde 31&#8217;den y\u00fczde 26&#8217;lara d\u00fc\u015ft\u00fc ancak gen\u00e7lerde sigara i\u00e7me oranlar\u0131nda art\u0131\u015f ya\u015fand\u0131&#8221; \u015feklinde a\u00e7\u0131klamalarda bulunmu\u015f<br \/>\nt\u00fct\u00fcnle m\u00fccadele kapsam\u0131nda sigara i\u00e7ilmesine izin verilen ve a\u00e7\u0131k alan olarak tan\u0131mlanan yerlere ili\u015fkin yeni yasal d\u00fczenleme yap\u0131laca\u011f\u0131n\u0131 belirtmi\u015fti.<\/p>\n","protected":false},"excerpt":{"rendered":"<p>2008 Y\u0131l\u0131nda y\u00fcr\u00fcrl\u00fc\u011fe giren &#8221;Kapal\u0131 ortamlarda sigara i\u00e7me yasa\u011f\u0131&#8221; uygulamas\u0131 y\u0131llar ge\u00e7mesine ra\u011fmen denetlenmiyor. 2008 y\u0131l\u0131n\u0131n May\u0131s ay\u0131nda y\u00fcr\u00fcrl\u00fc\u011fe giren &#8221;Kapal\u0131 ortamlarda sigara i\u00e7me yasa\u011f\u0131&#8221; uygulamas\u0131n\u0131n ba\u015flamas\u0131yla kafe, bar, kahve, &hellip; <a href=\"https:\/\/akdenizolaygazetesi.com\/?p=1281\" class=\"more-link\">Devam\u0131n\u0131 Oku&#8230;<\/a><\/p>\n","protected":false},"author":1,"featured_media":0,"comment_status":"open","ping_status":"open","sticky":false,"template":"","format":"standard","meta":[],"categories":[],"tags":[],"_links":{"self":[{"href":"https:\/\/akdenizolaygazetesi.com\/index.php?rest_route=\/wp\/v2\/posts\/1281"}],"collection":[{"href":"https:\/\/akdenizolaygazetesi.com\/index.php?rest_route=\/wp\/v2\/posts"}],"about":[{"href":"https:\/\/akdenizolaygazetesi.com\/index.php?rest_route=\/wp\/v2\/types\/post"}],"author":[{"embeddable":true,"href":"https:\/\/akdenizolaygazetesi.com\/index.php?rest_route=\/wp\/v2\/users\/1"}],"replies":[{"embeddable":true,"href":"https:\/\/akdenizolaygazetesi.com\/index.php?rest_route=%2Fwp%2Fv2%2Fcomments&post=1281"}],"version-history":[{"count":0,"href":"https:\/\/akdenizolaygazetesi.com\/index.php?rest_route=\/wp\/v2\/posts\/1281\/revisions"}],"wp:attachment":[{"href":"https:\/\/akdenizolaygazetesi.com\/index.php?rest_route=%2Fwp%2Fv2%2Fmedia&parent=1281"}],"wp:term":[{"taxonomy":"category","embeddable":true,"href":"https:\/\/akdenizolaygazetesi.com\/index.php?rest_route=%2Fwp%2Fv2%2Fcategories&post=1281"},{"taxonomy":"post_tag","embeddable":true,"href":"https:\/\/akdenizolaygazetesi.com\/index.php?rest_route=%2Fwp%2Fv2%2Ftags&post=1281"}],"curies":[{"name":"wp","href":"https:\/\/api.w.org\/{rel}","templated":true}]}}