{"id":12813,"date":"2021-06-11T11:01:30","date_gmt":"2021-06-11T08:01:30","guid":{"rendered":"http:\/\/akdenizolaygazetesi.com\/?p=12813"},"modified":"2021-06-11T11:01:30","modified_gmt":"2021-06-11T08:01:30","slug":"mersinden-gunes-enerjisi-ile-kurutma-tesisi-acildi","status":"publish","type":"post","link":"https:\/\/akdenizolaygazetesi.com\/?p=12813","title":{"rendered":"MERS\u0130NDEN G\u00dcNE\u015e ENERJ\u0130S\u0130 \u0130LE KURUTMA TES\u0130S\u0130 A\u00c7ILDI"},"content":{"rendered":"<p>Birle\u015fmi\u015f Milletler Uluslararas\u0131 G\u00f6\u00e7 \u00d6rg\u00fct\u00fc ile Mersin B\u00fcy\u00fck\u015fehir Belediyesi Tar\u0131msal ve Veteriner Hizmetleri Dairesi\u2019nin i\u015f birli\u011finde yap\u0131m\u0131 tamamlanan \u2018Mersinden G\u00fcne\u015f Enerjisi \u0130le Kurutma Tesisi\u2019nin a\u00e7\u0131l\u0131\u015f\u0131 ger\u00e7ekle\u015ftirildi. Mersinden Kad\u0131n Kooperatifi\u2019nin i\u015fletece\u011fi tesiste 13\u2019\u00fc m\u00fclteci olmak \u00fczere toplam 25 kad\u0131n istihdam edilecek.<\/p>\n<p>Tesisin a\u00e7\u0131l\u0131\u015f\u0131na Mersin B\u00fcy\u00fck\u015fehir Belediye Ba\u015fkan\u0131 Vahap Se\u00e7er\u2019in yan\u0131 s\u0131ra Mersinden Kad\u0131n Kooperatifi Ba\u015fkan\u0131 Meral Se\u00e7er, Uluslararas\u0131 G\u00f6\u00e7 \u00d6rg\u00fct\u00fc Ankara \u00dclke Ofisi Temsilcisi Vekili David Savard, G\u00fcneydo\u011fu ve Akdeniz B\u00f6lge Direkt\u00f6r\u00fc Rex Alamban, CHP Mersin Milletvekili ve Parti Meclisi \u00dcyesi Ali Mahir Ba\u015far\u0131r, Yeni\u015fehir Belediye Ba\u015fkan\u0131 Abdullah \u00d6zyi\u011fit, Mezitli Belediye Ba\u015fkan\u0131 Ne\u015fet Tarhan, Tarsus Belediye Ba\u015fkan\u0131 Haluk Bozdo\u011fan, Akdeniz Belediye Ba\u015fkan\u0131\u2019n\u0131 temsilen Ayd\u0131n Engin, MTSO Y\u00f6netim Kurulu Ba\u015fkan\u0131 Ayhan K\u0131z\u0131ltan, Mersin Akdeniz Ziraat Odas\u0131 Ba\u015fkan\u0131 Musa Y\u0131lmaz, Mersin Ticaret \u0130l M\u00fcd\u00fcr\u00fc Hac\u0131 Akif Y\u0131ld\u0131z, Mersin \u0130\u015eKUR \u0130l M\u00fcd\u00fcr\u00fc Mustafa Kutlu, Mersin Ya\u015f Sebze Meyve Komisyoncular Derne\u011fi Ba\u015fkan\u0131 M\u00fcnir \u015een, Meclis \u00fcyeleri, CHP il ve il\u00e7e \u00f6rg\u00fct\u00fc temsilcileri kat\u0131ld\u0131.<\/p>\n<p>Se\u00e7er: \u201cSava\u015f, ekonomik kriz, \u00fclkede ya\u015fanan s\u0131k\u0131nt\u0131lar \u00f6ncelikle kad\u0131nlar\u0131 vuruyor\u201d<\/p>\n<p>Ba\u015fkan Se\u00e7er, tesiste istihdam\u0131n\u0131 sa\u011flayacaklar\u0131 kad\u0131nlar\u0131n ya\u015fad\u0131\u011f\u0131 zorluklar\u0131 \u00e7\u00f6zebilmek i\u00e7in \u00e7al\u0131\u015fmalar yapt\u0131klar\u0131n\u0131 ifade etti. D\u00fcnyada geli\u015fen olaylar\u0131n \u00f6ncelikle kad\u0131nlar\u0131 etkiledi\u011fini s\u00f6zlerine ekleyen Ba\u015fkan Se\u00e7er,  \u201cSava\u015f, \u00f6nce kad\u0131nlar\u0131 vuruyor. Ekonomik kriz, \u00fclkede ya\u015fanan s\u0131k\u0131nt\u0131lar, \u00f6ncelikle kad\u0131nlar bundan \u00e7ok etkileniyorlar. Yakla\u015f\u0131k bundan 10 y\u0131l \u00f6nce, uzun y\u0131llar ayn\u0131 imparatorlu\u011fun tebaas\u0131 olarak ya\u015fad\u0131\u011f\u0131m\u0131z karde\u015f \u00fclke Suriye\u2019de meydana gelen olaylar kendi \u00fclkesindeki insanlar\u0131 etkiledi\u011fi gibi kom\u015fu \u00fclkelere de olumlu ya da olumsuz bir\u00e7ok etkiler getirdi. Ama \u015funu \u00e7ok net s\u00f6yleyebilirim ki; ba\u015fta benim ilim olmak \u00fczere bu \u00fclkeye kom\u015fu olan b\u00fct\u00fcn iller bu sava\u015ftan olumsuz olarak etkilendi. Sava\u015ftan, kaosu sevenler ve silah tacirlerinin d\u0131\u015f\u0131nda kimsenin memnun olmayaca\u011f\u0131n\u0131 bilmemiz laz\u0131m. Bu olumsuzlu\u011fu onlara bir \u015fik\u00e2yet olarak aktarm\u0131yorum. Ben bir belediye ba\u015fkan\u0131y\u0131m, bir babay\u0131m. Hem de her \u015feyden \u00f6nce bir insan\u0131m. Onlar\u0131 \u00e7ok iyi anlayabiliyorum. Ben ve e\u015fim, bu anlay\u0131\u015f i\u00e7erisinde kentimizde ya\u015fanan bu sorunun \u00fcstesinden el birli\u011fi yap\u0131p nas\u0131l gelebiliriz diye d\u00fc\u015f\u00fcnd\u00fck ve bu d\u00fc\u015f\u00fcnce ekseninde bu \u00e7al\u0131\u015fmalar\u0131 yap\u0131yoruz\u201d dedi.<\/p>\n<p>\u201c\u0130\u015f birli\u011fi zorunlulu\u011fumuz var\u201d<\/p>\n<p>Uluslararas\u0131 G\u00f6\u00e7 \u00d6rg\u00fct\u00fc\u2019n\u00fcn tesisin yap\u0131m\u0131nda kendilerine \u00f6nemli katk\u0131lar sundu\u011fundan bahseden Se\u00e7er, \u201cBu ve bunun gibi bir\u00e7ok \u00e7al\u0131\u015fmalar\u0131n alt\u0131nda imzas\u0131 olan bir\u00e7ok kurum ve kurulu\u015flarla i\u015f birli\u011fi yap\u0131yoruz. Alman \u0130\u015fbirli\u011fi Te\u015fkilat\u0131 (G\u0130Z), Birle\u015fmi\u015f Milletler M\u00fclteciler Y\u00fcksek Komiserli\u011fi, yine altyap\u0131 \u00e7al\u0131\u015fmalar\u0131nda Avrupa Birli\u011fi\u2019ne ba\u011fl\u0131 bir\u00e7ok ajans; Frans\u0131z Kalk\u0131nma Ajans\u0131, FRIT II kapsam\u0131nda ald\u0131\u011f\u0131m\u0131z bir\u00e7ok alt yap\u0131 \u00e7al\u0131\u015fmalar\u0131 hibeleri bu sorunlar\u0131n \u00fcstesinden gelmemize katk\u0131 sunan \u00f6nemli i\u015f birlikleri. Bu i\u015f birliklerinin artarak devam etmesini arzu ederiz. D\u00fcnyan\u0131n hangi k\u00f6\u015fesinde olursa olsun ya\u015fanan sorunlar b\u00fct\u00fcn insanl\u0131\u011f\u0131 ilgilendirir. E\u011fer i\u015flenen su\u00e7 insanl\u0131k su\u00e7uysa b\u00fct\u00fcn insanlar\u0131 ilgilendirir. E\u011fer bu olumsuzluklar\u0131 gidermek i\u00e7in yap\u0131lan katk\u0131lar bir sevapsa, bu sevap b\u00fct\u00fcn insanlara yaz\u0131l\u0131r. Bu sebeple i\u015f birli\u011fi zorunlulu\u011fumuz var\u201d diye konu\u015ftu.<\/p>\n<p>\u201cMutlaka sosyal uyum ve istihdam projelerini hayata ge\u00e7irmek zorunday\u0131z\u201d<\/p>\n<p>A\u00e7\u0131l\u0131\u015f arac\u0131l\u0131\u011f\u0131yla ulusal ve uluslararas\u0131 kurulu\u015flara Mersin\u2019i yaln\u0131z b\u0131rakmamalar\u0131 konusunda \u00e7a\u011fr\u0131da bulunmak istedi\u011fini kaydeden Se\u00e7er, \u201cMersin sadece bu b\u00f6lgenin de\u011fil, T\u00fcrkiye\u2019nin, hatta d\u00fcnyan\u0131n \u00e7ok \u00f6nemli bir lokasyonunda yer alan stratejik bir kenttir. Bu sorunlarla bo\u011fu\u015furken, bu sorunlar\u0131 \u00e7\u00f6zme yolunda, bu kenti yaln\u0131z b\u0131rakmamalar\u0131n\u0131 istiyorum. Mersinimizde yakla\u015f\u0131k olarak kay\u0131tl\u0131, kay\u0131t d\u0131\u015f\u0131 minimum 300 bin Suriyeli misafir ya\u015f\u0131yor. Bu karde\u015flerimizin kentimize entegrasyonu i\u00e7in mutlaka sosyal uyum ve istihdam projelerini hayata ge\u00e7irmek zorunday\u0131z. Bu konuda bir kez daha bizlerle i\u015f birli\u011fi yapt\u0131\u011f\u0131 i\u00e7in Birle\u015fmi\u015f Milletler Uluslararas\u0131 G\u00f6\u00e7 \u00d6rg\u00fct\u00fc\u2019ne te\u015fekk\u00fcr etmek istiyorum. Az \u00f6nce de s\u00f6yledi\u011fim gibi; G\u00f6\u00e7 \u00d6rg\u00fct\u00fcm\u00fcz ile yapt\u0131\u011f\u0131m\u0131z i\u015f birli\u011fi, Mersinden Kad\u0131n Kooperatifi\u2019nin bizlere \u00f6nemli katk\u0131lar\u0131yla, i\u015f birlikleriyle bu g\u00fczel tesisi bu hale getirdik\u201d ifadelerini kulland\u0131.<\/p>\n<p>\u201cKad\u0131n istihdam\u0131n\u0131 \u00f6nemsiyoruz\u201d<\/p>\n<p>Misafirlere psiko-sosyal, hukuksal, terc\u00fcmanl\u0131k, e\u011fitim ve temel haklara eri\u015fim desteklerinin verilece\u011fi Sosyal Uyum Merkezi\u2019nin kap\u0131lar\u0131n\u0131 bug\u00fcn a\u00e7t\u0131klar\u0131n\u0131 ifade eden Se\u00e7er, \u015f\u00f6yle devam etti:<\/p>\n<p>\u201cMersinimize hay\u0131rl\u0131, u\u011furlu olsun.  Kad\u0131n istihdam\u0131n\u0131 \u00f6nemsiyoruz. Kad\u0131n dili, dini, mezhebi, me\u015frebi ne olursa olsun, ya\u015fad\u0131\u011f\u0131 sorunlar ortak. Yani bir kad\u0131n bir sorun ya\u015f\u0131yorsa, onun Suriyeli ya da T\u00fcrk uyruklu ya da bir ba\u015fka tabiatta olmas\u0131 asl\u0131nda \u00e7ok \u00f6nemli de\u011fil. Kad\u0131nlar\u0131m\u0131z\u0131n bu ortakla\u015fan sorununun \u00fcstesinden gelmek i\u00e7in var g\u00fcc\u00fcm\u00fczle \u00e7al\u0131\u015f\u0131yoruz.  Belediyemizde istihdam alanlar\u0131nda kad\u0131nlar\u0131m\u0131z\u0131n oran\u0131n\u0131n artmas\u0131 i\u00e7in gayret i\u00e7erisindeyiz. Her alanda kad\u0131nlar\u0131m\u0131za istihdamda yer vermek istiyoruz. Onlar\u0131n yapt\u0131\u011f\u0131 \u00f6zg\u00fcn \u00e7al\u0131\u015fmalara \u00f6nemli katk\u0131lar sunuyoruz. Onlar\u0131n el emeklerinin, g\u00f6z nurlar\u0131n\u0131n ekonomik hayata d\u00f6n\u00fc\u015fmesi i\u00e7in ne gerekiyorsa belediye olarak yerine getiriyoruz. A\u00e7\u0131l\u0131\u015f\u0131n\u0131 yapaca\u011f\u0131m\u0131z tesiste de 25 kad\u0131n\u0131m\u0131z istihdam edilecek. Bunun yar\u0131s\u0131 yerli yurtta\u015flar\u0131m\u0131zdan olu\u015fuyor, yar\u0131s\u0131 da misafirlerimizden olu\u015fuyor. Bu karde\u015flerimiz belli bir e\u011fitime tabi tutuldular. Bu e\u011fitimde bizlerle i\u015f birli\u011fi yapan Mersin \u0130\u015eKUR, Mersin Halk E\u011fitim Merkezi ve Ak\u015fam Sanat Okulu y\u00f6neticilerine, \u00e7al\u0131\u015fanlar\u0131na, eme\u011fi ge\u00e7enlere \u00e7ok te\u015fekk\u00fcr ediyorum. Bu projenin ger\u00e7ekle\u015fmesinde eme\u011fi ge\u00e7en Uluslararas\u0131 G\u00f6\u00e7 \u00d6rg\u00fct\u00fc\u2019ne, Mersinden Kad\u0131n Kooperatifi \u00e7al\u0131\u015fanlar\u0131na, Mersin B\u00fcy\u00fck\u015fehir Belediyesi \u00e7al\u0131\u015fanlar\u0131na \u00f6zellikle \u015f\u00fckranlar\u0131m\u0131 sunuyorum.\u201d<\/p>\n<p>Konu\u015fmas\u0131n\u0131n sonunda kat\u0131l\u0131mc\u0131lara ve i\u015f birli\u011fi yapt\u0131klar\u0131 kurumlara tek tek te\u015fekk\u00fcr eden Se\u00e7er, \u201cBu listeyi bizatihi okumam\u0131n sebebi; i\u015f birli\u011finin g\u00fczelli\u011fini sergilemek. B\u00fct\u00fcn belediye ba\u015fkanlar\u0131n\u0131, siyasi parti temsilcilerini ve bu konuda g\u00f6n\u00fcll\u00fc \u00e7al\u0131\u015fan kurum ve kurulu\u015flar\u0131 bir arada g\u00f6rmek beni ger\u00e7ekten \u00e7ok mutlu etti. Umut ediyorum bu ve bunun gibi kentimize ve \u00fclkemize, insanl\u0131\u011fa yarar getirecek daha bir\u00e7ok projenin alt\u0131na hep beraber imza atar\u0131z\u201d diye konu\u015ftu.<\/p>\n<p>\u201cKad\u0131nlar\u0131m\u0131z meslek sahibi olacak\u201d<\/p>\n<p>Mersinden Kad\u0131n Kooperatifi Ba\u015fkan\u0131 Meral Se\u00e7er, yapt\u0131\u011f\u0131 konu\u015fmada tesisin teknik detaylar\u0131n\u0131 payla\u015farak, \u201cDo\u011fa dostu bu tesisin Mersin i\u00e7in \u00f6nemli bir kazan\u0131m oldu\u011funu d\u00fc\u015f\u00fcn\u00fcyoruz. \u00dcr\u00fcn kurutma denemeleri ile faaliyete ge\u00e7en tesisimizde 13 m\u00fclteci, 12 T\u00fcrk olmak \u00fczere 25 kad\u0131n\u0131m\u0131z \u0130\u015eKUR\u2019dan Kurutulmu\u015f Meyve ve Sebze Operat\u00f6rl\u00fc\u011f\u00fc E\u011fitimi almaktad\u0131rlar. \u015eu anda teorik e\u011fitimlerini bitirmi\u015f olup tesisimizde pratik e\u011fitimlerine devam etmektedirler. E\u011fitimin sonucunda kad\u0131nlar\u0131m\u0131z Kurutulmu\u015f Meyve Sebze Operat\u00f6r\u00fc unvan\u0131n\u0131 alacaklard\u0131r. B\u00f6ylelikle kad\u0131nlar\u0131m\u0131z hem meslek sahibi olmu\u015f olacaklar hem bundan sonra bu alanda faaliyet g\u00f6steren tesislerde \u00e7al\u0131\u015fma imk\u00e2n\u0131 bulabilecekler\u201d diye konu\u015ftu.<\/p>\n<p>\u201cDo\u011fa dostu bu tesisimizde kurutaca\u011f\u0131m\u0131z meyve ve sebzeler mevsiminde yeti\u015ftirildi\u201d<\/p>\n<p>Meral Se\u00e7er, son y\u0131llarda, \u00f6zellikle pandemi ile birlikte insanlar\u0131n sa\u011fl\u0131kl\u0131 beslenme konusunda daha duyarl\u0131 oldu\u011funa vurgu yapt\u0131. Se\u00e7er,  tesiste kurutulacak meyve ve sebzelerin Mersin\u2019de bulunan k\u00fc\u00e7\u00fck \u00f6l\u00e7ekli \u00e7ift\u00e7ilerden ve kad\u0131n \u00e7ift\u00e7ilerden al\u0131naca\u011f\u0131n\u0131 s\u00f6zlerine ekleyerek, \u201cDo\u011fa dostu bu tesisimizde kurutaca\u011f\u0131m\u0131z meyve ve sebzeler mevsiminde yeti\u015ftirilmi\u015f meyve ve sebzeler olup geleneksel y\u00f6ntemin modernize edilmi\u015f \u015fekliyle kurutularak sofralar\u0131m\u0131zda yer bulacak. Bu a\u015famada kurutmak i\u00e7in alaca\u011f\u0131m\u0131z sebze ve meyvelerin teminini kentimizdeki k\u00fc\u00e7\u00fck \u00e7ift\u00e7ilerden, kad\u0131n \u00e7ift\u00e7ilerden alarak onlara ekonomik olarak katk\u0131da bulunmay\u0131 planlamaktay\u0131z\u201d dedi.<\/p>\n<p>Mersinden Kad\u0131n Kooperatifi olarak payda\u015f\u0131 olduklar\u0131 tesisin t\u00fcm \u00fcretim a\u015famas\u0131n\u0131 planlad\u0131klar\u0131n\u0131 da ifade eden Meral Se\u00e7er, \u015funlar\u0131 s\u00f6yledi:<\/p>\n<p>\u201c\u00d6ncelikle \u00fcr\u00fcnlerimizin ulusal ve uluslararas\u0131 pazarlarda yer bulabilmesi i\u00e7in neler yapmam\u0131z gerekti\u011fini d\u00fc\u015f\u00fcnd\u00fc\u011f\u00fcm\u00fczde Mersinden Kad\u0131n Kooperatifi olarak markala\u015fman\u0131n \u00f6nemini \u00f6n planda tutarak patentimizi ald\u0131k. Mersinden markas\u0131yla \u00fcr\u00fcnlerimizi pazarlayaca\u011f\u0131m\u0131z patenti alm\u0131\u015f bulunmaktay\u0131z. Burada \u00fcretece\u011fimiz \u00fcr\u00fcnleri Mersinden markas\u0131yla pazarlara sunaca\u011f\u0131z. Bir yandan kurutma denemeleri yaparken bir yandan da pazar ara\u015ft\u0131rmalar\u0131m\u0131z\u0131 tamamlam\u0131\u015f durumday\u0131z, \u00e7al\u0131\u015fmalar\u0131m\u0131z da devam ediyor. Burada ulusal ve uluslararas\u0131 marketler ve firmalarla g\u00f6r\u00fc\u015fmelerimiz devam ediyor. Bu g\u00f6r\u00fc\u015fmelerin, tesisin aktif ve do\u011fru bir \u015fekilde ilerlemesi i\u00e7in \u00e7ok faydas\u0131 oldu\u011funu g\u00f6r\u00fcyoruz. \u00c7\u00fcnk\u00fc burada \u00fcretece\u011fimiz \u00fcr\u00fcnler i\u00e7in hangi alanlarda pazar bulabilece\u011fimize destek oluyor, yard\u0131mc\u0131 oluyor, fikir edindiriyor.\u201d<\/p>\n<p>\u00dcr\u00fcnlerin analiz sonu\u00e7lar\u0131 g\u0131da t\u00fcz\u00fc\u011f\u00fcne uygun<\/p>\n<p>Tesiste deneme a\u015famas\u0131nda \u00fcrettikleri \u00fcr\u00fcnlerin analizlerini yapt\u0131rd\u0131klar\u0131n\u0131 s\u00f6zlerine ekleyen Meral Se\u00e7er, \u201cTesisimizde, kentimizde yeti\u015fen meyve ve sebzelerin \u00fcr\u00fcn denemelerini yapt\u0131k, \u00e7ok ba\u015far\u0131l\u0131 sonu\u00e7lar ald\u0131k. Analizlerini yapt\u0131rd\u0131k, bu sonu\u00e7lar\u0131n g\u0131da t\u00fcz\u00fc\u011f\u00fcne uygun ko\u015fullar olmas\u0131 \u00e7ok mutlu etti. \u00c7\u00fcnk\u00fc tesisin deneme \u00e7al\u0131\u015fmalar\u0131 sonucunda \u00e7\u0131kan \u00fcr\u00fcnler bizim pazar pay\u0131m\u0131z\u0131n ne oldu\u011funu, ne olaca\u011f\u0131n\u0131 ve bu tesisin i\u015flerli\u011finin ne olaca\u011f\u0131n\u0131 g\u00f6zler \u00f6n\u00fcne serdi. Bu konuda \u00e7ok mutluyuz. Sonu\u00e7lar\u0131m\u0131z \u00e7ok g\u00fczel \u00e7\u0131kt\u0131\u201d diye konu\u015ftu.<\/p>\n<p>Tesisin \u00fcretimin yan\u0131 s\u0131ra kad\u0131n istihdam\u0131 i\u00e7in de \u00f6nemini vurgulayan Meral Se\u00e7er, projenin bir\u00e7ok \u00f6nemli \u00e7\u0131kt\u0131s\u0131 oldu\u011funa de\u011finerek, konu\u015fmas\u0131n\u0131 \u015fu \u015fekilde s\u00fcrd\u00fcrd\u00fc:<\/p>\n<p>\u201cBu proje kapsam\u0131nda \u015funu anlad\u0131k ki ve bildi\u011fimiz bir konuydu; hangi milletten olursan\u0131z olun kad\u0131n sorununun, kad\u0131n duygusunun, hissiyat\u0131n\u0131n ayn\u0131 oldu\u011fudur. Ya\u015fad\u0131klar\u0131 problemlerden dolay\u0131 \u00fclkesini terk etmek zorunda kalan kad\u0131nlar\u0131m\u0131z\u0131n insanca ya\u015fama hakk\u0131 oldu\u011funu d\u00fc\u015f\u00fcn\u00fcyoruz. Bu projeyle kad\u0131nlar\u0131m\u0131z ekonomik alanda kazan\u0131m sa\u011flad\u0131klar\u0131 gibi ayn\u0131 co\u011frafyada ya\u015fayan kad\u0131nlar\u0131m\u0131z\u0131n birlikte ya\u015fama k\u00fclt\u00fcr\u00fc ile birbirlerini daha iyi anlad\u0131klar\u0131n\u0131, ileti\u015fim kurduklar\u0131n\u0131 ve payla\u015f\u0131mlar\u0131n\u0131n artt\u0131\u011f\u0131n\u0131 g\u00f6r\u00fcyoruz. Bu anlamda bu projenin \u00f6nemi \u00e7ok b\u00fcy\u00fck. Projenin di\u011fer bir \u00e7\u0131kt\u0131s\u0131 ise kad\u0131n kooperatiflerinin yerel y\u00f6netimler, ulusal ve uluslararas\u0131 kuru\u015flar taraf\u0131ndan desteklenmesi gerekti\u011fini; bu destekler sonucunda kad\u0131n kooperatiflerinin s\u00fcrd\u00fcr\u00fclebilir olaca\u011f\u0131n\u0131 ve daha \u00e7ok kad\u0131na, kentine, \u00fclkesine katk\u0131da bulunaca\u011f\u0131n\u0131 d\u00fc\u015f\u00fcn\u00fcyoruz. Dilerim bu projelerin say\u0131s\u0131 daha artar, i\u015flevsel olmas\u0131 i\u00e7in katk\u0131lar daha \u00e7ok verilir. T\u00fcm kentimize, halk\u0131m\u0131za, kad\u0131nlar\u0131m\u0131za hay\u0131rl\u0131 u\u011furlu olmas\u0131n\u0131 diliyorum.\u201d<\/p>\n<p>\u201cBu projenin bir par\u00e7as\u0131 olmaktan gurur duyuyorum\u201d<\/p>\n<p>Uluslararas\u0131 G\u00f6\u00e7 \u00d6rg\u00fct\u00fc Ankara \u00dclke Ofisi Temsilcisi Vekili David Savard, konu\u015fmas\u0131n\u0131n ba\u015f\u0131nda Ba\u015fkan Se\u00e7er\u2019e te\u015fekk\u00fcrlerini ileterek, \u201cProjeyi ger\u00e7ekle\u015ftirdi\u011finiz, bu g\u00fczel organizasyonu yapt\u0131\u011f\u0131n\u0131z, kurumuma ve \u015fahs\u0131ma davet g\u00f6nderdi\u011finiz i\u00e7in te\u015fekk\u00fcr ediyorum. Bu projenin bir par\u00e7as\u0131 olmaktan gurur duyuyorum. B\u00f6yle bir proje yapmaya tek ba\u015f\u0131na bir ki\u015finin g\u00fcc\u00fc yetmiyor. \u00c7ok fazla akt\u00f6rle, el ele, birlikte bu i\u015fler ba\u015far\u0131labiliyor. Bu proje bir grup kad\u0131n taraf\u0131ndan yap\u0131ld\u0131, burada bulunan. Ticaret sat\u0131\u015flar\u0131 i\u00e7in g\u0131da kurutma \u00fczerine bir proje bu. G\u0131da kurutma gelece\u011fi korumak i\u00e7in \u00f6nemli. Eminim hi\u00e7biriniz \u015fa\u015f\u0131rmam\u0131\u015fs\u0131n\u0131zd\u0131r, kad\u0131nlar gelece\u011fi d\u00fc\u015f\u00fcnendir. Gelece\u011fimizi kurtaran ve \u015fekillendiren toplumumuzda bulunan kad\u0131nlard\u0131r. Sadece gelece\u011fi de\u011fil ayn\u0131 zamanda bir toplumu, toplulu\u011fu olu\u015fturuyorlar. Her ba\u015far\u0131l\u0131 erke\u011fin arkas\u0131nda bir kad\u0131n vard\u0131r. Her harika toplulu\u011fun arkas\u0131nda bir kad\u0131n bulunmaktad\u0131r. Bug\u00fcn burada g\u00f6rd\u00fc\u011f\u00fcn\u00fcz kad\u0131nlar kendileri i\u00e7in burada bulunmuyorlar. Aileleri, \u00e7ocuklar\u0131 ve bu topluluk i\u00e7in burada bulunuyorlar. Uluslararas\u0131 G\u00f6\u00e7 \u00d6rg\u00fct\u00fc ad\u0131na burada olmak harika. Hepinize te\u015fekk\u00fcr ediyorum. Sa\u011fl\u0131k, refah ve \u00e7ocuklar\u0131n\u0131z\u0131n hayallerini ger\u00e7ekle\u015ftirmek i\u00e7in hepinize g\u00fc\u00e7 dilerim\u201d dedi.<\/p>\n<p>Konu\u015fmalar\u0131n ard\u0131ndan Ba\u015fkan Se\u00e7er, Meral Se\u00e7er ve protokol \u00fcyeleri ile birlikte a\u00e7\u0131l\u0131\u015f kurdelesi kesildi ve ard\u0131ndan tesis gezildi.<\/p>\n","protected":false},"excerpt":{"rendered":"<p>Birle\u015fmi\u015f Milletler Uluslararas\u0131 G\u00f6\u00e7 \u00d6rg\u00fct\u00fc ile Mersin B\u00fcy\u00fck\u015fehir Belediyesi Tar\u0131msal ve Veteriner Hizmetleri Dairesi\u2019nin i\u015f birli\u011finde yap\u0131m\u0131 tamamlanan \u2018Mersinden G\u00fcne\u015f Enerjisi \u0130le Kurutma Tesisi\u2019nin a\u00e7\u0131l\u0131\u015f\u0131 ger\u00e7ekle\u015ftirildi. Mersinden Kad\u0131n Kooperatifi\u2019nin i\u015fletece\u011fi &hellip; <a href=\"https:\/\/akdenizolaygazetesi.com\/?p=12813\" class=\"more-link\">Devam\u0131n\u0131 Oku&#8230;<\/a><\/p>\n","protected":false},"author":2,"featured_media":12814,"comment_status":"open","ping_status":"open","sticky":false,"template":"","format":"standard","meta":[],"categories":[8,3,5],"tags":[],"_links":{"self":[{"href":"https:\/\/akdenizolaygazetesi.com\/index.php?rest_route=\/wp\/v2\/posts\/12813"}],"collection":[{"href":"https:\/\/akdenizolaygazetesi.com\/index.php?rest_route=\/wp\/v2\/posts"}],"about":[{"href":"https:\/\/akdenizolaygazetesi.com\/index.php?rest_route=\/wp\/v2\/types\/post"}],"author":[{"embeddable":true,"href":"https:\/\/akdenizolaygazetesi.com\/index.php?rest_route=\/wp\/v2\/users\/2"}],"replies":[{"embeddable":true,"href":"https:\/\/akdenizolaygazetesi.com\/index.php?rest_route=%2Fwp%2Fv2%2Fcomments&post=12813"}],"version-history":[{"count":1,"href":"https:\/\/akdenizolaygazetesi.com\/index.php?rest_route=\/wp\/v2\/posts\/12813\/revisions"}],"predecessor-version":[{"id":12815,"href":"https:\/\/akdenizolaygazetesi.com\/index.php?rest_route=\/wp\/v2\/posts\/12813\/revisions\/12815"}],"wp:featuredmedia":[{"embeddable":true,"href":"https:\/\/akdenizolaygazetesi.com\/index.php?rest_route=\/wp\/v2\/media\/12814"}],"wp:attachment":[{"href":"https:\/\/akdenizolaygazetesi.com\/index.php?rest_route=%2Fwp%2Fv2%2Fmedia&parent=12813"}],"wp:term":[{"taxonomy":"category","embeddable":true,"href":"https:\/\/akdenizolaygazetesi.com\/index.php?rest_route=%2Fwp%2Fv2%2Fcategories&post=12813"},{"taxonomy":"post_tag","embeddable":true,"href":"https:\/\/akdenizolaygazetesi.com\/index.php?rest_route=%2Fwp%2Fv2%2Ftags&post=12813"}],"curies":[{"name":"wp","href":"https:\/\/api.w.org\/{rel}","templated":true}]}}