{"id":1282,"date":"2020-11-04T18:21:51","date_gmt":"2020-11-04T15:21:51","guid":{"rendered":"http:\/\/mersinekonomipolitikagazetesi.com\/?p=1282"},"modified":"2020-11-04T18:21:51","modified_gmt":"2020-11-04T15:21:51","slug":"ulu-cami-meydani-civil-civil","status":"publish","type":"post","link":"https:\/\/akdenizolaygazetesi.com\/?p=1282","title":{"rendered":"ULU CAM\u0130 MEYDANI CIVIL CIVIL"},"content":{"rendered":"<p>Mersin B\u00fcy\u00fck\u015fehir Belediyesi&#8217;nin Mersin&#8217;i G\u00fczelle\u015ftirme&#8221; projesi kapsam\u0131nda ele ald\u0131\u011f\u0131 Ulu Cami ve Ulu \u00c7ar\u015f\u0131 \u00e7evresi, ger\u00e7ekle\u015ftirilen onar\u0131mlardan sonra eski canl\u0131l\u0131\u011f\u0131n\u0131 geri kazand\u0131.<\/p>\n<p>1898 y\u0131l\u0131nda, Sultan II.Abd\u00fclhamit zaman\u0131nda, Saydal\u0131 Abd\u00fclkadir Seydavi \u00f6nc\u00fcl\u00fc\u011f\u00fcnde halk taraf\u0131ndan yapt\u0131r\u0131lan, eski G\u00fcmr\u00fck Meydan\u0131nda bulunan ve eski ad\u0131 ile &#8221;Yeni Cami&#8221; olarak bilinen cami y\u0131kt\u0131r\u0131lm\u0131\u015f yerine \u015fimdiki ad\u0131 ile Ulu Cami olarak bilinen cami in\u015fa ettirilmi\u015ftir. Mersin&#8217;in en eski tarihi yap\u0131lar\u0131ndan biri olan Ulu Cami ve hemen yan\u0131nda kurulan Ulu \u00c7ar\u015f\u0131 \u00e7evresi, Mersin B\u00fcy\u00fck\u015fehir Belediyesi taraf\u0131ndan &#8221;Mersin&#8217;i G\u00fczelle\u015ftirme&#8221; projesi kapsam\u0131nda d\u00fczenlemeye al\u0131narak, eski canl\u0131l\u0131\u011f\u0131na tekrar kavu\u015fturuldu. Dini objelerin ve \u00e7e\u015fitli tasar\u0131mlardaki \u0131\u015f\u0131kland\u0131rmalar\u0131n yan\u0131 s\u0131ra dinlenme banklar\u0131n\u0131n bulundu\u011fu ve \u00e7evre peyzaj\u0131nda alan\u0131n meydanla\u015ft\u0131rma niteli\u011fine uygun \u015fekilde planlanmas\u0131 sonucunda modern k\u00fc\u00e7\u00fck bir meydan olu\u015fturulmu\u015f durumda. G\u00fcvercinlerin u\u011frak yeri olan Ulu Cami meydan\u0131 d\u00fczenlemenin ard\u0131ndan \u00f6z\u00fcn\u00fc bozmadan g\u00fcvercinlere ev sahipli\u011fi yapmaya ise devam ediyor.<\/p>\n<p>ULU CAM\u0130 VE ULU \u00c7AR\u015eI TAR\u0130H\u0130&#8217;NE BAKI\u015e<br \/>\n1898 y\u0131l\u0131nda Sultan II.Abd\u00fclhamit zaman\u0131nda, Saydal\u0131 Abd\u00fclkadir Seydavi \u00f6nc\u00fcl\u00fc\u011f\u00fcnde halk taraf\u0131ndan yapt\u0131r\u0131lan eski G\u00fcmr\u00fck Meydan\u0131ndaki (G\u00fcn\u00fcm\u00fczde Ulu \u00c7ar\u015f\u0131) Yeni Cami y\u0131kt\u0131r\u0131lm\u0131\u015f, yerine b\u00fcy\u00fck ve modern Ulu Cami in\u015fa edilmi\u015ftir.<br \/>\nCami \u00fc\u00e7 katl\u0131d\u0131r. Zemin katta iki bin ki\u015filik ibadet mekan\u0131 ve son cemaat yeri bulunmaktad\u0131r. Ayr\u0131ca bodrum kat\u0131nda d\u00f6rty\u00fcz ki\u015filik konferans salonu olan caminin, i\u00e7 y\u00fczeyinde, ilk defa bu camide uygulanan rumi ve hatai desenli K\u00fctahya \u00e7inisi ile, profilli ve oymal\u0131 ah\u015fap malzeme kullan\u0131lm\u0131\u015ft\u0131r, ibadet mekan\u0131na giri\u015f tavan\u0131nda rumi desenli renkli malakari r\u00f6lyef uygulanm\u0131\u015ft\u0131r. Mihrab\u0131 \u00e7ini ve ah\u015fap kar\u0131\u015f\u0131m\u0131d\u0131r. Mukarnasl\u0131 al\u00e7\u0131dan yap\u0131lm\u0131\u015f olup, \u00fcst kavsaras\u0131n\u0131n y\u00fczeyi alt\u0131n varak kaplanm\u0131\u015ft\u0131r. \u0130ki \u015ferefeli iki minaresi vard\u0131r.<\/p>\n<p>Ulu Camii&#8217;nin yan\u0131nda kurulmu\u015f olan Ulu \u00e7ar\u015f\u0131 ise iki katl\u0131d\u0131r. Ulu \u00e7ar\u015f\u0131da \u015fe\u00e7kin kuyumcular ve \u015fe\u00e7kin al\u0131\u015fveri\u015f ma\u011fazalar\u0131 bulunmaktad\u0131r.<br \/>\nAyr\u0131ca mimarisi ile de ba\u015far\u0131l\u0131 Cumhuriyet yap\u0131tlar\u0131ndan olan Ulu \u00e7ar\u015f\u0131 Mersin&#8217;de g\u00f6r\u00fclmesi gereken yerlerden biridir.<\/p>\n","protected":false},"excerpt":{"rendered":"<p>Mersin B\u00fcy\u00fck\u015fehir Belediyesi&#8217;nin Mersin&#8217;i G\u00fczelle\u015ftirme&#8221; projesi kapsam\u0131nda ele ald\u0131\u011f\u0131 Ulu Cami ve Ulu \u00c7ar\u015f\u0131 \u00e7evresi, ger\u00e7ekle\u015ftirilen onar\u0131mlardan sonra eski canl\u0131l\u0131\u011f\u0131n\u0131 geri kazand\u0131. 1898 y\u0131l\u0131nda, Sultan II.Abd\u00fclhamit zaman\u0131nda, Saydal\u0131 Abd\u00fclkadir Seydavi &hellip; <a href=\"https:\/\/akdenizolaygazetesi.com\/?p=1282\" class=\"more-link\">Devam\u0131n\u0131 Oku&#8230;<\/a><\/p>\n","protected":false},"author":1,"featured_media":0,"comment_status":"open","ping_status":"open","sticky":false,"template":"","format":"standard","meta":[],"categories":[],"tags":[],"_links":{"self":[{"href":"https:\/\/akdenizolaygazetesi.com\/index.php?rest_route=\/wp\/v2\/posts\/1282"}],"collection":[{"href":"https:\/\/akdenizolaygazetesi.com\/index.php?rest_route=\/wp\/v2\/posts"}],"about":[{"href":"https:\/\/akdenizolaygazetesi.com\/index.php?rest_route=\/wp\/v2\/types\/post"}],"author":[{"embeddable":true,"href":"https:\/\/akdenizolaygazetesi.com\/index.php?rest_route=\/wp\/v2\/users\/1"}],"replies":[{"embeddable":true,"href":"https:\/\/akdenizolaygazetesi.com\/index.php?rest_route=%2Fwp%2Fv2%2Fcomments&post=1282"}],"version-history":[{"count":0,"href":"https:\/\/akdenizolaygazetesi.com\/index.php?rest_route=\/wp\/v2\/posts\/1282\/revisions"}],"wp:attachment":[{"href":"https:\/\/akdenizolaygazetesi.com\/index.php?rest_route=%2Fwp%2Fv2%2Fmedia&parent=1282"}],"wp:term":[{"taxonomy":"category","embeddable":true,"href":"https:\/\/akdenizolaygazetesi.com\/index.php?rest_route=%2Fwp%2Fv2%2Fcategories&post=1282"},{"taxonomy":"post_tag","embeddable":true,"href":"https:\/\/akdenizolaygazetesi.com\/index.php?rest_route=%2Fwp%2Fv2%2Ftags&post=1282"}],"curies":[{"name":"wp","href":"https:\/\/api.w.org\/{rel}","templated":true}]}}