{"id":12835,"date":"2021-06-13T10:50:32","date_gmt":"2021-06-13T07:50:32","guid":{"rendered":"http:\/\/akdenizolaygazetesi.com\/?p=12835"},"modified":"2021-06-13T10:50:32","modified_gmt":"2021-06-13T07:50:32","slug":"gelecegin-kadin-sporculari-basariya-kosuyor","status":"publish","type":"post","link":"https:\/\/akdenizolaygazetesi.com\/?p=12835","title":{"rendered":"GELECE\u011e\u0130N KADIN SPORCULARI  BA\u015eARIYA KO\u015eUYOR"},"content":{"rendered":"<p>Mersin B\u00fcy\u00fck\u015fehir Belediyesi\u2019nin \u2018K\u0131r \u00c7i\u00e7ekleri\u2019 projesi kapsam\u0131nda yeti\u015ftirilen gelece\u011fin ba\u015far\u0131l\u0131 sporcu adaylar\u0131, Adana\u2019da ger\u00e7ekle\u015ftirilen 6. TAF Turkcell K\u00fc\u00e7\u00fckler Atletizm Grup Yar\u0131\u015fmas\u0131\u2019na kat\u0131ld\u0131. Gelece\u011fin kad\u0131n sporcular\u0131, 16 tak\u0131m aras\u0131nda 4. olarak b\u00fcy\u00fck bir ba\u015far\u0131ya imza att\u0131.<\/p>\n<p>\u0130lk resmi yar\u0131\u015fmadan ba\u015far\u0131yla d\u00f6nd\u00fcler<\/p>\n<p>B\u00fcy\u00fck\u015fehir Belediyesi Gen\u00e7lik ve Spor Hizmetleri Dairesi b\u00fcnyesinde hayata ge\u00e7irilen \u2018K\u0131r \u00c7i\u00e7ekleri\u2019 projesinde e\u011fitim alan ve \u00e7e\u015fitli spor bran\u015flar\u0131nda B\u00fcy\u00fck\u015fehir\u2019in antren\u00f6rleri taraf\u0131ndan yeti\u015ftirilen K\u0131r \u00c7i\u00e7ekleri yar\u0131\u015fmalara kat\u0131lmaya ba\u015flad\u0131. 6. TAF Turkcell K\u00fc\u00e7\u00fckler Atletizm Grup Yar\u0131\u015fmas\u0131\u2019nda Mersin\u2019i temsil eden k\u00fc\u00e7\u00fck sporcular, ilk resmi yar\u0131\u015fmalar\u0131 olmas\u0131na ra\u011fmen \u00e7ok iyi dereceler elde etti.<\/p>\n<p>\u2018F\u0131rlatma Topu\u2019 kategorisinde \u00c7ilem Nisa T\u00fcrer birinci, Ece G\u00fcl Ka\u015f ikinci oldu. \u201860 metre Y\u00fcksek Atlama\u2019 kategorisinde ise G\u00fclseren Feyza Uysal ile Medine G\u00f6k\u00e7\u00fcl d\u00f6rd\u00fcnc\u00fc olarak kente d\u00f6nd\u00fc.<\/p>\n","protected":false},"excerpt":{"rendered":"<p>Mersin B\u00fcy\u00fck\u015fehir Belediyesi\u2019nin \u2018K\u0131r \u00c7i\u00e7ekleri\u2019 projesi kapsam\u0131nda yeti\u015ftirilen gelece\u011fin ba\u015far\u0131l\u0131 sporcu adaylar\u0131, Adana\u2019da ger\u00e7ekle\u015ftirilen 6. TAF Turkcell K\u00fc\u00e7\u00fckler Atletizm Grup Yar\u0131\u015fmas\u0131\u2019na kat\u0131ld\u0131. Gelece\u011fin kad\u0131n sporcular\u0131, 16 tak\u0131m aras\u0131nda 4. olarak &hellip; <a href=\"https:\/\/akdenizolaygazetesi.com\/?p=12835\" class=\"more-link\">Devam\u0131n\u0131 Oku&#8230;<\/a><\/p>\n","protected":false},"author":2,"featured_media":12836,"comment_status":"open","ping_status":"open","sticky":false,"template":"","format":"standard","meta":[],"categories":[3,10],"tags":[],"_links":{"self":[{"href":"https:\/\/akdenizolaygazetesi.com\/index.php?rest_route=\/wp\/v2\/posts\/12835"}],"collection":[{"href":"https:\/\/akdenizolaygazetesi.com\/index.php?rest_route=\/wp\/v2\/posts"}],"about":[{"href":"https:\/\/akdenizolaygazetesi.com\/index.php?rest_route=\/wp\/v2\/types\/post"}],"author":[{"embeddable":true,"href":"https:\/\/akdenizolaygazetesi.com\/index.php?rest_route=\/wp\/v2\/users\/2"}],"replies":[{"embeddable":true,"href":"https:\/\/akdenizolaygazetesi.com\/index.php?rest_route=%2Fwp%2Fv2%2Fcomments&post=12835"}],"version-history":[{"count":1,"href":"https:\/\/akdenizolaygazetesi.com\/index.php?rest_route=\/wp\/v2\/posts\/12835\/revisions"}],"predecessor-version":[{"id":12837,"href":"https:\/\/akdenizolaygazetesi.com\/index.php?rest_route=\/wp\/v2\/posts\/12835\/revisions\/12837"}],"wp:featuredmedia":[{"embeddable":true,"href":"https:\/\/akdenizolaygazetesi.com\/index.php?rest_route=\/wp\/v2\/media\/12836"}],"wp:attachment":[{"href":"https:\/\/akdenizolaygazetesi.com\/index.php?rest_route=%2Fwp%2Fv2%2Fmedia&parent=12835"}],"wp:term":[{"taxonomy":"category","embeddable":true,"href":"https:\/\/akdenizolaygazetesi.com\/index.php?rest_route=%2Fwp%2Fv2%2Fcategories&post=12835"},{"taxonomy":"post_tag","embeddable":true,"href":"https:\/\/akdenizolaygazetesi.com\/index.php?rest_route=%2Fwp%2Fv2%2Ftags&post=12835"}],"curies":[{"name":"wp","href":"https:\/\/api.w.org\/{rel}","templated":true}]}}