{"id":12844,"date":"2021-06-13T10:58:29","date_gmt":"2021-06-13T07:58:29","guid":{"rendered":"http:\/\/akdenizolaygazetesi.com\/?p=12844"},"modified":"2021-06-13T10:58:29","modified_gmt":"2021-06-13T07:58:29","slug":"buyuksehirin-destekleri-gencleri-de-tarima-yonlendiriyor","status":"publish","type":"post","link":"https:\/\/akdenizolaygazetesi.com\/?p=12844","title":{"rendered":"B\u00dcY\u00dcK\u015eEH\u0130R\u2019\u0130N DESTEKLER\u0130 GEN\u00c7LER\u0130 DE TARIMA Y\u00d6NLEND\u0130R\u0130YOR"},"content":{"rendered":"<p>Mersin B\u00fcy\u00fck\u015fehir Belediyesi, \u201cYerel Nohut \u00c7e\u015fitlerinin Yerinde Korunmas\u0131 ve Pazarlanmas\u0131 Projesi\u201dni ba\u015flatt\u0131. Bahri Da\u011fda\u015f Uluslararas\u0131 Tar\u0131msal Ara\u015ft\u0131rma Enstit\u00fcs\u00fc ile i\u015f birli\u011fi i\u00e7erisinde y\u00fcr\u00fct\u00fclen proje kapsam\u0131nda G\u00fclnar il\u00e7esindeki 34 \u00fcreticiye 170 dekar alan i\u00e7in 2 bin 40 kilo tohum deste\u011fi sa\u011fland\u0131. Projeyle yerel nohut \u00e7e\u015fitlerinin yerinde \u00fcretilmesi ama\u00e7lan\u0131yor. \u00dcreticiler, bir zamanlar ad\u0131na festivaller organize ettikleri ancak bir s\u00fcredir unutulmaya y\u00fcz tutmu\u015f yerel nohut \u00e7e\u015fitlerini yeniden toprakla bulu\u015fturman\u0131n mutlulu\u011funu ya\u015f\u0131yor. B\u00fcy\u00fck\u015fehir\u2019in destekleri gen\u00e7leri de tar\u0131ma y\u00f6nlendiriyor.<\/p>\n<p>G\u00fclnar\u2019da nohut eski cazibesine kavu\u015facak<\/p>\n<p>Elma ve bademiyle \u00fcnl\u00fc G\u00fclnar\u2019da bir zamanlar \u00fcreticinin tek ge\u00e7im kayna\u011f\u0131 olan nohut \u00fcretimi \u015fu g\u00fcnlerde yok denecek kadar az. Yerel nohut \u00e7e\u015fitlerinin yerinde \u00fcretilmesi, korunmas\u0131 ve \u00fcretiminin s\u00fcrd\u00fcr\u00fclmesi i\u00e7in harekete ge\u00e7en Mersin B\u00fcy\u00fck\u015fehir Belediyesi Tar\u0131msal ve Veteriner Hizmetleri Dairesi, bu \u00e7er\u00e7evede Bahri Da\u011fda\u015f Uluslararas\u0131 Tar\u0131msal Ara\u015ft\u0131rma Enstit\u00fcs\u00fc ile ortak proje ba\u015flatt\u0131.<\/p>\n<p>Bu kapsamda G\u00fclnar\u2019\u0131n Bereket, Day\u0131c\u0131k ve \u015eeyh\u00f6mer mahallelerinde toplam 34 \u00fcreticiye 170 dekar alan i\u00e7in 2 bin 40 kilo tohum deste\u011fi sa\u011fland\u0131. Bu rakam, 5 dekar alana 60 kilo tohum olarak yans\u0131yor. B\u00fcy\u00fck\u015fehir, gerekli g\u00f6r\u00fclmesi durumunda \u00fcreticilere g\u00fcbre ve zirai ila\u00e7 deste\u011fi de verecek. Nohutlar\u0131n\u0131 alan \u00fcreticiler \u00f6nce topra\u011f\u0131 ekime haz\u0131r hale getirdi, ard\u0131ndan tohumlar\u0131 topra\u011fa serpti. G\u00fclnarl\u0131 nohut \u00fcreticileri, bir gelene\u011fi yeniden ya\u015fatman\u0131n heyecan\u0131n\u0131 ta\u015f\u0131yor. Proje ile yerel tohum \u00fcretimine te\u015fvik edilen \u00fcreticilerin elde ettikleri \u00fcr\u00fcnler, Toprak Mahsulleri Ofisi\u2019nin belirlemi\u015f oldu\u011fu fiyat\u0131n % 25 fazlas\u0131na al\u0131m garantili olacak.<\/p>\n<p>Ba\u015fkan Se\u00e7er, \u201cBuras\u0131 asl\u0131nda do\u011fal bir gen bankas\u0131\u201d demi\u015fti<\/p>\n<p>Ge\u00e7en y\u0131l Silifke\u2019nin Baland\u0131z Mahallesi\u2019nde atal\u0131k sar\u0131 bu\u011fdayla ba\u015flayan destek s\u00fcrerken, bu sene ise G\u00fclnarl\u0131 \u00fcreticinin y\u00fcz\u00fc g\u00fcld\u00fc. Projenin protokol imzalar\u0131 Nisan ay\u0131n\u0131n ilk haftas\u0131nda B\u00fcy\u00fck\u015fehir Belediye Ba\u015fkan\u0131 Vahap Se\u00e7er ile Bahri Da\u011fda\u015f Uluslararas\u0131 Tar\u0131msal Ara\u015ft\u0131rma Enstit\u00fcs\u00fc M\u00fcd\u00fcr\u00fc Dr. Fatih \u00d6zdemir taraf\u0131ndan at\u0131ld\u0131. Ba\u015fkan Se\u00e7er, proje ile yerel bir nohut \u00e7e\u015fidinin hem \u00fcretimi hem de yayg\u0131nla\u015ft\u0131r\u0131lmas\u0131n\u0131n sa\u011flanaca\u011f\u0131n\u0131 ifade ederek, \u201cBuras\u0131 asl\u0131nda do\u011fal bir gen bankas\u0131\u201d demi\u015fti.<\/p>\n<p>\u201c\u00dcreticilerin tohum girdileri ve zirai ila\u00e7 girdilerini biz kar\u015f\u0131layaca\u011f\u0131z\u201d<\/p>\n<p>Tar\u0131msal ve Veteriner Hizmetleri Dairesi\u2019nde g\u00f6revli Ziraat Teknikeri Ali Karak\u0131\u015f, projenin detaylar\u0131n\u0131 anlat\u0131rken, \u201cProjemizle birlikte G\u00fclnar\u2019da belirlemi\u015f oldu\u011fumuz 3 mahallemiz var. 3 mahalleden 34 \u00fcreticimiz bu projeden faydalanacak. Proje kapsam\u0131nda \u00fcreticilerin tohum girdileri ve zirai ila\u00e7 girdilerini Mersin B\u00fcy\u00fck\u015fehir Belediyesi olarak biz kar\u015f\u0131layaca\u011f\u0131z. Bu sayede \u00fcreticilerimiz ekonomik anlamda kazan\u00e7 sa\u011flam\u0131\u015f olacaklar. Ayn\u0131 zamanda G\u00fclnar\u2019da yok olmaya y\u00fcz tutmu\u015f atal\u0131k nohut \u00e7e\u015fitlerinin ticari anlamda, \u00fcretim alanlar\u0131 daha fazla yay\u0131lm\u0131\u015f olacak\u201d diye konu\u015ftu.<\/p>\n<p>\u201cYerel atal\u0131k nohut \u00e7e\u015fitlerinin en b\u00fcy\u00fck \u00f6zelli\u011fi kendine has bir aromas\u0131n\u0131n olmas\u0131d\u0131r\u201d<\/p>\n<p>Yerel atal\u0131k nohut \u00e7e\u015fitlerinin kendine has \u00f6zelliklerinden bahseden Karak\u0131\u015f, \u201cYerel atal\u0131k nohut \u00e7e\u015fitlerini di\u011fer nohutlardan ay\u0131ran en b\u00fcy\u00fck \u00f6zelliklerinden birisi geneti\u011fi de\u011fi\u015ftirilmedi\u011fi i\u00e7in kendine has bir aromas\u0131n\u0131n olmas\u0131d\u0131r. Tescilli bir \u00fcr\u00fcn taneleri iri, albenisi iyi gibi g\u00f6z\u00fckebilir. Lakin yerel atal\u0131k nohut \u00e7e\u015fidimizin kendine has aromas\u0131 vard\u0131r ve geneti\u011fi de\u011fi\u015ftirilmedi\u011fi i\u00e7in sa\u011fl\u0131kl\u0131d\u0131r. Ayn\u0131 zamanda erken pi\u015fmesinden dolay\u0131 d\u00fcnya \u00e7ap\u0131nda bir marka de\u011feri g\u00f6rmektedir\u201d dedi.<\/p>\n<p>\u201cEnstit\u00fcm\u00fczde yapt\u0131\u011f\u0131m\u0131z \u00e7al\u0131\u015fmada yerel nohut olanlar\u0131 belirledik\u201d<\/p>\n<p>Tar\u0131m ve Orman Bakanl\u0131\u011f\u0131\u2019na ba\u011fl\u0131 Bahri Da\u011fda\u015f Uluslararas\u0131 Tar\u0131msal Ara\u015ft\u0131rma Enstit\u00fcs\u00fc\u2019nde Ziraat Y\u00fcksek M\u00fchendisi olarak g\u00f6rev yapan Murat K\u00fc\u00e7\u00fck\u00e7angar ise projeye sunduklar\u0131 katk\u0131dan bahsederek, \u201cEnstit\u00fc olarak yeni tohumlar \u0131slah etti\u011fimiz gibi eski atal\u0131k tohumlar\u0131n yerinde korunmas\u0131yla ilgili \u00e7al\u0131\u015fmalar da y\u00fcr\u00fct\u00fcyoruz. Bu \u00e7al\u0131\u015fmalar\u0131n birini de G\u00fclnar\u2019da nohut \u00fczerine yap\u0131yoruz. Daha \u00f6nce B\u00fcy\u00fck\u015fehir Belediyesi\u2019ndeki arkada\u015flarla birlikte b\u00f6lgedeki nohutlar\u0131 toplad\u0131k. Enstit\u00fcm\u00fczde yapt\u0131\u011f\u0131m\u0131z \u00e7al\u0131\u015fmada yerel nohut olanlar\u0131 belirledik\u201d dedi. Yerel nohutlar\u0131n her birinin bir gen kayna\u011f\u0131 oldu\u011funu vurgulayan K\u00fc\u00e7\u00fck\u00e7angar, \u201cBunun bir \u015fekilde yerinde de devam etmesi gerekiyor. Tar\u0131m ve Orman Bakanl\u0131\u011f\u0131 olarak Ankara ve \u0130zmir\u2019deki gen bankalar\u0131nda bunlar saklan\u0131yor. Elimizde mevcut ama \u00fcretimin de devam etmesini istiyoruz\u201d diye konu\u015ftu.<\/p>\n<p>\u201cNohutta da benzer \u00e7al\u0131\u015fmay\u0131 y\u00fcr\u00fctece\u011fiz\u201d<\/p>\n<p>Projeyle birlikte \u00fcreticilere e\u011fitimler verdiklerini, ekimden sonra da tarlada e\u011fitimlerin s\u00fcrece\u011fini belirten K\u00fc\u00e7\u00fck\u00e7angar, ge\u00e7en y\u0131l bu projenin bir benzerini Silifke\u2019nin Baland\u0131z Mahallesi\u2019nde y\u00fcr\u00fctt\u00fcklerini belirtti. Ge\u00e7en y\u0131l atal\u0131k sar\u0131 bu\u011fdaylar\u0131n ilk hasad\u0131n\u0131 yapt\u0131klar\u0131n\u0131 belirten K\u00fc\u00e7\u00fck\u00e7angar, \u201cBu, ikinci y\u0131l\u0131. \u00c7ift\u00e7ilerimiz de memnun oldu. Bunun tan\u0131t\u0131m\u0131n\u0131 yap\u0131yoruz. Ayn\u0131 zamanda bundan sonra sar\u0131 bu\u011fday\u0131n tescil edilmesiyle ilgili \u00e7al\u0131\u015fmalar y\u00fcr\u00fct\u00fcyoruz. O a\u015famaya geldik. Nohutta da benzer \u00e7al\u0131\u015fmay\u0131 y\u00fcr\u00fctece\u011fiz\u201d dedi.<\/p>\n<p>\u201cEskiden k\u00f6yl\u00fcler bu nohut \u00fczerinden al\u0131\u015fveri\u015f yaparlarm\u0131\u015f\u201d<\/p>\n<p>500 civar\u0131 n\u00fcfusa sahip Bereket Mahallesi\u2019nin Muhtar\u0131 \u00dcnal Cin, bu \u00e7al\u0131\u015fman\u0131n kendi mahallesinde de y\u00fcr\u00fct\u00fcl\u00fcyor olmas\u0131ndan memnun oldu\u011funu belirterek, \u201cBu nohut eskiden bizim ge\u00e7im kayna\u011f\u0131m\u0131zd\u0131. \u015eu an t\u00fckenmek \u00fczere. Bizim buran\u0131n nohudu \u00e7ok vitaminli bir nohut. O y\u00fczden bunu \u00e7o\u011faltmak istiyoruz. Bu nohut eskiden milletin ge\u00e7im kayna\u011f\u0131ym\u0131\u015f. Mesela k\u00f6yl\u00fcler bu nohut \u00fczerinden al\u0131\u015fveri\u015f yaparlarm\u0131\u015f. Bizi destekledi\u011fi i\u00e7in Vahap Ba\u015fkan\u0131m\u0131za \u00e7ok te\u015fekk\u00fcr ederiz\u201d dedi.<\/p>\n<p>\u201cBu, bizim eskiden bildi\u011fimiz G\u00fclnar nohudu\u201d<\/p>\n<p>Bereket Mahallesi\u2019nde ya\u015fayan ve projeye kat\u0131lan \u00fcreticilerden Hamit \u015een, \u00fcz\u00fcm ve elma \u00fcretimiyle u\u011fra\u015ft\u0131klar\u0131n\u0131 belirterek, \u201c\u00dcz\u00fcm \u00e7ok azald\u0131. \u00dcretim zay\u0131flad\u0131. Art\u0131k para etmiyor. Vatanda\u015f ister istemez masraf\u0131 kar\u015f\u0131layam\u0131yor. Bu da bizim eskiden bildi\u011fimiz G\u00fclnar nohudu. Memleket zaten nohutla ge\u00e7iniyordu. \u015eimdi zorla ekiyoruz. Eskiden d\u00fcnyada duyuluyorken \u015fu an 2 lira 3 lira. Yani yerden toplamas\u0131n\u0131 kurtarm\u0131yor\u201d dedi. B\u00fcy\u00fck\u015fehir\u2019le yeniden nohut \u00fcretimine ba\u015flayacak olman\u0131n sevincini ya\u015fayan \u015een, \u201cAlmanya\u2019da bile G\u00fclnar nohudu diye ge\u00e7iyordu. Ama \u015fimdi G\u00fclnar nohudu desen belki bilen bile yok. \u00d6nceden d\u00fcnyada duyuluyorken \u015fu an T\u00fcrkiye\u2019de bile G\u00fclnar nohudunu bilen yoktur. \u0130n\u015fallah Vahap Ba\u015fkan\u2019\u0131n sayesinde bu en az\u0131ndan T\u00fcrkiye\u2019ye duyurulacak\u201d diye konu\u015ftu.<\/p>\n<p>\u201cAile mesle\u011fimi devam ettireyim diye u\u011fra\u015f\u0131yorum\u201d<\/p>\n<p>Hamit \u015een\u2019in 21 ya\u015f\u0131ndaki o\u011flu Mehmet Se\u00e7kin \u015een, e\u011fitimine devam ederken ailesine de yard\u0131m etti\u011fini belirterek, \u201cEski tohum derler. S\u00f6ylediklerine g\u00f6re daha dayan\u0131kl\u0131 oluyormu\u015f. Yeni nesil olunca biz pek bilmiyoruz. \u015eehirde olunca da anlam\u0131yoruz i\u015fte. \u00d6\u011frenmeye \u00e7al\u0131\u015faca\u011f\u0131z. Bu meslek art\u0131k bize bak\u0131yor. Gen\u00e7ler aras\u0131nda \u015fu an k\u00f6yde en fazla ben bu i\u015flerle u\u011fra\u015f\u0131yorum. Di\u011ferleri hep \u2018\u015firkete gideyim, ba\u015fka yerlerde \u00e7al\u0131\u015fay\u0131m\u2019 amac\u0131nda. Sadece ben aile mesle\u011fimi devam ettireyim diye u\u011fra\u015f\u0131yorum. Bu i\u015flerde \u015fu an pek bir \u015fey d\u00f6nm\u00fcyor ama desteklerle, yard\u0131mlarla ileride bir \u015feyler do\u011faca\u011f\u0131na inan\u0131yorum. Sadece burada var. Di\u011fer t\u00fcrl\u00fc pek bir kazan\u00e7 yok b\u00fcy\u00fck\u015fehirlerde. Kazan\u00e7 varsa burada var, topra\u011f\u0131m\u0131zda var. Ata topra\u011f\u0131nda var\u201d dedi.<\/p>\n<p>\u201c\u00d6nceleri festivali bile yap\u0131l\u0131yordu\u201d<\/p>\n<p>\u00dcreticilerden Beh\u00e7et G\u00fcnd\u00fcz, eskiden G\u00fclnar nohudunun bilinir oldu\u011funu ancak art\u0131k eski \u00fcn\u00fcn\u00fc yitirdi\u011fini belirterek, \u201cG\u00fclnar\u2019da y\u0131llar \u00f6nce en me\u015fhur \u00fcr\u00fcn nohuttu. Daha \u00f6nceleri festivali bile yap\u0131l\u0131yordu. Bundan sonra umar\u0131m daha iyi olur. \u0130lla ki \u00fcretime katk\u0131 sunulacak. Daha iyi ge\u00e7inmek i\u00e7in illa ki bir katk\u0131 sunacakt\u0131r\u201d diye konu\u015ftu.<\/p>\n","protected":false},"excerpt":{"rendered":"<p>Mersin B\u00fcy\u00fck\u015fehir Belediyesi, \u201cYerel Nohut \u00c7e\u015fitlerinin Yerinde Korunmas\u0131 ve Pazarlanmas\u0131 Projesi\u201dni ba\u015flatt\u0131. Bahri Da\u011fda\u015f Uluslararas\u0131 Tar\u0131msal Ara\u015ft\u0131rma Enstit\u00fcs\u00fc ile i\u015f birli\u011fi i\u00e7erisinde y\u00fcr\u00fct\u00fclen proje kapsam\u0131nda G\u00fclnar il\u00e7esindeki 34 \u00fcreticiye 170 &hellip; <a href=\"https:\/\/akdenizolaygazetesi.com\/?p=12844\" class=\"more-link\">Devam\u0131n\u0131 Oku&#8230;<\/a><\/p>\n","protected":false},"author":2,"featured_media":12845,"comment_status":"open","ping_status":"open","sticky":false,"template":"","format":"standard","meta":[],"categories":[3,5],"tags":[],"_links":{"self":[{"href":"https:\/\/akdenizolaygazetesi.com\/index.php?rest_route=\/wp\/v2\/posts\/12844"}],"collection":[{"href":"https:\/\/akdenizolaygazetesi.com\/index.php?rest_route=\/wp\/v2\/posts"}],"about":[{"href":"https:\/\/akdenizolaygazetesi.com\/index.php?rest_route=\/wp\/v2\/types\/post"}],"author":[{"embeddable":true,"href":"https:\/\/akdenizolaygazetesi.com\/index.php?rest_route=\/wp\/v2\/users\/2"}],"replies":[{"embeddable":true,"href":"https:\/\/akdenizolaygazetesi.com\/index.php?rest_route=%2Fwp%2Fv2%2Fcomments&post=12844"}],"version-history":[{"count":1,"href":"https:\/\/akdenizolaygazetesi.com\/index.php?rest_route=\/wp\/v2\/posts\/12844\/revisions"}],"predecessor-version":[{"id":12846,"href":"https:\/\/akdenizolaygazetesi.com\/index.php?rest_route=\/wp\/v2\/posts\/12844\/revisions\/12846"}],"wp:featuredmedia":[{"embeddable":true,"href":"https:\/\/akdenizolaygazetesi.com\/index.php?rest_route=\/wp\/v2\/media\/12845"}],"wp:attachment":[{"href":"https:\/\/akdenizolaygazetesi.com\/index.php?rest_route=%2Fwp%2Fv2%2Fmedia&parent=12844"}],"wp:term":[{"taxonomy":"category","embeddable":true,"href":"https:\/\/akdenizolaygazetesi.com\/index.php?rest_route=%2Fwp%2Fv2%2Fcategories&post=12844"},{"taxonomy":"post_tag","embeddable":true,"href":"https:\/\/akdenizolaygazetesi.com\/index.php?rest_route=%2Fwp%2Fv2%2Ftags&post=12844"}],"curies":[{"name":"wp","href":"https:\/\/api.w.org\/{rel}","templated":true}]}}