{"id":12847,"date":"2021-06-13T14:58:59","date_gmt":"2021-06-13T11:58:59","guid":{"rendered":"http:\/\/akdenizolaygazetesi.com\/?p=12847"},"modified":"2021-06-13T14:58:59","modified_gmt":"2021-06-13T11:58:59","slug":"mavi-deniz-arastirma-merkezinin-kurulmasi-bu-arastirma-merkezini-daha-onemli-bir-hale-getirdi","status":"publish","type":"post","link":"https:\/\/akdenizolaygazetesi.com\/?p=12847","title":{"rendered":"\u201cMavi Deniz Ara\u015ft\u0131rma Merkezi\u2019nin kurulmas\u0131 bu ara\u015ft\u0131rma merkezini daha \u00f6nemli bir hale getirdi\u201d"},"content":{"rendered":"<p>Mersin Yat\u0131r\u0131mc\u0131 \u0130\u015f \u0130nsanlar\u0131 Derne\u011fi (MERYAD), Alata Ara\u015ft\u0131rma Enstit\u00fcs\u00fc ve ODT\u00dc Deniz Bilimleri Enst\u00fct\u00fcs\u00fc&#8217;n\u00fc ziyaret ederek son g\u00fcnlerin en \u00f6nemli konular\u0131 olan tar\u0131m ve denizlerin kirlili\u011fi hakk\u0131nda bilgi al\u0131\u015fveri\u015finde bulundu.<br \/>\nAlata Ara\u015ft\u0131rma Enstit\u00fcs\u00fc ziyareti s\u0131ras\u0131nda bir konu\u015fma yapan MERYAD Ba\u015fkan\u0131 Co\u015fkun Do\u011fmu\u015f, &#8220;Tar\u0131m enerji ve silah sanayi ile birlikte d\u00fcnyadaki \u00fc\u00e7 stratejik sekt\u00f6rden biridir. Bu \u00fc\u00e7 sekt\u00f6rden birinde g\u00fc\u00e7l\u00fcyseniz d\u00fcnyada s\u00f6z sahibisiniz demektir. Alata Ara\u015ft\u0131rma Enstit\u00fcs\u00fc&#8217;nde T\u00fcrk tar\u0131m\u0131nda \u00f6nemli ara\u015ft\u0131rma ve tohum geli\u015ftirme merkezlerinden biridir. Bug\u00fcn T\u00fcrkiye y\u00fczde 70 oran\u0131nda kendi tohumunu \u00fcretebiliyorsa  bunda Alata gibi ara\u015ft\u0131rma merkezlerinin pay\u0131 \u00e7ok b\u00fcy\u00fckt\u00fcr.\u201d dedi.<br \/>\nDaha sonra Alata Ara\u015ft\u0131rma Enstit\u00fcs\u00fc\u2019n\u00fcn yapt\u0131\u011f\u0131 \u00e7al\u0131\u015fmalar\u0131 hakk\u0131nda Enstit\u00fc M\u00fcd\u00fcr\u00fc Cengiz T\u00fcrkay detayl\u0131 bilgiler verdi.<\/p>\n<p>\u201cMAV\u0130 DEN\u0130Z MERKEZ\u0130 DE KURULDU\u201d<\/p>\n<p>Daha sonra ODT\u00dc Deniz Bilimleri Enstit\u00fcs\u00fc\u2019ne ge\u00e7en heyet, burada da merkezin Akdeniz&#8217;de ve Karadeniz&#8217;de y\u00fcr\u00fctm\u00fc\u015f oldu\u011fu sismik faaliyetler ve son g\u00fcnlerde Ara\u015ft\u0131rma merkezine ait bir gemi ile beraber Marmara\u2019da y\u00fcr\u00fct\u00fclen faaliyetler hakk\u0131nda bilgi ald\u0131.<br \/>\nBuradaki personelin b\u00fcy\u00fck bir b\u00f6l\u00fcm\u00fcn\u00fcn Marmara\u2019daki M\u00fcsilaj ile m\u00fccadeleye ve ara\u015ft\u0131rmalara kat\u0131lmak i\u00e7in Marmara&#8217;da olduklar\u0131 bilgisini alan Ba\u015fkan Co\u015fkun Do\u011fmu\u015f, &#8220;ODT\u00dc Deniz Bilimleri Enstit\u00fcs\u00fc Ara\u015ft\u0131rma Merkezi\u2019nin son d\u00f6nemlere kadar sadece Akdeniz&#8217;de sismik ara\u015ft\u0131rmalar yaparken bug\u00fcn hem Karadeniz&#8217;de hem de Marmara\u2019da \u00e7ok b\u00fcy\u00fck projeler \u00fcrettiklerini \u00f6\u011frenmekten mutlu olduk. Bu merkez b\u00fcnyesinde mavi deni  merkezin kurulmas\u0131 da bu ara\u015ft\u0131rma merkezini daha \u00f6nemli bir hale getirmi\u015ftir. Akdeniz, Karadeniz ve Marmara\u2019da y\u00fcr\u00fct\u00fclen \u00e7al\u0131\u015fmalar denizlerimiz a\u00e7\u0131l\u0131\u015f\u0131ndan \u00e7ok b\u00fcy\u00fck \u00f6nem arz etmektedir.&#8221; \u015feklinde konu\u015ftu.<\/p>\n","protected":false},"excerpt":{"rendered":"<p>Mersin Yat\u0131r\u0131mc\u0131 \u0130\u015f \u0130nsanlar\u0131 Derne\u011fi (MERYAD), Alata Ara\u015ft\u0131rma Enstit\u00fcs\u00fc ve ODT\u00dc Deniz Bilimleri Enst\u00fct\u00fcs\u00fc&#8217;n\u00fc ziyaret ederek son g\u00fcnlerin en \u00f6nemli konular\u0131 olan tar\u0131m ve denizlerin kirlili\u011fi hakk\u0131nda bilgi al\u0131\u015fveri\u015finde bulundu. &hellip; <a href=\"https:\/\/akdenizolaygazetesi.com\/?p=12847\" class=\"more-link\">Devam\u0131n\u0131 Oku&#8230;<\/a><\/p>\n","protected":false},"author":2,"featured_media":12848,"comment_status":"open","ping_status":"open","sticky":false,"template":"","format":"standard","meta":[],"categories":[8,2,3],"tags":[],"_links":{"self":[{"href":"https:\/\/akdenizolaygazetesi.com\/index.php?rest_route=\/wp\/v2\/posts\/12847"}],"collection":[{"href":"https:\/\/akdenizolaygazetesi.com\/index.php?rest_route=\/wp\/v2\/posts"}],"about":[{"href":"https:\/\/akdenizolaygazetesi.com\/index.php?rest_route=\/wp\/v2\/types\/post"}],"author":[{"embeddable":true,"href":"https:\/\/akdenizolaygazetesi.com\/index.php?rest_route=\/wp\/v2\/users\/2"}],"replies":[{"embeddable":true,"href":"https:\/\/akdenizolaygazetesi.com\/index.php?rest_route=%2Fwp%2Fv2%2Fcomments&post=12847"}],"version-history":[{"count":1,"href":"https:\/\/akdenizolaygazetesi.com\/index.php?rest_route=\/wp\/v2\/posts\/12847\/revisions"}],"predecessor-version":[{"id":12849,"href":"https:\/\/akdenizolaygazetesi.com\/index.php?rest_route=\/wp\/v2\/posts\/12847\/revisions\/12849"}],"wp:featuredmedia":[{"embeddable":true,"href":"https:\/\/akdenizolaygazetesi.com\/index.php?rest_route=\/wp\/v2\/media\/12848"}],"wp:attachment":[{"href":"https:\/\/akdenizolaygazetesi.com\/index.php?rest_route=%2Fwp%2Fv2%2Fmedia&parent=12847"}],"wp:term":[{"taxonomy":"category","embeddable":true,"href":"https:\/\/akdenizolaygazetesi.com\/index.php?rest_route=%2Fwp%2Fv2%2Fcategories&post=12847"},{"taxonomy":"post_tag","embeddable":true,"href":"https:\/\/akdenizolaygazetesi.com\/index.php?rest_route=%2Fwp%2Fv2%2Ftags&post=12847"}],"curies":[{"name":"wp","href":"https:\/\/api.w.org\/{rel}","templated":true}]}}