{"id":12850,"date":"2021-06-14T12:55:54","date_gmt":"2021-06-14T09:55:54","guid":{"rendered":"http:\/\/akdenizolaygazetesi.com\/?p=12850"},"modified":"2021-06-14T12:55:54","modified_gmt":"2021-06-14T09:55:54","slug":"bm-multeciler-yuksek-komiserligi-turkiye-temsilciligi-buyuksehir-onculugunde-stk-temsilcileri-ile-bulustu","status":"publish","type":"post","link":"https:\/\/akdenizolaygazetesi.com\/?p=12850","title":{"rendered":"BM M\u00dcLTEC\u0130LER Y\u00dcKSEK KOM\u0130SERL\u0130\u011e\u0130 T\u00dcRK\u0130YE TEMS\u0130LC\u0130L\u0130\u011e\u0130, B\u00dcY\u00dcK\u015eEH\u0130R \u00d6NC\u00dcL\u00dc\u011e\u00dcNDE STK TEMS\u0130LC\u0130LER\u0130 \u0130LE BULU\u015eTU"},"content":{"rendered":"<p>Mersin\u2019deki m\u00fcltecilerin kente sosyal uyumunun sa\u011flanmas\u0131 a\u00e7\u0131s\u0131ndan \u00f6nemli \u00e7al\u0131\u015fmalara imza atan Mersin B\u00fcy\u00fck\u015fehir Belediyesi, Birle\u015fmi\u015f Milletler M\u00fclteciler Y\u00fcksek Komiserli\u011fi (UNHCR) T\u00fcrkiye Temsilcili\u011fi ile kentteki m\u00fcltecilerin sosyal sorunlar\u0131 \u00fczerine \u00e7al\u0131\u015fmalar y\u00fcr\u00fcten 27 sivil toplum kurulu\u015funu bulu\u015fturdu.<\/p>\n<p>Kongre Merkezi\u2019nde ger\u00e7ekle\u015ftirilen ve B\u00fcy\u00fck\u015fehir Belediyesi Sosyal Hizmetler Daire Ba\u015fkan\u0131 Serdal G\u00f6kayaz\u2019\u0131n a\u00e7\u0131l\u0131\u015f konu\u015fmas\u0131yla ba\u015flayan bulu\u015fmada, Birle\u015fmi\u015f Milletler M\u00fclteciler Y\u00fcksek Komiserli\u011fi T\u00fcrkiye Temsilcisi Philippe Leclerc k\u0131sa bir a\u00e7\u0131klama yapt\u0131. Toplant\u0131n\u0131n devam\u0131nda, STK temsilcileri kent genelinde tespit ettikleri sorunlar\u0131 ve y\u00fcr\u00fctt\u00fckleri projeleri anlatt\u0131.<\/p>\n<p>27 sivil toplum kurulu\u015fundan 62 temsilci kat\u0131ld\u0131<\/p>\n<p>Toplant\u0131ya Mersin\u2019de m\u00fcltecilere ili\u015fkin faaliyet y\u00fcr\u00fcten yerli ve yabanc\u0131 toplam 27 sivil toplum kurulu\u015fundan 62 temsilci kat\u0131l\u0131m sa\u011flad\u0131. Yakla\u015f\u0131k 2 saat s\u00fcren toplant\u0131da; Mersin\u2019deki s\u0131\u011f\u0131nmac\u0131lar\u0131n i\u015fsizlik, kay\u0131t d\u0131\u015f\u0131 istihdam, e\u011fitim ve sosyal uyum gibi belli ba\u015fl\u0131 sorunlar\u0131 hakk\u0131nda g\u00f6r\u00fc\u015f al\u0131\u015fveri\u015fi yap\u0131ld\u0131.<\/p>\n<p>\u201cB\u00f6yle bir toplant\u0131ya ev sahipli\u011fi yapmaktan mutluluk duyuyoruz\u201d<\/p>\n<p>Ger\u00e7ekle\u015ftirilen bulu\u015fmaya \u00f6nc\u00fcl\u00fck etmenin mutlulu\u011funu ya\u015fad\u0131klar\u0131n\u0131 belirten Sosyal Hizmetler Daire Ba\u015fkan\u0131 Serdal G\u00f6kayaz, \u201cBu konu ile ilgili olarak \u00e7al\u0131\u015fan t\u00fcm payda\u015flarla bir g\u00f6r\u00fc\u015f al\u0131\u015fveri\u015finde bulunmak amac\u0131yla b\u00f6yle bir toplant\u0131 d\u00fczenlendi. B\u00f6yle bir toplant\u0131ya ev sahipli\u011fi yapmaktan dolay\u0131 mutluluk duyuyoruz. Bu \u00e7al\u0131\u015fman\u0131n hay\u0131rlara vesile olmas\u0131n\u0131 dileriz\u201d dedi.<\/p>\n<p>\u201cSivil toplum kurulu\u015flar\u0131yla g\u00f6r\u00fc\u015f al\u0131\u015fveri\u015finde bulunmak katk\u0131m\u0131za yol g\u00f6sterecektir\u201d<\/p>\n<p>Birle\u015fmi\u015f Milletler M\u00fclteciler Y\u00fcksek Komiserli\u011fi T\u00fcrkiye Temsilcisi Philippe Leclerc ise yapt\u0131\u011f\u0131 konu\u015fmada \u015fu ifadeleri kulland\u0131:<\/p>\n<p>\u201cBug\u00fcn burada sizlerle olmaktan \u00e7ok memnunum. Ocak ay\u0131nda T\u00fcrkiye\u2019ye atand\u0131\u011f\u0131mdan bu yana ilk defa Mersin\u2019e geliyorum. B\u00fcy\u00fck say\u0131da m\u00fcltecinin ikamet etmi\u015f oldu\u011fu bu \u015fehri ziyaret etmekten hem \u00e7ok memnun oldum hem de etkilendim. Mersin\u2019de Suriye\u2019den, Afganistan\u2019dan, Irak\u2019tan, \u0130ran\u2019dan ve hatta \u00e7e\u015fitli Afrika \u00fclkelerinden \u00e7ok say\u0131da m\u00fclteci makul \u015fartlarda ya\u015f\u0131yor. Buna katk\u0131lar\u0131m\u0131z\u0131 tetkik etmeye \u00e7al\u0131\u015f\u0131yoruz. Bug\u00fcn sivil toplum kurulu\u015flar\u0131yla bu hususa ili\u015fkin g\u00f6r\u00fc\u015f al\u0131\u015fveri\u015finde bulunmak bizim i\u00e7in \u00e7ok ehemmiyetli bir geli\u015fme.\u201d<\/p>\n<p>Birle\u015fmi\u015f Milletler M\u00fclteciler Y\u00fcksek Komiserli\u011fi T\u00fcrkiye Temsilcili\u011fi Ankara Saha Ofisi M\u00fcd\u00fcr\u00fc Akif Atl\u0131 ise Mersin B\u00fcy\u00fck\u015fehir Belediyesi\u2019ne bu bulu\u015fmaya yapt\u0131\u011f\u0131 \u00f6nc\u00fcl\u00fckten dolay\u0131 te\u015fekk\u00fcr etti.<\/p>\n","protected":false},"excerpt":{"rendered":"<p>Mersin\u2019deki m\u00fcltecilerin kente sosyal uyumunun sa\u011flanmas\u0131 a\u00e7\u0131s\u0131ndan \u00f6nemli \u00e7al\u0131\u015fmalara imza atan Mersin B\u00fcy\u00fck\u015fehir Belediyesi, Birle\u015fmi\u015f Milletler M\u00fclteciler Y\u00fcksek Komiserli\u011fi (UNHCR) T\u00fcrkiye Temsilcili\u011fi ile kentteki m\u00fcltecilerin sosyal sorunlar\u0131 \u00fczerine \u00e7al\u0131\u015fmalar y\u00fcr\u00fcten &hellip; <a href=\"https:\/\/akdenizolaygazetesi.com\/?p=12850\" class=\"more-link\">Devam\u0131n\u0131 Oku&#8230;<\/a><\/p>\n","protected":false},"author":2,"featured_media":12851,"comment_status":"open","ping_status":"open","sticky":false,"template":"","format":"standard","meta":[],"categories":[8,1,3,5,6],"tags":[],"_links":{"self":[{"href":"https:\/\/akdenizolaygazetesi.com\/index.php?rest_route=\/wp\/v2\/posts\/12850"}],"collection":[{"href":"https:\/\/akdenizolaygazetesi.com\/index.php?rest_route=\/wp\/v2\/posts"}],"about":[{"href":"https:\/\/akdenizolaygazetesi.com\/index.php?rest_route=\/wp\/v2\/types\/post"}],"author":[{"embeddable":true,"href":"https:\/\/akdenizolaygazetesi.com\/index.php?rest_route=\/wp\/v2\/users\/2"}],"replies":[{"embeddable":true,"href":"https:\/\/akdenizolaygazetesi.com\/index.php?rest_route=%2Fwp%2Fv2%2Fcomments&post=12850"}],"version-history":[{"count":1,"href":"https:\/\/akdenizolaygazetesi.com\/index.php?rest_route=\/wp\/v2\/posts\/12850\/revisions"}],"predecessor-version":[{"id":12852,"href":"https:\/\/akdenizolaygazetesi.com\/index.php?rest_route=\/wp\/v2\/posts\/12850\/revisions\/12852"}],"wp:featuredmedia":[{"embeddable":true,"href":"https:\/\/akdenizolaygazetesi.com\/index.php?rest_route=\/wp\/v2\/media\/12851"}],"wp:attachment":[{"href":"https:\/\/akdenizolaygazetesi.com\/index.php?rest_route=%2Fwp%2Fv2%2Fmedia&parent=12850"}],"wp:term":[{"taxonomy":"category","embeddable":true,"href":"https:\/\/akdenizolaygazetesi.com\/index.php?rest_route=%2Fwp%2Fv2%2Fcategories&post=12850"},{"taxonomy":"post_tag","embeddable":true,"href":"https:\/\/akdenizolaygazetesi.com\/index.php?rest_route=%2Fwp%2Fv2%2Ftags&post=12850"}],"curies":[{"name":"wp","href":"https:\/\/api.w.org\/{rel}","templated":true}]}}