{"id":12856,"date":"2021-06-14T12:59:48","date_gmt":"2021-06-14T09:59:48","guid":{"rendered":"http:\/\/akdenizolaygazetesi.com\/?p=12856"},"modified":"2021-06-14T12:59:48","modified_gmt":"2021-06-14T09:59:48","slug":"faiz-odemesi-yapilmis-midir-bu-faiz-tutari-su-anda-ne-kadardir","status":"publish","type":"post","link":"https:\/\/akdenizolaygazetesi.com\/?p=12856","title":{"rendered":"&#8216;Faiz \u00f6demesi yap\u0131lm\u0131\u015f m\u0131d\u0131r? Bu faiz tutar\u0131 \u015fu anda ne kadard\u0131r?&#8217;"},"content":{"rendered":"<p>Ziraat Bankas\u0131\u2019n\u0131n \u00e7ift\u00e7iye uygun ko\u015fullarda kredi vermesi gerekirken onun yerine bir medya kurulu\u015funun yanda\u015f hale getirilmesi i\u00e7in kullan\u0131ld\u0131\u011f\u0131n\u0131 belirten CHP\u2019li Antmen konuyla ilgili bir Meclis Ara\u015ft\u0131rma Komisyonu kurulmas\u0131 i\u00e7in \u00f6nerge verdi.<\/p>\n<p>Antmen, 2018 y\u0131l\u0131nda Demir\u00f6ren Holding\u2019in, Do\u011fan Medya\u2019y\u0131 sat\u0131n almak i\u00e7in 10 y\u0131l taksitle ve d\u00fc\u015f\u00fck faizle Ziraat Bankas\u0131\u2019ndan kredi ald\u0131\u011f\u0131n\u0131 belirterek \u201cAncak aradan ge\u00e7en y\u0131llara ra\u011fmen Demir\u00f6ren Holding\u2019in \u00e7ekti\u011fi krediyle ilgili gereken \u00f6demeleri yapmad\u0131\u011f\u0131 anla\u015f\u0131lm\u0131\u015ft\u0131r. Ziraat Bankas\u0131\u2019n\u0131n \u00e7ift\u00e7ilerimize destek vermesi i\u00e7in ayr\u0131lm\u0131\u015f \u00f6nemli bir b\u00fct\u00e7esinin neden ve kimlerin talimat\u0131yla medya sat\u0131n al\u0131m\u0131 i\u00e7in kullan\u0131ld\u0131\u011f\u0131n\u0131n da topluma anlat\u0131lmas\u0131 gerekmektedir. \u00c7\u00fcnk\u00fc Ziraat Bankas\u0131\u2019n\u0131n kredilerini \u00f6deyemeyen \u00fcreticilerin trakt\u00f6r, ev hatta tarlalar\u0131na haciz i\u015flemi uygulad\u0131\u011f\u0131 ortada olan ba\u015fka bir ger\u00e7ekliktir\u201d ifadelerini kulland\u0131.<\/p>\n<p>CHP\u2019li Vekil, \u00f6nergesinde 8 Ocak 2021 tarihinde Hazine ve Maliye Bakanl\u0131\u011f\u0131na verdi\u011fi soru \u00f6nergesinde kamu bankalar\u0131 alacaklar\u0131n\u0131 sordu\u011funu belirterek  \u201cDemir\u00f6ren Holding&#8217;in Do\u011fan Medya&#8217;y\u0131 ald\u0131\u011f\u0131 y\u0131l kamu bankalar\u0131n\u0131n alacak oran\u0131n\u0131n bir anda h\u0131zla artarak \u00f6nce % 40, sonra da % 64 seviyesine geldi\u011fi ortaya \u00e7\u0131km\u0131\u015ft\u0131r\u201d dedi.<\/p>\n<p>\u00d6nergesinde, Cumhurba\u015fkanl\u0131\u011f\u0131na son 10 y\u0131lda Ziraat Bankas\u0131&#8217;ndan kredi alan \u015firketleri ve bu \u015firketlerin ne kadar geri \u00f6deme yapt\u0131klar\u0131n\u0131 sordu\u011funu ifade eden Antmen, \u00f6nergesinde yer alan sorular\u0131n Cumhurba\u015fkan\u0131 Yard\u0131mc\u0131s\u0131 Fuat Oktay taraf\u0131ndan \u201cBizim alan\u0131m\u0131za girmiyor\u201d denilerek yan\u0131ts\u0131z b\u0131rak\u0131ld\u0131\u011f\u0131n\u0131 s\u00f6yleyen Alpay Antmen \u201cOysa Ziraat Bankas\u0131 4 y\u0131l \u00f6nce Varl\u0131k Fonuna devredilmi\u015fti. Bu da kamu bankalar\u0131n\u0131n Varl\u0131k Fonu\u2019na ge\u00e7irilmesinin ger\u00e7ek nedeninin denetimden ka\u00e7mak ve vatanda\u015f\u0131n paralar\u0131n\u0131 salt iktidar\u0131n devam\u0131 i\u00e7in kullan\u0131ld\u0131\u011f\u0131n\u0131 ortaya \u00e7\u0131kartmaktad\u0131r. Bu nedenle de Varl\u0131k Fonuna devredilen banka ve \u015firketlerin Say\u0131\u015ftay denetimine a\u00e7\u0131lmas\u0131 gerekmektedir. Say\u0131\u015ftay Ba\u015fkanl\u0131\u011f\u0131 m\u00fcfetti\u015fleri arac\u0131l\u0131\u011f\u0131yla da kamu bankalar\u0131ndan kimlerin ve hangi \u015firketlerin kredi \u00e7ekti\u011fi ve bu kredileri ne t\u00fcr ko\u015fullarda \u00e7ektikleri ve geri \u00f6deme s\u00fcre\u00e7leri incelenmelidir\u201d ifadelerini kulland\u0131.<\/p>\n<p>Alpay Antmen, Ara\u015ft\u0131rma \u00f6nergesinde ayr\u0131ca \u015funlar\u0131 s\u00f6yledi; <\/p>\n<p>\u201cKonuyla ilgili olarak da yan\u0131tlanmas\u0131 ivedi olan soru ba\u015fl\u0131klar\u0131 \u015funlard\u0131r;<br \/>\nDemir\u00f6ren Holding, Ziraat Bankas\u0131\u2019ndan ald\u0131\u011f\u0131 kredinin \u015fu ana kadar ne kadar\u0131n\u0131 \u00f6demi\u015ftir?<br \/>\nFaiz \u00f6demesi yap\u0131lm\u0131\u015f m\u0131d\u0131r? Bu faiz tutar\u0131 \u015fu anda ne kadard\u0131r?<br \/>\nKredi borcu \u00f6denmediyse icra ve takip i\u015flemleri ba\u015flat\u0131lm\u0131\u015f m\u0131d\u0131r?<br \/>\nBu sorular\u0131n ve di\u011fer konular\u0131n ayd\u0131nlatmas\u0131 amac\u0131yla; Do\u011fan Medya\u2019y\u0131 sat\u0131n almak i\u00e7in 2018 y\u0131l\u0131nda Ziraat Bankas\u0131\u2019ndan 675 Milyon Dolar kredi alan ancak ge\u00e7en s\u00fcre zarf\u0131nda kredi \u00f6demesi yapmad\u0131\u011f\u0131 ortaya \u00e7\u0131kan Demir\u00f6ren Holding\u2019in bu krediyi neden \u00f6demedi\u011finin ara\u015ft\u0131r\u0131lmas\u0131, halk\u0131n paras\u0131n\u0131n hesab\u0131n\u0131n sorularak gereken hukuki s\u00fcre\u00e7lerin ba\u015flat\u0131labilmesi amac\u0131yla bir Meclis Ara\u015ft\u0131rmas\u0131 a\u00e7\u0131lmas\u0131 gerekmektedir.\u201d<\/p>\n","protected":false},"excerpt":{"rendered":"<p>Ziraat Bankas\u0131\u2019n\u0131n \u00e7ift\u00e7iye uygun ko\u015fullarda kredi vermesi gerekirken onun yerine bir medya kurulu\u015funun yanda\u015f hale getirilmesi i\u00e7in kullan\u0131ld\u0131\u011f\u0131n\u0131 belirten CHP\u2019li Antmen konuyla ilgili bir Meclis Ara\u015ft\u0131rma Komisyonu kurulmas\u0131 i\u00e7in \u00f6nerge &hellip; <a href=\"https:\/\/akdenizolaygazetesi.com\/?p=12856\" class=\"more-link\">Devam\u0131n\u0131 Oku&#8230;<\/a><\/p>\n","protected":false},"author":2,"featured_media":12857,"comment_status":"open","ping_status":"open","sticky":false,"template":"","format":"standard","meta":[],"categories":[8,2,3],"tags":[],"_links":{"self":[{"href":"https:\/\/akdenizolaygazetesi.com\/index.php?rest_route=\/wp\/v2\/posts\/12856"}],"collection":[{"href":"https:\/\/akdenizolaygazetesi.com\/index.php?rest_route=\/wp\/v2\/posts"}],"about":[{"href":"https:\/\/akdenizolaygazetesi.com\/index.php?rest_route=\/wp\/v2\/types\/post"}],"author":[{"embeddable":true,"href":"https:\/\/akdenizolaygazetesi.com\/index.php?rest_route=\/wp\/v2\/users\/2"}],"replies":[{"embeddable":true,"href":"https:\/\/akdenizolaygazetesi.com\/index.php?rest_route=%2Fwp%2Fv2%2Fcomments&post=12856"}],"version-history":[{"count":1,"href":"https:\/\/akdenizolaygazetesi.com\/index.php?rest_route=\/wp\/v2\/posts\/12856\/revisions"}],"predecessor-version":[{"id":12858,"href":"https:\/\/akdenizolaygazetesi.com\/index.php?rest_route=\/wp\/v2\/posts\/12856\/revisions\/12858"}],"wp:featuredmedia":[{"embeddable":true,"href":"https:\/\/akdenizolaygazetesi.com\/index.php?rest_route=\/wp\/v2\/media\/12857"}],"wp:attachment":[{"href":"https:\/\/akdenizolaygazetesi.com\/index.php?rest_route=%2Fwp%2Fv2%2Fmedia&parent=12856"}],"wp:term":[{"taxonomy":"category","embeddable":true,"href":"https:\/\/akdenizolaygazetesi.com\/index.php?rest_route=%2Fwp%2Fv2%2Fcategories&post=12856"},{"taxonomy":"post_tag","embeddable":true,"href":"https:\/\/akdenizolaygazetesi.com\/index.php?rest_route=%2Fwp%2Fv2%2Ftags&post=12856"}],"curies":[{"name":"wp","href":"https:\/\/api.w.org\/{rel}","templated":true}]}}