{"id":12869,"date":"2021-06-15T11:42:25","date_gmt":"2021-06-15T08:42:25","guid":{"rendered":"http:\/\/akdenizolaygazetesi.com\/?p=12869"},"modified":"2021-06-15T11:42:25","modified_gmt":"2021-06-15T08:42:25","slug":"akdeniz-yeni-spor-kazaniyor-mevcut-tesisler-yenileniyor","status":"publish","type":"post","link":"https:\/\/akdenizolaygazetesi.com\/?p=12869","title":{"rendered":"Akdeniz yeni spor kazan\u0131yor, mevcut tesisler yenileniyor"},"content":{"rendered":"<p>Akdeniz Belediye Ba\u015fkan\u0131 M. Mustafa G\u00fcltak, il\u00e7eye yap\u0131lan ve 30 milyon liray\u0131 a\u015fan spor yat\u0131r\u0131mlar\u0131n\u0131, yenilenen saha ve tesisleri; ayr\u0131ca belediyenin sanat ve k\u00fclt\u00fcrel etkinliklerini, CNN T\u00fcrk televizyonunda canl\u0131 yay\u0131nlanan haber program\u0131nda anlatt\u0131.<br \/>\nBa\u015fkan G\u00fcltak; \u00fczerinde Akdeniz Belediye Spor Kul\u00fcb\u00fc Futbol Tak\u0131m\u0131 formas\u0131 ile CNN T\u00fcrk televizyonunda Tun\u00e7 Arslanap\u2019\u0131n sundu\u011fu canl\u0131 haber b\u00fcltenine kat\u0131larak Pandemi d\u00f6neminde il\u00e7ede ger\u00e7ekle\u015ftirilen spor, sanat ve k\u00fclt\u00fcrel hizmet ve projeleri anlatt\u0131. Seyfi Ali T\u00fcrko\u011flu \u2013 \u015eafak Erdur Spor Tesisi\u2019nde ger\u00e7ekle\u015fen ba\u011flant\u0131 konu\u015fan Ba\u015fkan G\u00fcltak; g\u00f6reve geldiklerinde, Akdeniz\u2019in; spor tesisleri a\u00e7\u0131s\u0131ndan en fakir il\u00e7elerden biri oldu\u011funu s\u00f6yledi; \u201cFakat hem Say\u0131n Bakanl\u0131klar\u0131m\u0131zla hem de Spor Toto Te\u015fkilat\u0131 ile yapt\u0131\u011f\u0131m\u0131z proje ve anla\u015fmalarla Akdeniz\u2019de art\u0131k bir\u00e7ok spor tesisimiz mevcut. Akdeniz\u2019e, 2 y\u0131lda 30 milyon TL\u2019yi a\u015fan yat\u0131r\u0131mlarla yeni tesisler kazand\u0131rd\u0131k, mevcut tesislerimizi yeniledik. Sporu, sanat\u0131 ve k\u00fclt\u00fcr\u00fc \u00f6nemsiyoruz. Akdeniz, ge\u00e7mi\u015fte ter\u00f6r ve uyu\u015fturucu ile an\u0131lan bir il\u00e7e idi. Bug\u00fcn ise bir yandan spor, bir yandan k\u00fclt\u00fcrel-sanatsal faaliyetlerle Akdeniz\u2019de art\u0131k bar\u0131\u015f, karde\u015flik ve sevgi var\u201d dedi.<br \/>\nAkdeniz yeni spor kazan\u0131yor, mevcut tesisler yenileniyor<br \/>\nS\u00f6zlerini; \u201cSe\u00e7im \u00f6ncesinde ziyaret etti\u011fim mahallelerde annelerimiz, \u00e7ocuklar\u0131 i\u00e7in y\u00fczme havuzlar\u0131, spor tesisleri ve yeni parklar yap\u0131lmas\u0131n\u0131 istediler. Biz de 2019\u2019un yaz\u0131nda portatif havuzlar\u0131m\u0131z\u0131 okul bah\u00e7elerimize kurduk ve yakla\u015f\u0131k 5 bin \u00e7ocu\u011fumuza y\u00fczme \u00f6\u011frettik\u201d diyerek s\u00fcrd\u00fcren Ba\u015fkan G\u00fcltak; merkez-k\u0131rsal ay\u0131r\u0131m\u0131 yapmadan Akdeniz\u2019in tamam\u0131na yeni spor tesisleri kazand\u0131rmaya, mevcut tesisleri ba\u015ftan sona yenileyip modern hale getirdiklerini, kapasitelerini artt\u0131r\u0131p sporcular ve vatanda\u015flar\u0131n hizmetine a\u00e7maya devam ettiklerinin alt\u0131n\u0131 \u00e7izdi.<br \/>\nY\u0131lmaz G\u00fcney Gen\u00e7lik Merkezi yenilendi<br \/>\nGe\u00e7mi\u015fte at\u0131l b\u0131rak\u0131lan Y\u0131lmaz G\u00fcney Park\u0131 ve Gen\u00e7lik Merkezi\u2019nde ger\u00e7ekle\u015fen yenileme \u00e7al\u0131\u015fmalar\u0131 hakk\u0131nda da bilgi veren Ba\u015fkan G\u00fcltak; \u201c\u00d6ncelikle imar \u00e7al\u0131\u015fmalar\u0131 ile bu alan\u0131 biraz daha b\u00fcy\u00fctt\u00fckten sonra buray\u0131 tamamen revize ettik. \u0130\u00e7inde 3 katl\u0131 bir gen\u00e7lik merkezi, olimpik havuzu, Aquapark\u0131, ayr\u0131ca da\u011fc\u0131l\u0131k federasyonu standartlar\u0131na uygun t\u0131rmanma duvar\u0131 ile g\u00fczel bir kompleksi Akdeniz\u2019e kazand\u0131rm\u0131\u015f olaca\u011f\u0131z\u201d diye konu\u015ftu.<\/p>\n<p>\u201cSporcu fabrikas\u0131y\u0131z\u201d<br \/>\nAkdeniz Belediye Spor Kul\u00fcb\u00fc\u2019n\u00fcn, adeta bir sporcu fabrikas\u0131 gibi \u00e7al\u0131\u015ft\u0131\u011f\u0131n\u0131 dile getiren Ba\u015fkan Mustafa G\u00fcltak; \u201cTabi Akdeniz\u2019de sadece futbol ile u\u011fra\u015fm\u0131yoruz. Basketbol tak\u0131m\u0131m\u0131z var, bisiklet tak\u0131m\u0131m\u0131z var, tenis sporcular\u0131m\u0131z var. B\u00fct\u00fcn bunlar da sadece ge\u00e7ti\u011fimiz 2 y\u0131l i\u00e7inde ger\u00e7ekle\u015fti. Ayr\u0131ca \u00fc\u00e7\u00fcnc\u00fc ligde m\u00fccadele eden ve \u00e7ok \u00f6nemsedi\u011fimiz engelliler basketbol tak\u0131m\u0131m\u0131z var. \u00d6n\u00fcm\u00fczdeki aylarda basketbol tak\u0131m\u0131m\u0131zdan \u00f6nemli ba\u015far\u0131lar bekliyor, bir \u00fcst lige \u00e7\u0131kmalar\u0131 i\u00e7in her t\u00fcrl\u00fc deste\u011fi sunuyoruz\u201d \u015feklinde konu\u015ftu.<br \/>\nKonu\u015fmas\u0131n\u0131, \u201cAkdeniz\u2019i art\u0131k ayd\u0131nl\u0131k ve g\u00fczel g\u00fcnler bekliyor\u201d diyerek s\u00fcrd\u00fcren Akdeniz Belediye Ba\u015fkan\u0131 Mustafa G\u00fcltak; \u201cAkdeniz\u2019i her y\u00f6n\u00fcyle de\u011fi\u015ftirip d\u00f6n\u00fc\u015ft\u00fcren ve gelece\u011fe haz\u0131rlayan hizmet, proje ve yat\u0131r\u0131mlar\u0131m\u0131za destek veren, Akdeniz\u2019e yeni spor tesisleri kazand\u0131r\u0131lmas\u0131nda yan\u0131m\u0131zda olan Cumhurba\u015fkan\u0131m\u0131z Say\u0131n Recep Tayyip Erdo\u011fan\u2019a, Hazine ve Maliye Bakan\u0131 L\u00fctfi Elvan ile Gen\u00e7lik ve Spor Bakan\u0131m\u0131z Say\u0131n Mehmet Kasapo\u011flu\u2019na te\u015fekk\u00fcr ediyorum\u201d s\u00f6zleriyle r\u00f6portaj\u0131 sonland\u0131rd\u0131. <\/p>\n","protected":false},"excerpt":{"rendered":"<p>Akdeniz Belediye Ba\u015fkan\u0131 M. Mustafa G\u00fcltak, il\u00e7eye yap\u0131lan ve 30 milyon liray\u0131 a\u015fan spor yat\u0131r\u0131mlar\u0131n\u0131, yenilenen saha ve tesisleri; ayr\u0131ca belediyenin sanat ve k\u00fclt\u00fcrel etkinliklerini, CNN T\u00fcrk televizyonunda canl\u0131 yay\u0131nlanan &hellip; <a href=\"https:\/\/akdenizolaygazetesi.com\/?p=12869\" class=\"more-link\">Devam\u0131n\u0131 Oku&#8230;<\/a><\/p>\n","protected":false},"author":2,"featured_media":12870,"comment_status":"open","ping_status":"open","sticky":false,"template":"","format":"standard","meta":[],"categories":[3,10],"tags":[],"_links":{"self":[{"href":"https:\/\/akdenizolaygazetesi.com\/index.php?rest_route=\/wp\/v2\/posts\/12869"}],"collection":[{"href":"https:\/\/akdenizolaygazetesi.com\/index.php?rest_route=\/wp\/v2\/posts"}],"about":[{"href":"https:\/\/akdenizolaygazetesi.com\/index.php?rest_route=\/wp\/v2\/types\/post"}],"author":[{"embeddable":true,"href":"https:\/\/akdenizolaygazetesi.com\/index.php?rest_route=\/wp\/v2\/users\/2"}],"replies":[{"embeddable":true,"href":"https:\/\/akdenizolaygazetesi.com\/index.php?rest_route=%2Fwp%2Fv2%2Fcomments&post=12869"}],"version-history":[{"count":1,"href":"https:\/\/akdenizolaygazetesi.com\/index.php?rest_route=\/wp\/v2\/posts\/12869\/revisions"}],"predecessor-version":[{"id":12871,"href":"https:\/\/akdenizolaygazetesi.com\/index.php?rest_route=\/wp\/v2\/posts\/12869\/revisions\/12871"}],"wp:featuredmedia":[{"embeddable":true,"href":"https:\/\/akdenizolaygazetesi.com\/index.php?rest_route=\/wp\/v2\/media\/12870"}],"wp:attachment":[{"href":"https:\/\/akdenizolaygazetesi.com\/index.php?rest_route=%2Fwp%2Fv2%2Fmedia&parent=12869"}],"wp:term":[{"taxonomy":"category","embeddable":true,"href":"https:\/\/akdenizolaygazetesi.com\/index.php?rest_route=%2Fwp%2Fv2%2Fcategories&post=12869"},{"taxonomy":"post_tag","embeddable":true,"href":"https:\/\/akdenizolaygazetesi.com\/index.php?rest_route=%2Fwp%2Fv2%2Ftags&post=12869"}],"curies":[{"name":"wp","href":"https:\/\/api.w.org\/{rel}","templated":true}]}}