{"id":12876,"date":"2021-06-15T11:46:07","date_gmt":"2021-06-15T08:46:07","guid":{"rendered":"http:\/\/akdenizolaygazetesi.com\/?p=12876"},"modified":"2021-06-15T11:46:07","modified_gmt":"2021-06-15T08:46:07","slug":"mersinliler-katkisiz-urunlere-artik-bal-evinden-ulasiyor","status":"publish","type":"post","link":"https:\/\/akdenizolaygazetesi.com\/?p=12876","title":{"rendered":"MERS\u0130NL\u0130LER KATKISIZ \u00dcR\u00dcNLERE ARTIK BAL EV\u0130\u2019NDEN ULA\u015eIYOR"},"content":{"rendered":"<p>Mersin B\u00fcy\u00fck\u015fehir Belediyesi ve Mersin \u0130li Ar\u0131 Yeti\u015ftiricileri Birli\u011fi i\u015f birli\u011fiyle ar\u0131 \u00fcr\u00fcnlerini \u00fcreticiden t\u00fcketiciye do\u011fal ve daha az maliyetle ula\u015ft\u0131racak olan proje kapsam\u0131nda k\u0131sa s\u00fcre \u00f6nce a\u00e7\u0131lan \u201cBal Evi\u201d sat\u0131\u015f noktalar\u0131n\u0131n ilki, Yeni\u015fehir il\u00e7esinde faaliyetini s\u00fcrd\u00fcr\u00fcyor.<br \/>\nBir k\u0131sm\u0131 geri d\u00f6n\u00fc\u015f\u00fcm malzemelerinden yap\u0131lan ve tamamen B\u00fcy\u00fck\u015fehir\u2019in ustalar\u0131n\u0131n ellerinden \u00e7\u0131kan \u201cBal Evi\u201d tanzim sat\u0131\u015f noktas\u0131 \u00f6zelli\u011fi g\u00f6steriyor. T\u00fcketici tamamen do\u011fal ve katk\u0131s\u0131z bal ve ar\u0131 \u00fcr\u00fcnlerine ula\u015f\u0131rken, \u00fcretici de \u00fcr\u00fcnlerini do\u011frudan piyasa de\u011ferinde satabiliyor.<br \/>\n\u00dcreticilerin hayali ger\u00e7ekle\u015fti, do\u011fal ve katk\u0131s\u0131z \u00fcr\u00fcnler art\u0131k Bal Evi\u2019nde<br \/>\nTar\u0131msal ve Veteriner Hizmetleri Dairesi taraf\u0131ndan hayata ge\u00e7irilen projeyle bal ve ar\u0131 \u00fcr\u00fcnleri \u00fcreticilerinin do\u011frudan t\u00fcketiciye ula\u015fabilme hayali ger\u00e7ekle\u015fti. T\u00fcketicilerin sa\u011fl\u0131\u011f\u0131na zararl\u0131 olan sahte bala kar\u015f\u0131 tamamen do\u011fal \u00fcr\u00fcnlerin yer ald\u0131\u011f\u0131 Bal Evi, bal ve ar\u0131 \u00fcr\u00fcnlerini \u00fcreticiden t\u00fcketiciye daha az maliyetle ula\u015ft\u0131r\u0131yor.<br \/>\nBirli\u011fe kay\u0131tl\u0131 4 bine yak\u0131n yeti\u015ftiricinin \u00fcretti\u011fi \u00e7e\u015fit \u00e7e\u015fit bal, propolis, ar\u0131 s\u00fct\u00fc, polen gibi ar\u0131 \u00fcr\u00fcnleri Bal Evi arac\u0131l\u0131\u011f\u0131yla ilk elden vatanda\u015flara sat\u0131l\u0131yor. \u0130lki Yeni\u015fehir il\u00e7esine yerle\u015ftirilen Bal Evi, GMK Bulvar\u0131\u2019nda Dumlupunar Anadolu Lisesi yan\u0131nda yer al\u0131yor. B\u00fcy\u00fck\u015fehir\u2019in \u2018Bal Gibi Destek, Her Petekte Gelecek!\u2019 slogan\u0131yla ba\u015flatt\u0131\u011f\u0131 proje kapsam\u0131nda kentin 13 il\u00e7esindeki 708 ar\u0131 yeti\u015ftiricine petek, ar\u0131c\u0131 k\u00f6r\u00fc\u011f\u00fc ve ar\u0131c\u0131 maskesi deste\u011finde bulunulmu\u015ftu. \u00dcretimden pazarlama a\u015famas\u0131na kadar ar\u0131 \u00fcreticilerinin yan\u0131nda olan B\u00fcy\u00fck\u015fehir Belediyesi Bal Evi sat\u0131\u015f noktalar\u0131n\u0131 ilerleyen g\u00fcnlerde Mezitli ve Toros il\u00e7elerinde de kuracak.<br \/>\n\u201c\u00dcretimden pazarlamaya her s\u00fcre\u00e7te \u00fcreticilerimizin yan\u0131nday\u0131z\u201d<br \/>\nTar\u0131msal ve Veteriner Hizmetleri Dairesi, Tar\u0131msal Hizmetler, E\u011fitim ve Kooperatifler \u015eube M\u00fcd\u00fcr\u00fc Sel\u00e7uk \u015eahuto\u011flu, B\u00fcy\u00fck\u015fehir Belediyesi olarak tar\u0131m\u0131n her alan\u0131nda oldu\u011fu gibi ar\u0131 yeti\u015ftiricilerine de destek vermeyi s\u00fcrd\u00fcreceklerini belirterek, \u201c\u00dcretimden pazarlamalar\u0131na kadar ge\u00e7en s\u00fcrede her zaman \u00fcreticilerimizin yanlar\u0131nday\u0131z, yanlar\u0131nda olmaya da devam edece\u011fiz. Ge\u00e7ti\u011fimiz g\u00fcnlerde 708 \u00fcreticimize temel ar\u0131c\u0131l\u0131k malzemelerini hediye etmi\u015ftik. \u015eu anda da ar\u0131 yeti\u015ftiricilerimizin \u00fcretmi\u015f oldu\u011fu ballar\u0131n analizlerini yaparak ar\u0131 yeti\u015ftiricileri birli\u011fimiz \u00f6nc\u00fcl\u00fc\u011f\u00fcnde vermi\u015f oldu\u011fumuz bal b\u00fcfelerinde sat\u0131\u015f\u0131n\u0131 ger\u00e7ekle\u015ftirmekteyiz. Bu konuda \u00fcreticilerimizin ayn\u0131 zamanda da t\u00fcketicilerimizin desteklerini sonuna kadar al\u0131yoruz ve memnuniyetlerini s\u00fcrekli dile getiriyorlar\u201d dedi.<br \/>\n\u201cBurada kazanan iki taraf var; biri \u00fcretici biri t\u00fcketici\u201d<br \/>\nMersin \u0130li Ar\u0131 Yeti\u015ftiricileri Birli\u011fi Ba\u015fkan\u0131 Adem Kurt, ar\u0131 \u00fcreticilerinin \u00fcr\u00fcnlerini pazarlama noktas\u0131ndaki en \u00f6nemli s\u0131k\u0131nt\u0131lar\u0131n\u0131n \u00fcr\u00fcnlerin de\u011ferinde sat\u0131lamamas\u0131 oldu\u011funu vurgulayarak, Bal Evi sat\u0131\u015f noktas\u0131n\u0131n bu yaraya merhem oldu\u011funu s\u00f6yledi. Kurt, \u201cGelen t\u00fcketiciler diyorlar ki; \u2018Allah sizlerden raz\u0131 olsun. Ne t\u00fcketti\u011fimizi bilece\u011fiz. Art\u0131k bal\u0131 bal tad\u0131nda yiyece\u011fiz\u2019 Sadece Mersin\u2019de de\u011fil t\u00fcm T\u00fcrkiye\u2019de dile\u011fimiz bu t\u00fcr yerlerin olmas\u0131. Burada kazanan iki taraf var; biri \u00fcretici biri t\u00fcketici. Ballar\u0131 \u00fcreticilerimizden ayr\u0131 ayr\u0131 al\u0131p, analizlerini yapt\u0131r\u0131p her bal\u0131 kar\u0131\u015ft\u0131rmadan kendine has do\u011fal tad\u0131yla, kendi \u00f6z\u00fcyle direk t\u00fcketicilerin ayaklar\u0131na ula\u015ft\u0131rma imkan\u0131na sahibiz\u201d dedi.<br \/>\nBirli\u011fin Merbal markas\u0131yla olu\u015fturdu\u011fu \u00fcr\u00fcnlere yurt i\u00e7i ve d\u0131\u015f\u0131ndan t\u00fcketicilerin merbal.net adresinden ula\u015fabileceklerini belirten Kurt, \u201cT\u00fcrkiye\u2019ye ve kamuoyuna sesleniyorum; l\u00fctfen bu t\u00fcr olu\u015fumlar\u0131, \u00e7ift\u00e7ilerimizi, bizlerin yapt\u0131\u011f\u0131 her \u015feyin destek\u00e7isi olsunlar. El birli\u011fiyle b\u00fcy\u00fctelim, bu ger\u00e7ekten bir g\u00f6n\u00fcl i\u015fi\u201d diye konu\u015ftu.<br \/>\n\u201cBal fiyatlar\u0131m\u0131z istedi\u011fimiz seviyelere geliyor yava\u015f yava\u015f\u201d<br \/>\nYakla\u015f\u0131k 25 y\u0131ll\u0131k ar\u0131 \u00fcreticisi oldu\u011funu ifade eden Mehmet Fansa, sahte bal y\u00fcz\u00fcnden daha \u00f6nce hem \u00fcr\u00fcn fiyatland\u0131rmada s\u0131k\u0131nt\u0131lar \u00e7ektiklerini hem de halka ula\u015fmakta zorland\u0131klar\u0131n\u0131 ifade ederek, \u201cB\u00fcy\u00fck\u015fehir\u2019in Ar\u0131c\u0131lar Birli\u011fi ile yapm\u0131\u015f oldu\u011fu koordinasyonda bal\u0131m\u0131z\u0131n \u00e7ok rahat bir \u015fekilde halka ula\u015fmas\u0131, istedi\u011fimiz fiyatta gitmesi bizim i\u00e7in \u00e7ok iyi oldu. \u00d6zellikle sahte balla m\u00fccadele etmemiz \u00e7ok azd\u0131. Kendi ballar\u0131m\u0131z\u0131n sat\u0131\u015f\u0131n\u0131 yapabiliyorduk ama direk halka ula\u015ft\u0131r\u0131lmas\u0131nda Birlik ve B\u00fcy\u00fck\u015fehir ile yap\u0131lan koordinasyon \u00e7ok iyi bizim i\u00e7in. Bal fiyatlar\u0131m\u0131z istedi\u011fimiz seviyelere geliyor yava\u015f yava\u015f\u201d ifadelerine yer verildi.<br \/>\n\u201cB\u00fcy\u00fck\u015fehir, \u00fcreticiye do\u011frudan ula\u015fmam\u0131z\u0131 sa\u011flad\u0131\u201d<br \/>\n30 y\u0131ld\u0131r ar\u0131c\u0131l\u0131k yapan emekli \u00f6\u011fretmen Zeki \u0130m, merdiven alt\u0131nda \u00fcretilen fason ballar\u0131n ar\u0131c\u0131l\u0131k yapanlar\u0131n \u00fcr\u00fcnlerine k\u0131yasla neredeyse 4\u2019te 1 fiyat\u0131na sat\u0131ld\u0131\u011f\u0131n\u0131 s\u00f6yleyerek, \u201cBir ar\u0131c\u0131 arkada\u015f\u0131m\u0131z aylarca yuvas\u0131ndan, \u00e7ocuklar\u0131ndan ayr\u0131 kal\u0131yor. Da\u011flarda tek ba\u015f\u0131na yeti\u015ftiriyor. Merdiven alt\u0131 ballarla m\u00fccadelenin daha s\u0131k\u0131 tutulmas\u0131n\u0131 istiyorum. Bal Evi sat\u0131\u015f noktas\u0131 i\u00e7in B\u00fcy\u00fck\u015fehir Belediyesi\u2019nden Allah raz\u0131 olsun. B\u00f6yle bir Bal Evi kurdu ve \u00fcreticiye do\u011frudan ula\u015fmam\u0131z\u0131 sa\u011flad\u0131. Hem vatanda\u015f\u0131m\u0131z temiz bal yiyor hem de \u00fcretici olarak \u00fcr\u00fcn\u00fcm\u00fcz\u00fcn de\u011ferini tam olarak almam\u0131z\u0131 sa\u011fl\u0131yor. Ekonomik olarak da bize katk\u0131s\u0131 oluyor\u201d dedi.<br \/>\n\u201c\u00c7ocuklu\u011fumdaki o tat geldi a\u011fz\u0131ma, ho\u015fuma gitti\u201d<br \/>\nT\u00fcketici Seval Nesli, baz\u0131 g\u0131da \u00fcr\u00fcnlerinde t\u00fcketicilerin kand\u0131r\u0131ld\u0131\u011f\u0131n\u0131 ifade ederek, \u201cEskiden bu kadar bal aray\u0131\u015f\u0131na girmiyordum \u00e7\u00fcnk\u00fc kendi ballar\u0131m\u0131z vard\u0131. Sonradan \u015fehre ta\u015f\u0131nd\u0131\u011f\u0131m\u0131z i\u00e7in de tabii ki do\u011fal olarak katk\u0131 maddeleri \u00e7ok fazla oldu\u011fu i\u00e7in hep soru i\u015faretiyle yakla\u015f\u0131yorduk. B\u00f6yle bir \u015fey olmas\u0131 \u00e7ok g\u00fczel olmu\u015f. G\u00fcvenilir insanlar arkas\u0131nda o y\u00fczden biraz daha farkl\u0131 bak\u0131yorum art\u0131k. Ho\u015fuma gitti, yak\u0131n\u0131m\u0131zda olmas\u0131 g\u00fczel bir \u015fey. \u00c7ocuklu\u011fumdaki o tat geldi a\u011fz\u0131ma\u201d diye konu\u015ftu.<br \/>\n\u201cBuraya bal almaya geldik, bundan sonra bu al\u0131\u015fveri\u015fimize devam edece\u011fiz\u201d<br \/>\nBal Evi\u2019ne daha \u00f6nce gelerek \u00fcr\u00fcnlerin tad\u0131na bakt\u0131\u011f\u0131n\u0131 s\u00f6yleyen Mustafa \u00c7evirici, \u201c80 ya\u015f\u0131nday\u0131m. Buraya bal almaya geldik. Ger\u00e7ekten g\u00fczel, bundan sonra bu al\u0131\u015fveri\u015fimize devam edece\u011fiz. Belediyenin de \u00f6nderli\u011finde Ar\u0131c\u0131lar Birli\u011fi\u2019nin de katk\u0131lar\u0131yla g\u00fczel bir d\u00fczen yapm\u0131\u015flar. Her \u00e7e\u015fit bal \u00fcr\u00fcnlerini koymu\u015flar ortaya. \u0130steyen istedi\u011fini alabiliyor. Bunlar\u0131n tad\u0131na da bakt\u0131k, \u00e7ok da mutlu olduk. Yine gelece\u011fiz, dizayn harika. Pencereleri bile ar\u0131 pete\u011finin i\u015fareti olarak g\u00f6stermi\u015fler\u201d diye konu\u015ftu. Sevim \u00c7evirici ise \u201cMersin\u2019e yak\u0131\u015fm\u0131\u015f, \u00e7ok g\u00fczel olmu\u015f. Tad\u0131 da \u00e7ok g\u00fczel be\u011fendik ve buradan bal\u0131m\u0131z\u0131 da al\u0131yoruz\u201d ifadelerine yer verdi.<br \/>\n\u201c\u00dcretici ile t\u00fcketici aras\u0131nda do\u011frudan bir ba\u011f olu\u015ftu\u201d<br \/>\nBirlik \u00fcyesi ve Bal Evi sat\u0131\u015f sorumlusu Soner Saray, a\u00e7\u0131l\u0131\u015f\u0131n \u00fczerinden k\u0131sa s\u00fcre ge\u00e7mesine ra\u011fmen vatanda\u015flar\u0131n yo\u011fun talebiyle kar\u015f\u0131la\u015ft\u0131klar\u0131n\u0131 belirterek, \u201c\u00dcretici ile t\u00fcketici aras\u0131nda do\u011frudan bir ba\u011f olu\u015ftu asl\u0131nda. Art\u0131k \u00fcretici de kendi bal\u0131n\u0131n sat\u0131laca\u011f\u0131n\u0131 biliyor t\u00fcketici de nereden nas\u0131l bal alaca\u011f\u0131n\u0131 \u00e7ok iyi biliyor. Biz burada do\u011fru bilgi verdi\u011fimiz takdirde zaten ki\u015filer de bundan sonra g\u00f6n\u00fcl rahatl\u0131\u011f\u0131yla bal yiyebilecek veya di\u011fer ar\u0131 \u00fcr\u00fcnlerini t\u00fcketebilecek\u201d dedi.<\/p>\n","protected":false},"excerpt":{"rendered":"<p>Mersin B\u00fcy\u00fck\u015fehir Belediyesi ve Mersin \u0130li Ar\u0131 Yeti\u015ftiricileri Birli\u011fi i\u015f birli\u011fiyle ar\u0131 \u00fcr\u00fcnlerini \u00fcreticiden t\u00fcketiciye do\u011fal ve daha az maliyetle ula\u015ft\u0131racak olan proje kapsam\u0131nda k\u0131sa s\u00fcre \u00f6nce a\u00e7\u0131lan \u201cBal Evi\u201d &hellip; <a href=\"https:\/\/akdenizolaygazetesi.com\/?p=12876\" class=\"more-link\">Devam\u0131n\u0131 Oku&#8230;<\/a><\/p>\n","protected":false},"author":2,"featured_media":12877,"comment_status":"open","ping_status":"open","sticky":false,"template":"","format":"standard","meta":[],"categories":[2,3,5],"tags":[],"_links":{"self":[{"href":"https:\/\/akdenizolaygazetesi.com\/index.php?rest_route=\/wp\/v2\/posts\/12876"}],"collection":[{"href":"https:\/\/akdenizolaygazetesi.com\/index.php?rest_route=\/wp\/v2\/posts"}],"about":[{"href":"https:\/\/akdenizolaygazetesi.com\/index.php?rest_route=\/wp\/v2\/types\/post"}],"author":[{"embeddable":true,"href":"https:\/\/akdenizolaygazetesi.com\/index.php?rest_route=\/wp\/v2\/users\/2"}],"replies":[{"embeddable":true,"href":"https:\/\/akdenizolaygazetesi.com\/index.php?rest_route=%2Fwp%2Fv2%2Fcomments&post=12876"}],"version-history":[{"count":1,"href":"https:\/\/akdenizolaygazetesi.com\/index.php?rest_route=\/wp\/v2\/posts\/12876\/revisions"}],"predecessor-version":[{"id":12878,"href":"https:\/\/akdenizolaygazetesi.com\/index.php?rest_route=\/wp\/v2\/posts\/12876\/revisions\/12878"}],"wp:featuredmedia":[{"embeddable":true,"href":"https:\/\/akdenizolaygazetesi.com\/index.php?rest_route=\/wp\/v2\/media\/12877"}],"wp:attachment":[{"href":"https:\/\/akdenizolaygazetesi.com\/index.php?rest_route=%2Fwp%2Fv2%2Fmedia&parent=12876"}],"wp:term":[{"taxonomy":"category","embeddable":true,"href":"https:\/\/akdenizolaygazetesi.com\/index.php?rest_route=%2Fwp%2Fv2%2Fcategories&post=12876"},{"taxonomy":"post_tag","embeddable":true,"href":"https:\/\/akdenizolaygazetesi.com\/index.php?rest_route=%2Fwp%2Fv2%2Ftags&post=12876"}],"curies":[{"name":"wp","href":"https:\/\/api.w.org\/{rel}","templated":true}]}}