{"id":12879,"date":"2021-06-15T11:47:47","date_gmt":"2021-06-15T08:47:47","guid":{"rendered":"http:\/\/akdenizolaygazetesi.com\/?p=12879"},"modified":"2021-06-15T11:47:47","modified_gmt":"2021-06-15T08:47:47","slug":"baskan-secer-2-bolgeye-cikarma-yapti","status":"publish","type":"post","link":"https:\/\/akdenizolaygazetesi.com\/?p=12879","title":{"rendered":"BA\u015eKAN SE\u00c7ER 2. B\u00d6LGEYE \u00c7IKARMA YAPTI"},"content":{"rendered":"<p>Mersin B\u00fcy\u00fck\u015fehir Belediye Ba\u015fkan\u0131 Vahap Se\u00e7er\u2019in 2. b\u00f6lge gezileri Ayd\u0131nc\u0131k\u2019tan ba\u015flad\u0131. Yapt\u0131klar\u0131 hizmetlerde ayr\u0131m yapmad\u0131klar\u0131n\u0131 vurgulayan Ba\u015fkan Se\u00e7er, \u201cBiz makam\u0131 kurtarmak i\u00e7in hizmet yapm\u0131yoruz. T\u00fcrkiye\u2019yi kurtarmak i\u00e7in hizmet yap\u0131yoruz. \u00d6ncelikli g\u00fcndemimiz halka hizmet. Benim g\u00f6revim t\u00fcm Mersinlilere hizmet. T\u00fcm Ayd\u0131nc\u0131kl\u0131lara hizmet. Onun i\u00e7in belediye ba\u015fkan\u0131 olarak \u00e7ok siyaset de\u011fil, \u00e7ok hizmet yapma pe\u015findeyiz. \u00c7ok laf de\u011fil, \u00e7ok i\u015f yapma pe\u015findeyiz\u201d diye konu\u015ftu.<br \/>\nPankartlar ve me\u015falelerle kar\u015f\u0131land\u0131<br \/>\nAyd\u0131nc\u0131k il\u00e7e giri\u015finde, Cumhuriyet Halk Partisi (CHP) Ayd\u0131nc\u0131k \u0130l\u00e7e \u00d6rg\u00fct\u00fc taraf\u0131ndan ellerinde pankartlar ve me\u015falelerle kar\u015f\u0131lanan Ba\u015fkan Se\u00e7er, ard\u0131ndan CHP Ayd\u0131nc\u0131k \u0130l\u00e7e Ba\u015fkanl\u0131\u011f\u0131\u2019na ge\u00e7erek, orada da partililer ile bir araya geldi. Partililer ile bulu\u015fmas\u0131n\u0131n ard\u0131ndan muhtarlar\u0131n mahallelerindeki sorunlar\u0131n\u0131 dinleyen ve b\u00fcrokratlar\u0131na notlar ald\u0131ran Se\u00e7er, daha sonra Ayd\u0131nc\u0131k Kaymakam\u0131 Volkan \u00d6zer\u2019i makam\u0131nda ziyaret etti. Ba\u015fkan Se\u00e7er, Mersin B\u00fcy\u00fck\u015fehir Belediyesi Sosyal Hizmetler Dairesi Ba\u015fkanl\u0131\u011f\u0131 Ayd\u0131nc\u0131k E\u011fitim \u00d6\u011fretimi Destekleme Kurs Merkezi \u00f6\u011fretmenlerince ellerinde \u00e7i\u00e7ekler ile kar\u015f\u0131land\u0131. Esnaf gezisi yapan ve \u2018hay\u0131rl\u0131 i\u015fler\u2019 dile\u011finde bulunan Ba\u015fkan Se\u00e7er, son olarak ise Ayd\u0131nc\u0131k E\u011fitim \u00d6\u011fretimi Destekleme Kurs Merkezi\u2019ni ziyaret ederek, \u00f6\u011fretmenlerle sohbet etti.<br \/>\nBa\u015fkan Se\u00e7er\u2019e Ayd\u0131nc\u0131k ziyaretleri s\u0131ras\u0131nda CHP Parti Meclisi \u00dcyesi ve Mersin Milletvekili Ali Mahir Ba\u015far\u0131r, CHP Ayd\u0131nc\u0131k \u0130l\u00e7e Ba\u015fkan\u0131 Abdullah Servili, CHP G\u00fclnar \u0130l\u00e7e Ba\u015fkan\u0131 \u00dcmran Yald\u0131z, CHP il\u00e7e y\u00f6neticileri, Meclis \u00fcyeleri, parti \u00f6rg\u00fct\u00fc, muhtarlar ve vatanda\u015flar e\u015flik etti. Se\u00e7er Ayd\u0131nc\u0131k\u2019\u0131n ard\u0131ndan Bozyaz\u0131\u2019ya ge\u00e7erek, B\u00fcy\u00fck\u015fehir Belediyesi Meclis \u00dcyesi Turhan Tuna ile Nurten Akta\u015f\u2019\u0131n nik\u00e2h\u0131n\u0131 k\u0131yd\u0131.<br \/>\n\u201cBiz T\u00fcrkiye\u2019yi kurtarmak i\u00e7in hizmet yap\u0131yoruz\u201d<br \/>\nBa\u015fkan Se\u00e7er, siyaset de\u011fil hizmet \u00fcretme derdinde olduklar\u0131n\u0131, bu do\u011frultuda \u00e7al\u0131\u015ft\u0131klar\u0131n\u0131 belirterek, \u201cBiz makam\u0131 kurtarmak i\u00e7in hizmet yapm\u0131yoruz. T\u00fcrkiye\u2019yi kurtarmak i\u00e7in hizmet yap\u0131yoruz. Burada Vahap Se\u00e7er hizmet yaparken, makam\u0131n\u0131 korumak, kurtarmak i\u00e7in yapm\u0131yor. T\u00fcrkiye\u2019nin kurtulu\u015funa, geli\u015fmesine, bu kaos ortam\u0131ndan \u00e7\u0131kmas\u0131na, T\u00fcrkiye\u2019nin \u00fczerindeki kara bulutlar\u0131n da\u011f\u0131lmas\u0131na nas\u0131l katk\u0131 yapabiliriz bunun pe\u015findeyiz. \u015eunu unutmayal\u0131m; \u00f6ncelikli g\u00fcndemimiz halka hizmet. Partili, partisiz. Benim g\u00f6revim t\u00fcm Mersinlere hizmet. T\u00fcm Ayd\u0131nc\u0131kl\u0131lara hizmet. Bu CHP\u2019li, bu MHP\u2019li, bu falan partili, filan partili de\u011fil. Herkesi kucaklamak zorunday\u0131z. Belediye ba\u015fkan\u0131 olarak \u00e7ok siyaset de\u011fil, \u00e7ok hizmet yapma pe\u015findeyiz. \u00c7ok laf de\u011fil, \u00e7ok i\u015f yapma pe\u015findeyiz\u201d dedi.<br \/>\n\u201cHalk\u0131m\u0131zla bizler aras\u0131nda k\u00f6pr\u00fc vazifesi g\u00f6ren muhtarlar\u0131m\u0131zla i\u00e7 i\u00e7eyiz\u201d<br \/>\nMuhtarlarla iyi ili\u015fkiler i\u00e7erisinde olduklar\u0131n\u0131 kaydeden Se\u00e7er, \u201cMuhtarlar\u0131m\u0131z bizimle beraber mahalle sakinlerinin, hem\u015fehrilerinin sorunlar\u0131n\u0131 dinliyor, aktar\u0131yor ve takip ediyor. Biz halk\u0131m\u0131zla i\u00e7 i\u00e7eyiz. Biz halk\u0131m\u0131zla bizler aras\u0131nda k\u00f6pr\u00fc vazifesi g\u00f6ren muhtarlar\u0131m\u0131zla beraberiz, i\u00e7 i\u00e7eyiz. Onlar\u0131 dinliyoruz. Mahallelerindeki sorunlar\u0131, imk\u00e2nlar\u0131m\u0131z\u0131 en y\u00fcksek d\u00fczeyde kullanarak \u00e7\u00f6zmenin gayreti i\u00e7erisindeyiz\u201d diye konu\u015ftu.<br \/>\nMersin\u2019in en az n\u00fcfus yo\u011funlu\u011fu olan il\u00e7elerinden birinin Ayd\u0131nc\u0131k oldu\u011funu, k\u00fc\u00e7\u00fck b\u00fcy\u00fck demeden t\u00fcm il\u00e7elere ayr\u0131m yapmadan hizmet verdiklerini ifade eden Se\u00e7er, \u201cAyd\u0131nc\u0131k\u2019ta dershane ihtiyac\u0131 var, dershane a\u00e7\u0131lmas\u0131 gerekiyor a\u00e7t\u0131k. 110 da \u00f6\u011frencimiz var. Bak\u0131n \u015fimdi oraya kay\u0131tlar ba\u015flayacak, LGS i\u00e7in \u00f6\u011frenci almaya devam edece\u011fiz. Bu b\u00f6lgede \u00e7ocuklar ya okuyacak ya ren\u00e7per olacak, \u00e7ift\u00e7i olacak, serac\u0131 olacak. Yokluk i\u00e7inde, k\u0131t kanaat ge\u00e7inecek. Ailelerde yok, \u00e7ocuklar\u0131n say\u0131s\u0131 \u00e7ok, sera topraklar\u0131 ya da tar\u0131m topraklar\u0131 b\u00f6l\u00fcn\u00fcyor, gelir d\u00fc\u015f\u00fcyor. Bu \u00e7ocuklar\u0131n okumas\u0131 laz\u0131m. Ayd\u0131nc\u0131k n\u00fcfusu azd\u0131r, bize az oy veriyor, \u00e7ok oy veriyor ayr\u0131m\u0131 de\u011fil. Buran\u0131n buna ihtiyac\u0131 var. Bu hizmeti biz buraya veriyoruz\u201d ifadelerini kulland\u0131.<br \/>\n\u201cTar\u0131ma y\u00f6nelik destekler sa\u011flarken Tarsus\u2019a neyse, Anamur\u2019a, Ayd\u0131nc\u0131k\u2019a da odur\u201d<br \/>\nAyd\u0131nc\u0131k\u2019ta tar\u0131ma verdikleri destekleri de anlatan Ba\u015fkan Se\u00e7er, \u201cTar\u0131ma y\u00f6nelik destekler sa\u011flarken Tarsus\u2019a neyse, Anamur\u2019a neyse, Ayd\u0131nc\u0131k\u2019a da odur. Ya da G\u00fclnar\u2019a, Mut\u2019a, \u00c7aml\u0131yayla\u2019ya bak\u0131\u015f a\u00e7\u0131m\u0131zla Ayd\u0131nc\u0131k\u2019a bak\u0131\u015f a\u00e7\u0131m\u0131z aras\u0131nda hi\u00e7bir fark yoktur. Sulama borusu desteklerinden, proje kapsam\u0131nda verdi\u011fimiz 1788 metrelik bir b\u00f6l\u00fcm buraya d\u00fc\u015ft\u00fc, vermi\u015fiz. Biz toplamda ge\u00e7en y\u0131l 60 kilometre sulama borusu yard\u0131m\u0131 yapt\u0131k. Bu y\u0131l biliyorsunuz 100 kilometreye \u00e7\u0131kard\u0131k. \u015eimdi da\u011f\u0131t\u0131mlar da ba\u015flad\u0131, ba\u015fl\u0131yor. \u00c7elik boru. HDPE boru. Ge\u00e7ti\u011fimiz g\u00fcnlerde ar\u0131c\u0131l\u0131k ekipman\u0131 da\u011f\u0131tt\u0131k t\u00fcm il sath\u0131nda. Bak\u0131n 17 \u00fcreticimizde, 6 mahallemizde Ayd\u0131nc\u0131k\u2019ta ar\u0131c\u0131l\u0131kla u\u011fra\u015fan ar\u0131c\u0131 yurtta\u015flar\u0131m\u0131z bizden alet ekipman deste\u011fi alm\u0131\u015flar. Bunu \u00e7o\u011faltabiliriz. 6 bin 433 adet lavanta fidesi da\u011f\u0131t\u0131lm\u0131\u015f. Cumhuriyet, H\u00fcrriyet, Pembecik olmak \u00fczere 3 mahalle. Demek ki yapt\u0131\u011f\u0131m\u0131z hizmetlerde bir ayr\u0131m yok\u201d diye konu\u015ftu.<br \/>\nBa\u015fkan Se\u00e7er, altyap\u0131 \u00e7al\u0131\u015fmalar\u0131n\u0131n devam etti\u011fini vurgulayarak, b\u00f6lgenin geriden gelen i\u00e7me suyu \u015febeke hatt\u0131 sorunu oldu\u011funu s\u00f6yledi. Bu sorunu \u00e7\u00f6zmek i\u00e7in \u0130ller Bankas\u0131\u2019yla mutabakat sa\u011flayamad\u0131klar\u0131n\u0131 anlatan Se\u00e7er, \u201cBiz \u015fu anda bu sorunu \u0130ller Bankas\u0131 uhdesinde \u00e7\u00f6zmemiz gerekirken, \u00fc\u00e7e be\u015fe bakm\u0131yoruz, bir mutabakat da sa\u011flayamad\u0131k \u0130ller Bankas\u0131\u2019yla. Ama de\u011fi\u015fim gereken b\u00fct\u00fcn noktalarda MESK\u0130 kendi b\u00fct\u00e7esinden boru de\u011fi\u015fimini ger\u00e7ekle\u015ftiriyor. Kendi b\u00fct\u00e7emizden yap\u0131yoruz\u201d dedi.<br \/>\n\u201cYak\u0131n tarihte Ayd\u0131nc\u0131k\u2019ta su sorunu diye bir olguyla kar\u015f\u0131la\u015fmayaca\u011f\u0131z\u201d<br \/>\n\u00c7al\u0131\u015fmalar\u0131n s\u00fcrd\u00fc\u011f\u00fc ve 2.5 milyon liraya mal olaca\u011f\u0131n\u0131 ifade etti\u011fi bir proje ile yak\u0131n zamanda Ayd\u0131nc\u0131k\u2019ta su sorunu kalmayaca\u011f\u0131n\u0131 s\u00f6zlerine ekleyen Se\u00e7er, \u015funlar\u0131 s\u00f6yledi:<br \/>\n\u201cBir ar\u0131tma konusu s\u00f6z konusu. Derin deniz de\u015farj\u0131 m\u0131 olsun, ar\u0131tma m\u0131 olsun? Biz de arzu ederiz ar\u0131tma olsun. Bedelini verirseniz ar\u0131tmay\u0131 yapars\u0131n\u0131z. Bir de yerinizin olmas\u0131 laz\u0131m. \u015eimdi biz bedelinden vazge\u00e7tik, uygun yer aray\u0131\u015f\u0131 i\u00e7erisindeyiz. Bize uygun diye g\u00f6sterilen yer, \u00fczerinde \u00e7al\u0131\u015ft\u0131\u011f\u0131m\u0131z yer, hani bir tabir vard\u0131r ya; semeri ile 80\u2019e patlar. \u00c7ok problemli bir yer lokasyon olarak. Bunun in\u015faat maliyeti bize \u00e7ok katmerli gelecek. Yaz\u0131kt\u0131r g\u00fcnaht\u0131r. Bu vergiler hepinizin ekme\u011finden, kazanc\u0131ndan gelen vergiler. Bize bu paylar geliyor. Daha makul bir yer bulma pe\u015findeyiz. Yoksa \u2018biz bu i\u015fi savsaklad\u0131k, olsa da olur olmasa da olur, Ayd\u0131nc\u0131k\u2019\u0131n n\u00fcfusu ne ki, bize verdi\u011fi oy ne ki\u2019 b\u00f6yle bir yakla\u015f\u0131m i\u00e7erisinde de\u011filiz. \u00c7ok k\u0131sa s\u00fcrede \u00e7\u00f6zece\u011fiz. Zaman zaman kayna\u011f\u0131n\u0131zda su problemi var. Onu da biliyorum. \u00d6zellikle ya\u011fmurlu d\u00f6nemlerde bulan\u0131k akar. \u015eimdi yeni bir kaynak buldular So\u011fuksu Mahallesi\u2019nde. 3 kaynaktan su analizleri yap\u0131lm\u0131\u015f. Onun da size bedelini s\u00f6yleyeyim; 2.5 milyon liraya mal olacak. Projenin \u00e7al\u0131\u015fmas\u0131 devam ediyor. Hemen ona m\u00fcteakip de ihale yap\u0131lacak ve s\u00fcratle de onu takviye olarak verece\u011fiz. Yani yak\u0131n bir tarihte art\u0131k Ayd\u0131nc\u0131k\u2019ta su sorunu diye bir olguyla kar\u015f\u0131la\u015fmayaca\u011f\u0131z.\u201d<br \/>\n\u201cB\u00fct\u00e7emizi, yat\u0131r\u0131m miktar\u0131m\u0131z\u0131, kasam\u0131z\u0131, borcumuzu, her \u015feyi ayan beyan anlat\u0131yorum\u201d<br \/>\nMuhtarlar\u0131n \u00f6zellikle yollar\u0131n iyile\u015ftirilmesi konusunda talepte bulunduklar\u0131n\u0131 ifade eden Se\u00e7er, \u015f\u00f6yle devam etti:<br \/>\n\u201cBiz yasal olarak B\u00fcy\u00fck\u015fehir\u2019in yetki, g\u00f6rev, sorumluluk alan\u0131nda olan grup yollar\u0131n\u0131 yapt\u0131\u011f\u0131m\u0131z gibi, m\u00fcmk\u00fcn olduk\u00e7a imkanlar\u0131m\u0131z dahilinde bize ait olmayan arazi yollar\u0131n\u0131 da normal yollar\u0131na kadar kendilerine yard\u0131mc\u0131 oluyoruz. Bizim g\u00f6rev alan\u0131m\u0131z olmad\u0131\u011f\u0131 halde bunlar\u0131 esirgemiyoruz. Ama bak\u0131n \u015fimdi Meclis\u2019i izlediniz mi? Ne damgas\u0131n\u0131 vurdu; bor\u00e7lanma. B\u00fct\u00e7emizi, yat\u0131r\u0131m miktar\u0131m\u0131z\u0131, kasam\u0131z\u0131, borcumuzu, \u00f6dedi\u011fimizi, her \u015feyi ayan beyan ben anlat\u0131yorum. Bizim anlay\u0131\u015f\u0131m\u0131z diyoruz ya \u015feffaf belediyecilik. S\u00f6zle olmuyor, i\u015fte Meclis\u2019i izleyin. Onun i\u00e7in canl\u0131 yay\u0131nlan\u0131yor. Oturun Meclis\u2019i izleyin. Muhtarlar \u00f6zellikle mutlaka izleyin. Vatanda\u015f bunlar\u0131 izlesin. Bir bak\u0131n, belediye ne yap\u0131yor, belediye ba\u015fkan\u0131 ne yap\u0131yor, bu adam do\u011fru mu s\u00f6yl\u00fcyor, yanl\u0131\u015f m\u0131 s\u00f6yl\u00fcyor?\u201d<br \/>\nB\u00fcy\u00fck\u015fehir Belediyesi\u2019nin yeni uygulamas\u0131 olan TEKS\u0130N\u2019i telefonlar\u0131na indirmelerini \u00f6neren Se\u00e7er, b\u00fct\u00fcn dilek, istek, talep ve \u015fikayetlerin oradan yap\u0131labilece\u011fini vurgulad\u0131. Se\u00e7er, \u201cBir anlamda ALO 185\u2019in \u00c7a\u011fr\u0131 Merkezi\u2019nin ola\u011fan\u00fcst\u00fc uygulamas\u0131d\u0131r o. \u0130\u00e7erisinde \u00e7ok unsur var kullanabilece\u011finiz. Faturalar\u0131 yat\u0131rmaktan, otob\u00fcs saatlerine kadar kente dair bilgilerden bana yapaca\u011f\u0131n\u0131z \u015fikayetlere, taleplere kadar her \u015feyi oradan yapabilirsiniz.  Muhtemelen Temmuz\u2019un ilk haftas\u0131 vatanda\u015flar\u0131m\u0131za g\u00fczel bir tan\u0131t\u0131mla anlataca\u011f\u0131z bunu. Her \u015feyi ama her \u015feyi oradan g\u00f6rebilir, meram\u0131n\u0131z\u0131 da oradan anlatabilirsiniz\u201d ifadelerine yer verdi.<br \/>\n\u201cBelediyede bir tane day\u0131 var. O da yasalar\u201d<br \/>\nB\u00fcy\u00fck\u015fehir Belediyesi\u2019nde yap\u0131lan hizmetlerin torpille yap\u0131lmad\u0131\u011f\u0131n\u0131 s\u00f6zlerine ekleyen Ba\u015fkan Se\u00e7er, \u201cDiyorlar; \u2018karde\u015fim belediyede bir muhatap bulam\u0131yoruz, bir day\u0131n olmazsa i\u015fin g\u00f6r\u00fclm\u00fcyor\u2019. Bak\u0131n \u00e7ok net s\u00f6yl\u00fcyorum, belediyede day\u0131 may\u0131 s\u00f6km\u00fcyor. Belediyede bir tane day\u0131 var. Onun \u00fczerine daha yok. O da yasalar. Bizim day\u0131m\u0131z yasalar. Yasalar, kanun ne derse hak, hukuk ne derse o olur. \u00d6yle day\u0131 may\u0131 torpil yok. \u2018Adam\u0131m\u0131z yok ki yolumuzu yaps\u0131nlar\u2019. Ya karde\u015fim adam\u0131n var diye yolunu yapmazlar, ihtiyac\u0131n varsa art\u0131k yolunu yap\u0131yor Mersin B\u00fcy\u00fck\u015fehir Belediyesi. \u2018Adam\u0131m\u0131z yok boru yard\u0131m alam\u0131yoruz\u2019. Adam\u0131n var diye kimse sana boru yard\u0131m\u0131 yapmaz, projen uygunsa yapar. \u2018Adam\u0131m\u0131z yok g\u0131da kolisi alam\u0131yoruz\u2019. Alamazs\u0131n karde\u015fim. Sen ihtiya\u00e7 sahibi bir vatanda\u015fsan senin aya\u011f\u0131na kadar gelir. \u00d6yle day\u0131yla may\u0131yla olmaz bu i\u015fler\u201d diye konu\u015ftu.<br \/>\n\u201cB\u00fct\u00fcn alg\u0131lar, d\u00fc\u015f\u00fcnceler, iddialar, tuz buz oldu\u201d<br \/>\nM\u00fckemmeli bulmak i\u00e7in \u00e7aba harcad\u0131klar\u0131n\u0131, CHP\u2019li belediyelerin 7\/24 \u00e7al\u0131\u015ft\u0131\u011f\u0131n\u0131 ifade eden Se\u00e7er, \u201cFakirin ilk imdad\u0131n\u0131 duyan CHP\u2019li belediyeler oldu. \u00c7ok gayret sarf ediyoruz, \u00e7ok \u00e7al\u0131\u015f\u0131yoruz, \u00e7al\u0131\u015fmaya da devam edece\u011fiz. \u0130yi i\u015fler yap\u0131yoruz. \u00c7ok daha iyisini yapaca\u011f\u0131z. Halk\u0131 mutlu etti\u011fimizi biliyoruz. Onlar\u0131n hay\u0131r dualar\u0131n\u0131 ald\u0131\u011f\u0131m\u0131z\u0131 da g\u00f6rd\u00fck. \u00c7ok daha mutlu edece\u011fiz, \u00e7ok daha dualar\u0131n\u0131 alaca\u011f\u0131z. Bunu \u0131srarla, iddiayla s\u00f6yl\u00fcyorum\u201d dedi.<br \/>\nBa\u015far\u0131r: \u201cMutlu, temiz ve hizmet g\u00f6ren bir Mersin var\u201d<br \/>\nGezide Ba\u015fkan Se\u00e7er\u2019e e\u015flik eden CHP Parti Meclisi \u00dcyesi ve Mersin Milletvekili Ali Mahir Ba\u015far\u0131r, \u201c3 g\u00fcnd\u00fcr Anamur\u2019day\u0131z, Bozyaz\u0131\u2019day\u0131z, Ayd\u0131nc\u0131k\u2019tay\u0131z. Vatanda\u015flar\u0131m\u0131zla bulu\u015ftuk. Ger\u00e7ekten mutlu bir Mersin var. Temiz bir Mersin var. Hizmet g\u00f6ren bir Mersin var. Ben Anamur\u2019dan buraya kadar 3 g\u00fcnd\u00fcr anlat\u0131yorum. \u0130yi ki vars\u0131n\u0131z sizi \u00e7ok seviyor Mersin, bizler \u00e7ok seviyoruz. Mersin\u2019in \u00e7ok \u00f6nemli hizmetlere ihtiyac\u0131 var ve hepsini geldi\u011finiz g\u00fcnden beri tek tek kar\u015f\u0131l\u0131yorsunuz\u201d diye konu\u015ftu.<\/p>\n","protected":false},"excerpt":{"rendered":"<p>Mersin B\u00fcy\u00fck\u015fehir Belediye Ba\u015fkan\u0131 Vahap Se\u00e7er\u2019in 2. b\u00f6lge gezileri Ayd\u0131nc\u0131k\u2019tan ba\u015flad\u0131. Yapt\u0131klar\u0131 hizmetlerde ayr\u0131m yapmad\u0131klar\u0131n\u0131 vurgulayan Ba\u015fkan Se\u00e7er, \u201cBiz makam\u0131 kurtarmak i\u00e7in hizmet yapm\u0131yoruz. T\u00fcrkiye\u2019yi kurtarmak i\u00e7in hizmet yap\u0131yoruz. \u00d6ncelikli &hellip; <a href=\"https:\/\/akdenizolaygazetesi.com\/?p=12879\" class=\"more-link\">Devam\u0131n\u0131 Oku&#8230;<\/a><\/p>\n","protected":false},"author":2,"featured_media":12880,"comment_status":"open","ping_status":"open","sticky":false,"template":"","format":"standard","meta":[],"categories":[34,2,3,5],"tags":[],"_links":{"self":[{"href":"https:\/\/akdenizolaygazetesi.com\/index.php?rest_route=\/wp\/v2\/posts\/12879"}],"collection":[{"href":"https:\/\/akdenizolaygazetesi.com\/index.php?rest_route=\/wp\/v2\/posts"}],"about":[{"href":"https:\/\/akdenizolaygazetesi.com\/index.php?rest_route=\/wp\/v2\/types\/post"}],"author":[{"embeddable":true,"href":"https:\/\/akdenizolaygazetesi.com\/index.php?rest_route=\/wp\/v2\/users\/2"}],"replies":[{"embeddable":true,"href":"https:\/\/akdenizolaygazetesi.com\/index.php?rest_route=%2Fwp%2Fv2%2Fcomments&post=12879"}],"version-history":[{"count":1,"href":"https:\/\/akdenizolaygazetesi.com\/index.php?rest_route=\/wp\/v2\/posts\/12879\/revisions"}],"predecessor-version":[{"id":12881,"href":"https:\/\/akdenizolaygazetesi.com\/index.php?rest_route=\/wp\/v2\/posts\/12879\/revisions\/12881"}],"wp:featuredmedia":[{"embeddable":true,"href":"https:\/\/akdenizolaygazetesi.com\/index.php?rest_route=\/wp\/v2\/media\/12880"}],"wp:attachment":[{"href":"https:\/\/akdenizolaygazetesi.com\/index.php?rest_route=%2Fwp%2Fv2%2Fmedia&parent=12879"}],"wp:term":[{"taxonomy":"category","embeddable":true,"href":"https:\/\/akdenizolaygazetesi.com\/index.php?rest_route=%2Fwp%2Fv2%2Fcategories&post=12879"},{"taxonomy":"post_tag","embeddable":true,"href":"https:\/\/akdenizolaygazetesi.com\/index.php?rest_route=%2Fwp%2Fv2%2Ftags&post=12879"}],"curies":[{"name":"wp","href":"https:\/\/api.w.org\/{rel}","templated":true}]}}