{"id":12882,"date":"2021-06-16T11:44:46","date_gmt":"2021-06-16T08:44:46","guid":{"rendered":"http:\/\/akdenizolaygazetesi.com\/?p=12882"},"modified":"2021-06-16T11:44:46","modified_gmt":"2021-06-16T08:44:46","slug":"halkimizla-birlikte-akdenizi-degistiriyoruz","status":"publish","type":"post","link":"https:\/\/akdenizolaygazetesi.com\/?p=12882","title":{"rendered":"\u201cHALKIMIZLA B\u0130RL\u0130KTE AKDEN\u0130Z\u2019\u0130 DE\u011e\u0130\u015eT\u0130R\u0130YORUZ\u201d"},"content":{"rendered":"<p>Akdeniz Belediye Ba\u015fkan\u0131 M. Mustafa G\u00fcltak; \u015eevket S\u00fcmer Mahallesi\u2019ni ziyaret etti; mahallenin eksik ve ihtiya\u00e7lar\u0131n\u0131 yerinde tespit ederek \u00e7al\u0131\u015fmalar\u0131 inceledi. \u201cHalk\u0131m\u0131z, de\u011fi\u015fim istedi, Akdeniz\u2019i halk\u0131m\u0131zla birlikte de\u011fi\u015ftirmeye devam ediyoruz\u201d diyen Ba\u015fkan G\u00fcltak; hizmet, proje ve yat\u0131r\u0131mlarda Akdeniz\u2019e pozitif ayr\u0131mc\u0131l\u0131k uygulanmas\u0131 i\u00e7in Mersin B\u00fcy\u00fck\u015fehir Belediye Ba\u015fkan\u0131 Vahap Se\u00e7er\u2019e bir kez daha seslendi.<br \/>\nZiyarete; Ak Parti \u0130l Ba\u015fkan\u0131 Cesim Ercik, Ak Parti Akdeniz \u0130l\u00e7e Ba\u015fkan\u0131 Emin Gen\u00e7, MHP Akdeniz \u0130l\u00e7e Ba\u015fkan\u0131 Mehmet G\u00f6ver\u00e7ile, \u015eevket S\u00fcmer Mahalle Muhtar\u0131 Abd\u00fclbaki Esen, meclis \u00fcyeleri ve birim m\u00fcd\u00fcrleri de kat\u0131ld\u0131. Mahallede; 142 ve 156\u2019nc\u0131 caddelerde yer alan esnaflar ile pazar al\u0131\u015fveri\u015fine \u00e7\u0131kan vatanda\u015flarla sohbet eden Ba\u015fkan Mustafa G\u00fcltak, bir esnaf\u0131n kurdu\u011fu kahvalt\u0131 sofras\u0131na da misafir oldu.<br \/>\n\u201cHalk de\u011fi\u015fim karar\u0131 verdi, Akdeniz\u2019de art\u0131k huzur ve bar\u0131\u015f var\u201d<br \/>\nZiyaretine ili\u015fkin bir a\u00e7\u0131klama yapan Ba\u015fkan G\u00fcltak; yak\u0131n ge\u00e7mi\u015fte, mahallede ya\u015fanan olaylar nedeniyle esnaf ve vatanda\u015flar\u0131n zor g\u00fcnler ya\u015fad\u0131\u011f\u0131n\u0131 hat\u0131rlatarak, \u201cFakat bug\u00fcn \u00e7ok \u015f\u00fck\u00fcr, hi\u00e7bir ay\u0131r\u0131mc\u0131l\u0131k yap\u0131lmadan, Say\u0131n Cumhurba\u015fkan\u0131m\u0131z ve H\u00fck\u00fcmetimizin destekleri ba\u015fta olmak \u00fczere, herkese e\u015fit hizmet sunuyoruz. Akdeniz Belediyesi olarak da hizmetlerimize aral\u0131ks\u0131z devam ediyoruz.<br \/>\nBug\u00fcn mahallede, vatanda\u015flar\u0131m\u0131zla i\u00e7 i\u00e7eyiz. Huzur ger\u00e7ekten \u00e7ok \u00f6nemli. Koronavir\u00fcs de bize sa\u011fl\u0131\u011f\u0131n ve huzurun ne kadar \u00f6nemli oldu\u011funu \u00f6\u011fretti. \u00c7ok \u015f\u00fck\u00fcr, biz huzuru ve bar\u0131\u015f\u0131 sa\u011flad\u0131k. Tabi milletvekillerimizin, il ve il\u00e7e ba\u015fkanlar\u0131m\u0131z\u0131n ve \u00f6zellikle de Mersin\u2019in a\u011fabeyi L\u00fctfi Elvan Bakan\u0131m\u0131z\u0131n \u00e7ok b\u00fcy\u00fck eme\u011fi var. Hizmetlerimiz devam edecek. Slogan\u0131m\u0131z, \u2018De\u011fi\u015ftirin, hep beraber de\u011fi\u015ftirelim\u2019 idi. Evet, halk karar verdi de\u011fi\u015ftirdi. Biz de onlarla birlikte Akdeniz\u2019i de\u011fi\u015ftiriyoruz\u201d \u015feklinde konu\u015ftu.<br \/>\nPozitif ayr\u0131mc\u0131l\u0131k \u00e7a\u011fr\u0131s\u0131; \u201cAkdeniz\u2019in sorunlar\u0131n\u0131 \u00e7\u00f6zmeden Mersin\u2019in sorunlar\u0131 \u00e7\u00f6z\u00fclemez\u201d<br \/>\n\u201cSadece iki y\u0131l i\u00e7inde, 5 y\u0131ll\u0131k baz\u0131 i\u015fleri bitirmi\u015f olduk. Hizmetlerimiz daha da devam edecek \u00e7\u00fcnk\u00fc Akdeniz de\u011fi\u015fmek zorunda\u201d diyen Ba\u015fkan G\u00fcltak, a\u00e7\u0131klamas\u0131n\u0131 \u015f\u00f6yle s\u00fcrd\u00fcrd\u00fc; \u201cAkdeniz\u2019in sorunlar\u0131n\u0131 \u00e7\u00f6zmeden, Mersin\u2019in sorunlar\u0131n\u0131 hi\u00e7kimse \u00e7\u00f6zemez. Tar\u0131m, turizm, ticaret, liman, hal, esnaf hepsi Akdeniz\u2019de. Ama e\u011fer siz Akdeniz\u2019in altyap\u0131s\u0131n\u0131, \u00fcstyap\u0131s\u0131n\u0131, sorunlar\u0131n\u0131 \u00e7\u00f6zm\u00fcyorsan\u0131z, \u2018Mersin\u2019in sorunlar\u0131n\u0131 \u00e7\u00f6z\u00fcyorum\u2019 diyemezsiniz. Belediyemizin k\u0131s\u0131tl\u0131 imk\u00e2nlar\u0131 ile ba\u015fta L\u00fctfi Elvan Bakan\u0131m\u0131z, milletvekillerimiz, il ba\u015fkan\u0131m\u0131z\u0131n deste\u011fi ile h\u00fck\u00fcmetimizin yo\u011fun yat\u0131r\u0131mlar\u0131 ile biz de\u011fi\u015fimi ba\u015flatt\u0131k. Bak\u0131n \u00c7ay Mahallesi\u2019nde kentsel d\u00f6n\u00fc\u015f\u00fcm bitmek \u00fczere, Bar\u0131\u015f Mahallesi\u2019nde de ba\u015flatmak \u00fczereyiz.<br \/>\nAma burada B\u00fcy\u00fck\u015fehir Belediyesi de b\u00fcy\u00fck rol oynuyor. Daha \u00f6nce de seslendim, Say\u0131n Vahap Se\u00e7er\u2019e yine sesleniyorum. L\u00fctfen gelin Akdeniz\u2019e pozitif ayr\u0131mc\u0131l\u0131k yap\u0131n. Biz e\u011fer, \u015eevket S\u00fcmer\u2019i, G\u00fcne\u015f\u2019i, \u00c7ay, \u00c7ilek, Kazanl\u0131 ve Karaduvar\u2019\u0131 g\u00fczelle\u015ftirip modern bir \u015fehir yapmak istiyorsak, buradaki insanlar\u0131n da g\u00f6nl\u00fcn\u00fc ve r\u0131zas\u0131n\u0131 kazanarak, kentsel d\u00f6n\u00fc\u015f\u00fcm\u00fc ba\u015flatmak zorunday\u0131z. Ba\u015fka t\u00fcrl\u00fc buran\u0131n altyap\u0131s\u0131, park\u0131, cadde ve sokaklar\u0131 d\u00fczelmez. B\u00fcy\u00fck\u015fehir Belediyesi\u2019nden, Akdeniz il\u00e7emiz i\u00e7in pozitif ayr\u0131mc\u0131l\u0131k talebimizi bir kez daha yineliyoruz. Ticaretin, ekonominin ve paran\u0131n d\u00f6nd\u00fc\u011f\u00fc, g\u00fcnd\u00fcz n\u00fcfus yo\u011funlu\u011funun merkez n\u00fcfusa e\u015fit oldu\u011fu Akdeniz de\u011fi\u015fmeden, Mersin d\u00fczelmez.\u201d<br \/>\n\u201cH\u00fck\u00fcmetimizin deste\u011fi olmasayd\u0131 142. Cadde bu hale gelemezdi\u201d<br \/>\nAkdeniz Belediyesi taraf\u0131ndan yenilenerek, halk\u0131n rahatl\u0131k ve g\u00fcven i\u00e7inde al\u0131\u015fveri\u015fini yapabildi\u011fi modern semt pazar\u0131na d\u00f6n\u00fc\u015ft\u00fcr\u00fclen 142. Cadde \u00fczerinde yapt\u0131\u011f\u0131 a\u00e7\u0131klamada Ba\u015fkan G\u00fcltak, \u201cBu caddenin bu hale gelmesinde, Hazine ve Maliye Bakan\u0131m\u0131z Say\u0131n L\u00fctfi Elvan\u2019\u0131n \u00e7ok b\u00fcy\u00fck destekleri var. O olmasayd\u0131 bunlar\u0131n ger\u00e7ekle\u015fmesi m\u00fcmk\u00fcn de\u011fildi. Say\u0131n Bakan\u0131m\u0131zdan ald\u0131\u011f\u0131m\u0131z destekle projeyi bitirdik. Esnaflar\u0131m\u0131z da vatanda\u015flar\u0131m\u0131z da mutlu. Kalan k\u00fc\u00e7\u00fck eksikleri de k\u0131sa zamanda bitirece\u011fiz\u201d dedi.<\/p>\n","protected":false},"excerpt":{"rendered":"<p>Akdeniz Belediye Ba\u015fkan\u0131 M. Mustafa G\u00fcltak; \u015eevket S\u00fcmer Mahallesi\u2019ni ziyaret etti; mahallenin eksik ve ihtiya\u00e7lar\u0131n\u0131 yerinde tespit ederek \u00e7al\u0131\u015fmalar\u0131 inceledi. \u201cHalk\u0131m\u0131z, de\u011fi\u015fim istedi, Akdeniz\u2019i halk\u0131m\u0131zla birlikte de\u011fi\u015ftirmeye devam ediyoruz\u201d diyen &hellip; <a href=\"https:\/\/akdenizolaygazetesi.com\/?p=12882\" class=\"more-link\">Devam\u0131n\u0131 Oku&#8230;<\/a><\/p>\n","protected":false},"author":2,"featured_media":12883,"comment_status":"open","ping_status":"open","sticky":false,"template":"","format":"standard","meta":[],"categories":[2,3,5],"tags":[],"_links":{"self":[{"href":"https:\/\/akdenizolaygazetesi.com\/index.php?rest_route=\/wp\/v2\/posts\/12882"}],"collection":[{"href":"https:\/\/akdenizolaygazetesi.com\/index.php?rest_route=\/wp\/v2\/posts"}],"about":[{"href":"https:\/\/akdenizolaygazetesi.com\/index.php?rest_route=\/wp\/v2\/types\/post"}],"author":[{"embeddable":true,"href":"https:\/\/akdenizolaygazetesi.com\/index.php?rest_route=\/wp\/v2\/users\/2"}],"replies":[{"embeddable":true,"href":"https:\/\/akdenizolaygazetesi.com\/index.php?rest_route=%2Fwp%2Fv2%2Fcomments&post=12882"}],"version-history":[{"count":1,"href":"https:\/\/akdenizolaygazetesi.com\/index.php?rest_route=\/wp\/v2\/posts\/12882\/revisions"}],"predecessor-version":[{"id":12884,"href":"https:\/\/akdenizolaygazetesi.com\/index.php?rest_route=\/wp\/v2\/posts\/12882\/revisions\/12884"}],"wp:featuredmedia":[{"embeddable":true,"href":"https:\/\/akdenizolaygazetesi.com\/index.php?rest_route=\/wp\/v2\/media\/12883"}],"wp:attachment":[{"href":"https:\/\/akdenizolaygazetesi.com\/index.php?rest_route=%2Fwp%2Fv2%2Fmedia&parent=12882"}],"wp:term":[{"taxonomy":"category","embeddable":true,"href":"https:\/\/akdenizolaygazetesi.com\/index.php?rest_route=%2Fwp%2Fv2%2Fcategories&post=12882"},{"taxonomy":"post_tag","embeddable":true,"href":"https:\/\/akdenizolaygazetesi.com\/index.php?rest_route=%2Fwp%2Fv2%2Ftags&post=12882"}],"curies":[{"name":"wp","href":"https:\/\/api.w.org\/{rel}","templated":true}]}}