{"id":12888,"date":"2021-06-16T11:48:57","date_gmt":"2021-06-16T08:48:57","guid":{"rendered":"http:\/\/akdenizolaygazetesi.com\/?p=12888"},"modified":"2021-06-16T11:48:57","modified_gmt":"2021-06-16T08:48:57","slug":"tarsus-sunay-atilla-ust-gecitine-cift-tarafli-yuruyen-merdivenli-ve-asansorlu-yaya-gecidi-yapiliyor","status":"publish","type":"post","link":"https:\/\/akdenizolaygazetesi.com\/?p=12888","title":{"rendered":"TARSUS SUNAY AT\u0130LLA \u00dcST GE\u00c7\u0130T\u0130\u2019NE, \u00c7\u0130FT TARAFLI Y\u00dcR\u00dcYEN MERD\u0130VENL\u0130 VE ASANS\u00d6RL\u00dc YAYA GE\u00c7\u0130D\u0130 YAPILIYOR"},"content":{"rendered":"<p>Mersin B\u00fcy\u00fck\u015fehir Belediyesi, Tarsus\u2019ta Atat\u00fcrk Caddesi \u00fczerinde bulunan Sunay Atilla \u00dcst Ge\u00e7iti\u2019nin yan taraf\u0131nda kurulu bulunan ve ekonomik \u00f6mr\u00fcn\u00fc tamamlayan yaya ge\u00e7idini yeniliyor.<br \/>\nUzun y\u0131llardan bu yana \u00fczerinde bulunan y\u00fcr\u00fcyen merdivenin s\u00fcrekli ar\u0131zalanmas\u0131ndan dolay\u0131 vatanda\u015flar\u0131n \u015fikayetlerine neden olan yaya ge\u00e7idi tamamen s\u00f6k\u00fcl\u00fcyor.<br \/>\nYeni \u00fcst ge\u00e7it modern bir mimariyle in\u015fa edilecek<br \/>\nAlt\u0131ndan Devlet Demiryollar\u0131 hatt\u0131n\u0131n ge\u00e7mesi nedeniyle yayalar\u0131n zorunlu olarak kulland\u0131\u011f\u0131, fakat ergonomik olmamas\u0131 ve mevcut y\u00fcr\u00fcyen merdiveninin s\u00fcrekli ar\u0131zas\u0131 nedeniyle sorun olu\u015fturan yaya ge\u00e7idinin s\u00f6k\u00fcm i\u015flemi h\u0131zl\u0131 bir \u015fekilde ger\u00e7ekle\u015ftiriliyor. S\u00f6k\u00fcm i\u015flemlerinin tamamlanmas\u0131n\u0131n ard\u0131ndan \u00fczerinde her iki y\u00f6nde de olmak kayd\u0131yla \u00e7ift tarafl\u0131 ini\u015f-\u00e7\u0131k\u0131\u015f yap\u0131labilen, ayr\u0131ca \u00f6zel gereksinimli bireyler ve ileri ya\u015f alm\u0131\u015f yurtta\u015flar taraf\u0131ndan kullan\u0131labilecek iki asans\u00f6r\u00fcn bulundu\u011fu, estetik g\u00f6r\u00fcn\u00fcml\u00fc, son teknolojinin kullan\u0131laca\u011f\u0131 yaya \u00fcst ge\u00e7idinin in\u015fa i\u015flemleri ba\u015flayacak.<br \/>\nLed ayd\u0131nlatmas\u0131 ve g\u00fcvenlik kameralar\u0131 da bulunacak<br \/>\nB\u00fcy\u00fck\u015fehir Belediyesi Fen \u0130\u015fleri Dairesi\u2019nde g\u00f6revli Elektrik-Elektronik M\u00fchendisi Serkan Oral, \u00fcst ge\u00e7idin zamanla yaya trafi\u011fini kar\u015f\u0131layamaz hale geldi\u011fini belirterek, B\u00fcy\u00fck\u015fehir Belediye Ba\u015fkan\u0131 Vahap Se\u00e7er\u2019in y\u00f6nlendirmesiyle yenileme \u00e7al\u0131\u015fmalar\u0131na ba\u015flad\u0131klar\u0131n\u0131 s\u00f6yledi. Oral, \u201cHer iki taraftan da hem ini\u015f hem \u00e7\u0131k\u0131\u015f\u0131 olan toplam 4 tane y\u00fcr\u00fcyen merdiveni olan, engelli ve ya\u015fl\u0131 vatanda\u015flar\u0131m\u0131z\u0131n da kullanabilece\u011fi, her iki tarafta olmak \u00fczere toplam 2 tane asans\u00f6r\u00fc bulunan, y\u00fcksekli\u011fi 7 metre, geni\u015fli\u011fi 4 metre, modern mimariye sahip, led ayd\u0131nlatmal\u0131, g\u00fcvenlik kameralar\u0131 ile son teknolojiyi kullanaca\u011f\u0131m\u0131z y\u00fcr\u00fcyen merdiven \u00e7al\u0131\u015fmalar\u0131na ba\u015flad\u0131k\u201d dedi.<br \/>\nS\u00f6z konusu i\u015fin s\u00fcresinin 150 g\u00fcn oldu\u011funu vurgulayan Oral, \u201cHerhangi bir aksilikle kar\u015f\u0131la\u015fmazsak daha k\u0131sa s\u00fcrede faaliyete ge\u00e7irmek istiyoruz\u201d diye konu\u015ftu.<\/p>\n","protected":false},"excerpt":{"rendered":"<p>Mersin B\u00fcy\u00fck\u015fehir Belediyesi, Tarsus\u2019ta Atat\u00fcrk Caddesi \u00fczerinde bulunan Sunay Atilla \u00dcst Ge\u00e7iti\u2019nin yan taraf\u0131nda kurulu bulunan ve ekonomik \u00f6mr\u00fcn\u00fc tamamlayan yaya ge\u00e7idini yeniliyor. Uzun y\u0131llardan bu yana \u00fczerinde bulunan y\u00fcr\u00fcyen &hellip; <a href=\"https:\/\/akdenizolaygazetesi.com\/?p=12888\" class=\"more-link\">Devam\u0131n\u0131 Oku&#8230;<\/a><\/p>\n","protected":false},"author":2,"featured_media":12889,"comment_status":"open","ping_status":"open","sticky":false,"template":"","format":"standard","meta":[],"categories":[8,1,3,5],"tags":[],"_links":{"self":[{"href":"https:\/\/akdenizolaygazetesi.com\/index.php?rest_route=\/wp\/v2\/posts\/12888"}],"collection":[{"href":"https:\/\/akdenizolaygazetesi.com\/index.php?rest_route=\/wp\/v2\/posts"}],"about":[{"href":"https:\/\/akdenizolaygazetesi.com\/index.php?rest_route=\/wp\/v2\/types\/post"}],"author":[{"embeddable":true,"href":"https:\/\/akdenizolaygazetesi.com\/index.php?rest_route=\/wp\/v2\/users\/2"}],"replies":[{"embeddable":true,"href":"https:\/\/akdenizolaygazetesi.com\/index.php?rest_route=%2Fwp%2Fv2%2Fcomments&post=12888"}],"version-history":[{"count":1,"href":"https:\/\/akdenizolaygazetesi.com\/index.php?rest_route=\/wp\/v2\/posts\/12888\/revisions"}],"predecessor-version":[{"id":12890,"href":"https:\/\/akdenizolaygazetesi.com\/index.php?rest_route=\/wp\/v2\/posts\/12888\/revisions\/12890"}],"wp:featuredmedia":[{"embeddable":true,"href":"https:\/\/akdenizolaygazetesi.com\/index.php?rest_route=\/wp\/v2\/media\/12889"}],"wp:attachment":[{"href":"https:\/\/akdenizolaygazetesi.com\/index.php?rest_route=%2Fwp%2Fv2%2Fmedia&parent=12888"}],"wp:term":[{"taxonomy":"category","embeddable":true,"href":"https:\/\/akdenizolaygazetesi.com\/index.php?rest_route=%2Fwp%2Fv2%2Fcategories&post=12888"},{"taxonomy":"post_tag","embeddable":true,"href":"https:\/\/akdenizolaygazetesi.com\/index.php?rest_route=%2Fwp%2Fv2%2Ftags&post=12888"}],"curies":[{"name":"wp","href":"https:\/\/api.w.org\/{rel}","templated":true}]}}