{"id":12901,"date":"2021-06-17T11:33:13","date_gmt":"2021-06-17T08:33:13","guid":{"rendered":"http:\/\/akdenizolaygazetesi.com\/?p=12901"},"modified":"2021-06-17T11:33:13","modified_gmt":"2021-06-17T08:33:13","slug":"cumhuriyet-savcilari-bassavcilarin-gudumunde-karar-yazmak-zorunda-mi","status":"publish","type":"post","link":"https:\/\/akdenizolaygazetesi.com\/?p=12901","title":{"rendered":"&#8216;Cumhuriyet Savc\u0131lar\u0131, Ba\u015fsavc\u0131lar\u0131n G\u00fcd\u00fcm\u00fcnde Karar Yazmak Zorunda M\u0131?&#8217;"},"content":{"rendered":"<p>CHP Mersin Milletvekili ve Anayasa Komisyonu \u00dcyesi Av. Ali Mahir Ba\u015far\u0131r, Ceza ve G\u00fcvenlik Tedbirlerinin \u0130nfaz\u0131 Hakk\u0131nda verilen kanun teklifine ili\u015fkin, savc\u0131lar\u0131n yetki hakk\u0131n\u0131 k\u0131s\u0131tlay\u0131p, ba\u015fsavc\u0131n\u0131n yetki alan\u0131n\u0131 geni\u015fleten 2. madde \u00fczerinde TBMM\u2019de konu\u015fma yapt\u0131.<\/p>\n<p>Cumhuriyet Savc\u0131lar\u0131, Ba\u015fsavc\u0131lar\u0131n G\u00fcd\u00fcm\u00fcnde Karar Yazmak Zorunda M\u0131?<\/p>\n<p>Yarg\u0131n\u0131n siyasalla\u015fmas\u0131ndan \u00e7ok daha \u00f6te bir konumda olarak \u2018saray\u2019 la\u015ft\u0131\u011f\u0131n\u0131 belirten CHP\u2019li Ba\u015far\u0131r: \u2018\u2019Asl\u0131nda en tart\u0131\u015f\u0131lan madde \u00fczerine s\u00f6z ald\u0131m. Ben bu ikinci maddenin neden getirildi\u011fini ger\u00e7ekten anlam\u0131yorum. Bu yasalar\u0131; Saray\u2019da bir hukuk kurulu mu haz\u0131rl\u0131yor, yoksa mutfakta m\u0131 haz\u0131rlan\u0131yor? Bilemiyorum. Bir ak\u0131l tutulmas\u0131 ya\u015f\u0131yorum. Bir soru\u015fturmada savc\u0131, e\u011fer ki takipsizlik karar\u0131 verirse ba\u015fsavc\u0131, sulh ceza mahkemesine itiraz eder. \u0130tiraz kabul olursa, zaten bu iddianame d\u00fczenlenir. Savc\u0131, soru\u015fturman\u0131n sonucunda e\u011fer ki bir iddianame d\u00fczenlerse, a\u011f\u0131r ceza mahkemesi, asliye ceza mahkemesi bir eksiklik g\u00f6r\u00fcrse iddianameyi iade eder. Bak\u0131n, iki durumda da bir mahkeme karar\u0131 var. \u015eimdi, hangi ak\u0131lla, mahkeme karar\u0131na muhta\u00e7 bir konuda ba\u015fsavc\u0131ya yetki veriyorsunuz? Bu \u00fclkedeki cumhuriyet savc\u0131lar\u0131, ba\u015fsavc\u0131lar\u0131n g\u00fcd\u00fcm\u00fcnde karar yazmak zorunda m\u0131? T\u00fcm hocalardan g\u00f6r\u00fc\u015f ald\u0131k. Bu yasay\u0131 yazan hocayla konu\u015ftum, b\u00f6yle bir \u015feyin olamayaca\u011f\u0131n\u0131 s\u00f6yl\u00fcyorlar ama bu geliyor. Biz, savc\u0131lar\u0131n \u00f6zg\u00fcrle\u015fmesini istiyoruz. \u00d6zg\u00fcrce karar vermelerini, soru\u015fturmalar a\u00e7mas\u0131n\u0131 istiyoruz. Art\u0131k siyasalla\u015fan bir yarg\u0131 yok, sarayla\u015fan bir yarg\u0131 var. Siyasalla\u015fmadan \u00f6te bir durum var. Zaten, savc\u0131lar bask\u0131 alt\u0131nda. Savc\u0131lar\u0131n halini d\u00fczeltece\u011finize, neyi getiriyorsunuz?  dedi.<\/p>\n<p>\u0130ddialar\u0131n Milyonda Biri Bizle \u0130lgili Olsa Savc\u0131lar Yedi Ceddimizi Ara\u015ft\u0131r\u0131r<\/p>\n<p>Sarayla\u015fan yarg\u0131 ifadesini, yarg\u0131\u00e7lar\u0131n, AKP\u2019li milletvekilleri ve AKP Genel Ba\u015fkan\u0131 ile resimlerini g\u00f6stererek somut belgelere dayand\u0131ran CHP\u2019li Ba\u015far\u0131r:  \u2018\u2019Eski bir resme bak\u0131n; Kazan Belediye Ba\u015fkan\u0131\u2019n\u0131n yan\u0131nda el pen\u00e7e divan duran Kazan Cumhuriyet Savc\u0131s\u0131. Bu savc\u0131, bu belediye ba\u015fkan\u0131 bir yolsuzluk yapsa nas\u0131l soru\u015fturma a\u00e7acak? Ankara Cumhuriyet Ba\u015fsavc\u0131s\u0131, AKP Zonguldak Milletvekilleri ile se\u00e7im \u00e7al\u0131\u015fmas\u0131nda. Ankara Cumhuriyet Ba\u015fsavc\u0131s\u0131; evlenmi\u015f, d\u00fc\u011f\u00fcnden sonra Saray\u2019da. Biz, bu savc\u0131lar\u0131n normalle\u015fmesini istiyoruz. \u00dclkenin haline bak\u0131n; cumartesi ak\u015fam televizyondan konu\u015fuyoruz, pazar sabah soru\u015fturma a\u00e7\u0131l\u0131yor. Gazeteciler; cumartesi yaz\u0131 yaz\u0131yorlar, pazartesi sabah 6\u2019da g\u00f6zalt\u0131na al\u0131n\u0131yor. Amiraller, cumartesi g\u00fcn\u00fc bir bildiri yay\u0131nl\u0131yorlar, Pazar g\u00fcn\u00fc soru\u015fturma a\u00e7\u0131l\u0131yor. Bir medya patronu 750 milyon dolar, sahte ekspertiz raporuyla kredi al\u0131yor. Kanunda bunu a\u00e7\u0131l\u0131m\u0131 net; banka doland\u0131r\u0131c\u0131l\u0131\u011f\u0131. Soru\u015fturma yok. Hollanda bas\u0131n\u0131, T\u00fcrkiye bas\u0131n\u0131; Eski Ba\u015fbakan ve o\u011flu ile ilgili 27 milyar dolardan bahsediyor. T\u00fcrk paras\u0131yla ben telaffuz edemiyorum ama bir savc\u0131 da gidip sormuyor. Sezgin Baran Korkmaz\u2019\u0131n, MASAK raporu gelmeden, mal varl\u0131\u011f\u0131na konulan tedbir kald\u0131r\u0131lm\u0131\u015f. Bir savc\u0131 da neden kald\u0131r\u0131ld\u0131 demiyor. Yurt d\u0131\u015f\u0131na \u00e7\u0131k\u0131\u015f yasa\u011f\u0131 yok, ka\u00e7\u0131yor bu adam. Neden yok demiyor. Gazeteciler, pisli\u011fe bula\u015fm\u0131\u015f. Ben, kirli kalemlere gazeteci falan demiyorum. Ne iddialar var ama hala tek bir soru\u015fturma yok benim \u00fclkemde. Bir emniyet m\u00fcd\u00fcr\u00fc intihar etti, \u0130\u00e7i\u015fleri Bakan\u0131\u2019n\u0131n o\u011flu arad\u0131, \u0131srar etti. Binali Y\u0131ld\u0131r\u0131m\u2019\u0131n o\u011flunda, S\u00fcleyman Soylu\u2019 nun o\u011flunda dokunulmazl\u0131k yok. Bunlar\u0131n milyonda biri bizimle ilgili iddia olsa, yedi ceddimizi ara\u015ft\u0131r\u0131r bu savc\u0131lar. Yolsuzlu\u011fu, haks\u0131zl\u0131\u011f\u0131, adaletsizli\u011fi, kirlili\u011fi soru\u015fturam\u0131yor. Bir de onu, atad\u0131\u011f\u0131n\u0131z 100 tane ba\u015fsavc\u0131lara ba\u011fl\u0131yorsunuz.\u2019\u2019 ifadelerini dile getirdi.<\/p>\n<p>Burada Adalet De\u011fil, Rezalet G\u00f6r\u00fcyorum<\/p>\n<p>Milletvekilinin, kaymakam\u0131n, valinin \u00f6n\u00fcnde cumhuriyet yazmad\u0131\u011f\u0131n\u0131 ama savc\u0131lar\u0131n \u00f6n\u00fcnde cumhuriyet ibaresinin bulundu\u011funu belirten CHP\u2019li Ba\u015far\u0131r s\u00f6zlerine \u015f\u00f6yle son verdi: \u2018Savc\u0131n\u0131n \u00f6n\u00fcndeki cumhuriyet ibaresi; 84 milyonun, t\u00fcy\u00fc bitmemi\u015f yetimin hakk\u0131n\u0131 savunsunlar diye yaz\u0131yor. Ama soru\u015fturma yok. Daha mant\u0131kl\u0131 yasalar istiyoruz. Say\u0131n Grup Ba\u015fkanvekili yarg\u0131 paketi diyor ama hangi yarg\u0131 paketini getirirseniz getirin, o uyu\u015fturucu paketleriyle m\u00fccadele etmedi\u011finiz s\u00fcrece; bu paket, paket de\u011fildir. Baz\u0131 arkada\u015flar\u0131n\u0131z\u0131n kasas\u0131ndaki, \u00e7antas\u0131ndaki, cebindeki paketlerle m\u00fccadele etmedi\u011finiz s\u00fcrece bu paket de\u011fildir.  Bu, yarg\u0131 reformu falan de\u011fil. Ben, burada adalet de\u011fil, rezalet g\u00f6r\u00fcyorum. L\u00fctfen, hakim ve savc\u0131lar\u0131 rahat b\u0131rak\u0131n. \u00d6zg\u00fcrce karar versinler. Bana, ona, gazeteciye dava a\u00e7acak ama \u00fclkeyi soyanlara kula\u011f\u0131n\u0131 t\u0131kayacak. Bu, olur \u015fey de\u011fildir. Kirli ili\u015fkileri sa\u011f\u0131r sultan dahil herkes duydu. L\u00fctfen, bu maddeyi \u00e7\u0131kart\u0131n, yarg\u0131 sistemimize yaz\u0131k oluyor.<\/p>\n","protected":false},"excerpt":{"rendered":"<p>CHP Mersin Milletvekili ve Anayasa Komisyonu \u00dcyesi Av. Ali Mahir Ba\u015far\u0131r, Ceza ve G\u00fcvenlik Tedbirlerinin \u0130nfaz\u0131 Hakk\u0131nda verilen kanun teklifine ili\u015fkin, savc\u0131lar\u0131n yetki hakk\u0131n\u0131 k\u0131s\u0131tlay\u0131p, ba\u015fsavc\u0131n\u0131n yetki alan\u0131n\u0131 geni\u015fleten 2. &hellip; <a href=\"https:\/\/akdenizolaygazetesi.com\/?p=12901\" class=\"more-link\">Devam\u0131n\u0131 Oku&#8230;<\/a><\/p>\n","protected":false},"author":2,"featured_media":12902,"comment_status":"open","ping_status":"open","sticky":false,"template":"","format":"standard","meta":[],"categories":[3,6],"tags":[],"_links":{"self":[{"href":"https:\/\/akdenizolaygazetesi.com\/index.php?rest_route=\/wp\/v2\/posts\/12901"}],"collection":[{"href":"https:\/\/akdenizolaygazetesi.com\/index.php?rest_route=\/wp\/v2\/posts"}],"about":[{"href":"https:\/\/akdenizolaygazetesi.com\/index.php?rest_route=\/wp\/v2\/types\/post"}],"author":[{"embeddable":true,"href":"https:\/\/akdenizolaygazetesi.com\/index.php?rest_route=\/wp\/v2\/users\/2"}],"replies":[{"embeddable":true,"href":"https:\/\/akdenizolaygazetesi.com\/index.php?rest_route=%2Fwp%2Fv2%2Fcomments&post=12901"}],"version-history":[{"count":1,"href":"https:\/\/akdenizolaygazetesi.com\/index.php?rest_route=\/wp\/v2\/posts\/12901\/revisions"}],"predecessor-version":[{"id":12903,"href":"https:\/\/akdenizolaygazetesi.com\/index.php?rest_route=\/wp\/v2\/posts\/12901\/revisions\/12903"}],"wp:featuredmedia":[{"embeddable":true,"href":"https:\/\/akdenizolaygazetesi.com\/index.php?rest_route=\/wp\/v2\/media\/12902"}],"wp:attachment":[{"href":"https:\/\/akdenizolaygazetesi.com\/index.php?rest_route=%2Fwp%2Fv2%2Fmedia&parent=12901"}],"wp:term":[{"taxonomy":"category","embeddable":true,"href":"https:\/\/akdenizolaygazetesi.com\/index.php?rest_route=%2Fwp%2Fv2%2Fcategories&post=12901"},{"taxonomy":"post_tag","embeddable":true,"href":"https:\/\/akdenizolaygazetesi.com\/index.php?rest_route=%2Fwp%2Fv2%2Ftags&post=12901"}],"curies":[{"name":"wp","href":"https:\/\/api.w.org\/{rel}","templated":true}]}}