{"id":12904,"date":"2021-06-17T11:34:56","date_gmt":"2021-06-17T08:34:56","guid":{"rendered":"http:\/\/akdenizolaygazetesi.com\/?p=12904"},"modified":"2021-06-17T11:34:56","modified_gmt":"2021-06-17T08:34:56","slug":"baskan-vekili-gulcan-kis-tarlada-izi-olanin-harmanda-sozu-olur-ne-mutlu-ki-izimiz-var-sozumuz-var","status":"publish","type":"post","link":"https:\/\/akdenizolaygazetesi.com\/?p=12904","title":{"rendered":"BA\u015eKAN VEK\u0130L\u0130 G\u00dcLCAN KI\u015e: \u201cTARLADA \u0130Z\u0130 OLANIN HARMANDA S\u00d6Z\u00dc OLUR. NE MUTLU K\u0130 \u0130Z\u0130M\u0130Z VAR, S\u00d6Z\u00dcM\u00dcZ VAR\u201d"},"content":{"rendered":"<p>Mersin B\u00fcy\u00fck\u015fehir Belediyesi\u2019nin ata tohumlar\u0131n\u0131n desteklenmesi kapsam\u0131nda hayata ge\u00e7irdi\u011fi \u201cYerel Bu\u011fday \u00c7e\u015fitlerinin Yerinde Korunmas\u0131 ve Pazarlanmas\u0131 Projesi\u201d kapsam\u0131nda Silifke il\u00e7esinin Baland\u0131z Mahallesi\u2019nde da\u011f\u0131t\u0131m\u0131 yap\u0131lan ata tohumu sar\u0131 bu\u011fday\u0131n ikinci hasad\u0131 ger\u00e7ekle\u015ftiriliyor. Konya Bahri Da\u011fda\u015f Tar\u0131msal Ara\u015ft\u0131rma Enstit\u00fcs\u00fc\u2019n\u00fcn bilimsel \u00e7al\u0131\u015fmalar\u0131 baz al\u0131narak, Mersin B\u00fcy\u00fck\u015fehir Belediyesi Tar\u0131msal ve Veteriner Hizmetleri Dairesi ile Mersinden Kad\u0131n Kooperatifi i\u015f birli\u011finde \u00fcreticiyi desteklemek ve ata tohumlar\u0131na sahip \u00e7\u0131kmak amac\u0131yla yap\u0131lan projede hasatlar yap\u0131l\u0131yor, \u00fcreticinin y\u00fcz\u00fc g\u00fcl\u00fcyor.<\/p>\n<p>Silifke\u2019de ger\u00e7ekle\u015ftirilen bu\u011fday hasat t\u00f6renine Mersin B\u00fcy\u00fck\u015fehir Belediyesi Ba\u015fkan Vekili G\u00fclcan K\u0131\u015f, Mersinden Kad\u0131n Kooperatifi Ba\u015fkan\u0131 Meral Se\u00e7er, Bahri Da\u011fda\u015f Uluslararas\u0131 Tar\u0131msal Ara\u015ft\u0131rma Enstit\u00fcs\u00fc M\u00fcd\u00fcr\u00fc Fatih \u00d6zdemir, B\u00fcy\u00fck\u015fehir Belediyesi Tar\u0131msal ve Veteriner Hizmetleri Dairesi Ba\u015fkan\u0131 Salim Serdar G\u00f6k\u00e7ek, Baland\u0131z Mahalle Muhtar\u0131 Kerim \u00c7elik, \u00fcreticiler ve vatanda\u015flar kat\u0131ld\u0131.<\/p>\n<p>\u201cAtal\u0131k yerel tohumlara sahip \u00e7\u0131kmaya devam edece\u011fiz\u201d<\/p>\n<p>Ba\u015fkan Vekili G\u00fclcan K\u0131\u015f, Mersin B\u00fcy\u00fck\u015fehir Belediyesi\u2019nin tar\u0131ma verdi\u011fi deste\u011fi anlatarak, \u201cMersin B\u00fcy\u00fck\u015fehir Belediyesi olarak, atal\u0131k yerel tohumlara sahip \u00e7\u0131kmaya devam edece\u011fiz. \u00c7\u00fcnk\u00fc t\u00fcm d\u00fcnyay\u0131 etkileyen salg\u0131n d\u00f6neminde de bir kez daha g\u00f6r\u00fclm\u00fc\u015ft\u00fcr ki tar\u0131m olmadan, g\u00fcvenli g\u0131da olmadan gelecek olmaz. \u0130\u015fte onun i\u00e7in \u00e7ift\u00e7ilerimizi ve \u00fcretimi destekliyoruz. \u00c7\u00fcnk\u00fc \u00fcreten, \u00fcretti\u011fini payla\u015fan toplumlar\u0131n ayakta kald\u0131\u011f\u0131n\u0131 \u00e7ok iyi biliyoruz. \u0130\u015fte bu nedenle, \u00f6zellikle aile i\u015fletmelerimizi bundan sonra da desteklemeye devam edece\u011fiz\u201d dedi.<\/p>\n<p>B\u00fcy\u00fck\u015fehir Belediyesi\u2019nin Silifke\u2019de tar\u0131ma sa\u011flad\u0131\u011f\u0131 destekler hakk\u0131nda bilgiler veren G\u00fclcan K\u0131\u015f, lavanta fidesi deste\u011fine de de\u011finerek, \u201cO fidanlar sayesinde, kad\u0131nlar hem \u00fcretiyor hem de kazan\u0131yor. O fidanlar kad\u0131nlar\u0131m\u0131z\u0131n umudu oldu. \u00c7\u00fcnk\u00fc biz kad\u0131nlar \u00fcrettik\u00e7e, yar\u0131nlar daha g\u00fczel oluyor. Yine Kad\u0131n Kooperatifimiz \u00f6nc\u00fcl\u00fc\u011f\u00fcnde kurulan G\u00fcne\u015f Enerjisi ile G\u0131da Kurutma Tesisi\u2019ni de ge\u00e7ti\u011fimiz g\u00fcnlerde Mersin\u2019e kazand\u0131rd\u0131k. Gururla s\u00f6yl\u00fcyorum ki; t\u0131pk\u0131 burada oldu\u011fu gibi, bundan sonra da hep birlikte ve daima \u00fcretece\u011fiz ve daima hep birlikte payla\u015faca\u011f\u0131z\u201d diye konu\u015ftu.<\/p>\n<p>\u201cTarlada izi olan\u0131n harmanda s\u00f6z\u00fc olur. Ne mutlu ki izimiz var, s\u00f6z\u00fcm\u00fcz var\u201d<\/p>\n<p>Tar\u0131m\u0131n insan ya\u015fam\u0131 i\u00e7in ne kadar kutsal oldu\u011funa de\u011finen G\u00fclcan K\u0131\u015f, \u201cHasat, bir y\u0131ll\u0131k eme\u011fin, al\u0131n terinin ve bekleyi\u015fin sonunda ya\u015fanan co\u015fkulu bir bayramd\u0131r. Bug\u00fcn biz burada sadece atal\u0131k sar\u0131 bu\u011fday\u0131n hasad\u0131n\u0131 yapmayaca\u011f\u0131z. Bu s\u00fcre\u00e7te, Mersin B\u00fcy\u00fck\u015fehir Belediyesi ve Ba\u015fkan\u0131m\u0131z Say\u0131n Vahap Se\u00e7er\u2019in her zaman yan\u0131m\u0131zda oldu\u011funu da bilerek; her an\u0131 emekle, sab\u0131rla ge\u00e7en bir \u00e7al\u0131\u015fman\u0131n neticesini hep birlikte alaca\u011f\u0131z. Hani g\u00fczel bir s\u00f6z\u00fcm\u00fcz var; tarlada izi olan\u0131n harmanda s\u00f6z\u00fc olur. Ne mutlu ki izimiz var, s\u00f6z\u00fcm\u00fcz var\u201d dedi.<\/p>\n<p>Meral Se\u00e7er: \u201cSar\u0131 bu\u011fday\u0131n ulusal alanda tan\u0131n\u0131rl\u0131\u011f\u0131n\u0131, bilinirli\u011fini art\u0131rmak istiyoruz\u201d<\/p>\n<p>Projenin payda\u015flar\u0131ndan Mersinden Kad\u0131n Kooperatifi\u2019nin Ba\u015fkan\u0131 Meral Se\u00e7er, proje kapsam\u0131nda kooperatif olarak \u00fcr\u00fcn\u00fcn hasad\u0131ndan kaynat\u0131lmas\u0131na kadar her a\u015famas\u0131nda yer ald\u0131klar\u0131n\u0131 ifade ederek, \u201cBiz Mersinden Kad\u0131n Kooperatifi olarak bu projeye ge\u00e7en y\u0131l payda\u015f olduk. Sar\u0131 bu\u011fday\u0131n hasad\u0131ndan pazarlamas\u0131na kadar olan s\u00fcre\u00e7te, bunlar\u0131n t\u00fcm \u00e7al\u0131\u015fmalar\u0131nda Kad\u0131n Kooperatifi olarak pek \u00e7ok konuya dokunduk. Kooperatif olarak bizim ama\u00e7lar\u0131m\u0131zdan biri atal\u0131k tohuma sahip \u00e7\u0131kmak, onu korumak. Sar\u0131 bu\u011fday\u0131n ulusal alanda tan\u0131n\u0131rl\u0131\u011f\u0131n\u0131, bilinirli\u011fini art\u0131rmak istiyoruz. Bununla alakal\u0131 olarak, \u00fcr\u00fcn\u00fcn hasad\u0131ndan ba\u015flayarak, onun elle\u00e7lenmesi, kaynat\u0131lmas\u0131, katma de\u011ferli \u00fcr\u00fcnler haline getirilmesinden tutun, paketlemesine ve pazarlamas\u0131na kadar olan s\u00fcre\u00e7te Mersinden Kad\u0131n Kooperatifi ortaklar\u0131m\u0131z ve kad\u0131nlar\u0131m\u0131zla birlikte faaliyetlerimizi s\u00fcrd\u00fcrd\u00fck\u201d dedi.<\/p>\n<p>Proje kapsam\u0131nda hasad\u0131 yap\u0131lan sar\u0131 bu\u011fday\u0131 almak i\u00e7in bir\u00e7ok talep bulundu\u011funa de\u011finen Se\u00e7er, \u201c13 \u00e7ift\u00e7iden ald\u0131\u011f\u0131m\u0131z sar\u0131 bu\u011fday\u0131 biz katma de\u011ferli \u00fcr\u00fcnlere \u00e7evirdik. Bundan bulgur, eri\u015fte, un, d\u00f6vme gibi \u00e7ok g\u00fczel \u00fcr\u00fcnler \u00fcrettik. Bu \u00fcr\u00fcnlerin, sar\u0131 bu\u011fday\u0131n ulusal alanda tan\u0131n\u0131rl\u0131\u011f\u0131n\u0131 art\u0131rmak i\u00e7in, patentini ald\u0131\u011f\u0131m\u0131z \u2018Mersinden\u2019 markas\u0131yla, bu sar\u0131 bu\u011fdaydan \u00fcretti\u011fimiz katma de\u011ferli \u00fcr\u00fcnleri pazarlara sunduk. \u0130nsanlardan \u00e7ok memnuniyet verici d\u00f6n\u00fc\u015fler oldu\u201d diye konu\u015ftu. Se\u00e7er, bu \u00fcr\u00fcnleri elde etmelerinde \u00e7ift\u00e7ilerin ila\u00e7s\u0131z \u00fcretim yapmalar\u0131n\u0131n b\u00fcy\u00fck rol\u00fc bulundu\u011funu belirterek, \u00e7ift\u00e7ilere \u201cSizlere bir kez buradan te\u015fekk\u00fcr etmek istiyorum, ellerinize sa\u011fl\u0131k\u201d s\u00f6zleriyle seslendi.<\/p>\n<p>\u201cAta tohumu, atalar\u0131m\u0131zdan bir miras ve biz bunu gelecek nesillerimize aktarabiliyoruz\u201d<\/p>\n<p>Meral Se\u00e7er, atal\u0131k tohumlar\u0131n geneti\u011fi de\u011fi\u015ftirilmemi\u015f sa\u011fl\u0131kl\u0131 tohumlar oldu\u011funu s\u00f6zlerine ekleyerek, \u201cAta tohumundan \u00fcretilmi\u015f bir bu\u011fdayda, bir domateste aynen ge\u00e7mi\u015f zamanda yedi\u011fimiz tohumlardan olan \u00fcr\u00fcnlerin lezzetini alabiliyoruz. Yani b\u00fcnyesinde bar\u0131nd\u0131rd\u0131\u011f\u0131 lezzet de\u011fi\u015fmiyor. Tad\u0131yla, aromas\u0131yla ger\u00e7ekten ba\u015fka g\u00fczel bir tohum. Ata tohumunun sa\u011fl\u0131kl\u0131 beslenmenin yan\u0131nda di\u011fer bir y\u00f6n\u00fcyle bakt\u0131\u011f\u0131m\u0131zda geleneklerimiz ve k\u00fclt\u00fcr\u00fcm\u00fcz oldu\u011funu g\u00f6r\u00fcyoruz. Yani ata tohumu atalar\u0131m\u0131zdan kalan bir miras ve biz bu miras\u0131 gelecek nesillerimize aktarabiliyoruz\u201d dedi.<\/p>\n<p>\u201cAta tohumlar\u0131 sayesinde hem ge\u00e7mi\u015fimize hem de gelece\u011fimize sahip \u00e7\u0131km\u0131\u015f olaca\u011f\u0131z\u201d<\/p>\n<p>Ata tohumunun s\u00fcrd\u00fcr\u00fclebilir olmas\u0131n\u0131n \u00f6nemine de de\u011finen Meral Se\u00e7er, \u015funlar\u0131 s\u00f6yledi:<\/p>\n<p>\u201cAta tohumunda \u00e7ift\u00e7imiz seneye tekrar bu \u00fcr\u00fcn\u00fcn\u00fc \u00fcretmek istedi\u011finde onun tohumunu kendi \u00fcretti\u011fi \u00fcr\u00fcn\u00fcnden ay\u0131rabiliyor. Yani bu da nesilden nesle ge\u00e7mesine sebep oluyor. Bundan dolay\u0131 ata tohumunun gelecek nesillere aktar\u0131labilmesi i\u00e7in bu t\u00fcr faaliyetlerin yap\u0131lmas\u0131 \u00e7ok k\u0131ymetli. Biz gelecek nesillerimizi korumak i\u00e7in ata tohumuna sahip \u00e7\u0131kmak zorunday\u0131z. Bu tohumlar\u0131m\u0131z\u0131 ya\u015fatmak i\u00e7in \u00fcretmek, \u00fcreterek \u00e7o\u011faltmak ve payla\u015fmak zorunday\u0131z. Ata tohumlar\u0131 sayesinde hem ge\u00e7mi\u015fimize hem de gelece\u011fimize sahip \u00e7\u0131km\u0131\u015f olaca\u011f\u0131z. B\u00f6yle k\u0131ymetli bir projeye destek veren Mersin B\u00fcy\u00fck\u015fehir Belediyesi\u2019nin ilgili daire ba\u015fkanl\u0131\u011f\u0131 Tar\u0131msal ve Veteriner Hizmetleri Dairesi\u2019ne, Bahri Da\u011fda\u015f Uluslararas\u0131 Ara\u015ft\u0131rma Enstit\u00fcs\u00fc\u2019ne burada emek veren, tohumuna sahip \u00e7\u0131kan \u00e7ift\u00e7ilerimize, kooperatif ortaklar\u0131m\u0131za \u00e7ok te\u015fekk\u00fcr ediyorum. Bereketli bir hasat olmas\u0131n\u0131 diliyorum.\u201d<\/p>\n<p>\u201cBu i\u015f tam anlam\u0131yla T\u00fcrkiye\u2019ye \u00f6rnek bir yap\u0131 te\u015fkil etmi\u015f durumda\u201d<\/p>\n<p>Bahri Da\u011fda\u015f Uluslararas\u0131 Tar\u0131msal Ara\u015ft\u0131rma Enstit\u00fcs\u00fc M\u00fcd\u00fcr\u00fc Fatih \u00d6zdemir, ge\u00e7ti\u011fimiz y\u0131l oldu\u011fu gibi bu y\u0131l da hasad\u0131n yap\u0131lmas\u0131ndan duyduklar\u0131 mutlulu\u011fu dile getirerek, \u201cBu i\u015flere ba\u015flad\u0131\u011f\u0131m\u0131zda yapmak istedi\u011fimiz noktaya geldi\u011fimizi fark ediyoruz. Yerel bu\u011fdaylar o kadar \u00f6nemli ve de\u011ferli ki ama bu de\u011ferlilik sizlerle k\u0131ymetleniyor, sizlerle katmerleniyor, yani sizler de\u011ferini bilirseniz daha de\u011ferli oluyor. Asl\u0131nda tam istedi\u011fimiz noktaday\u0131z, bir me\u015fale yakt\u0131k, bu devam ediyor ve b\u00fcy\u00fcyor. Belediyemiz bir tarafta, kad\u0131n kooperatifimiz bir tarafta, sizler buradas\u0131n\u0131z. Ger\u00e7ekten bu i\u015f tam anlam\u0131yla T\u00fcrkiye\u2019ye \u00f6rnek bir yap\u0131 te\u015fkil etmi\u015f durumda. Bu g\u00fc\u00e7l\u00fc sinerjinin dalga dalga yay\u0131lmas\u0131 dile\u011fiyle\u201d dedi.<\/p>\n<p>Muhtar \u00c7elik: \u201cBeklemedi\u011fimizden fazla talep oldu\u201d<\/p>\n<p>Hayata ge\u00e7irilen proje ile \u00fcrettikleri sar\u0131 bu\u011fday\u0131n T\u00fcrkiye\u2019nin bir\u00e7ok b\u00f6lgesinden talep g\u00f6rd\u00fc\u011f\u00fcn\u00fc ifade eden Baland\u0131z Mahalle Muhtar\u0131 Kerim \u00c7elik, \u201cTelefonlar\u0131m durmad\u0131. Ku\u015fadas\u0131\u2019ndan; muhtar bize bu\u011fday g\u00f6nder. Efendim T\u00fcrkiye\u2019nin her yerinden sar\u0131 bu\u011fday\u0131 bize illa ula\u015ft\u0131r\u0131n diye. Yani \u00e7ok ola\u011fan\u00fcst\u00fc, beklemedi\u011fimizden fazla bir talep oldu\u201d dedi.<\/p>\n<p>Y\u00f6renin \u00fcreticilerinden Ali Us\u00e7a, sar\u0131 bu\u011fday unundan yap\u0131lan \u00fcr\u00fcnlerin g\u00fczelli\u011fine vurgu yaparak, \u201cBa\u015fkan\u0131m\u0131za destekleri i\u00e7in te\u015fekk\u00fcr ediyoruz. Allah raz\u0131 olsun. Atalar\u0131m\u0131zdan kalma sar\u0131 bu\u011fday\u0131n \u00f6z\u00fc g\u00fczeldir, bulguru, d\u00f6\u011fmesi, ke\u015fke\u011fi g\u00fczeldir\u201d ifadelerine yer verdi. Konu\u015fmalar\u0131n ard\u0131ndan \u00fcreticiler ve kat\u0131l\u0131mc\u0131larla birlikte atal\u0131k sar\u0131 bu\u011fday\u0131n ikinci hasad\u0131 yap\u0131ld\u0131.<\/p>\n","protected":false},"excerpt":{"rendered":"<p>Mersin B\u00fcy\u00fck\u015fehir Belediyesi\u2019nin ata tohumlar\u0131n\u0131n desteklenmesi kapsam\u0131nda hayata ge\u00e7irdi\u011fi \u201cYerel Bu\u011fday \u00c7e\u015fitlerinin Yerinde Korunmas\u0131 ve Pazarlanmas\u0131 Projesi\u201d kapsam\u0131nda Silifke il\u00e7esinin Baland\u0131z Mahallesi\u2019nde da\u011f\u0131t\u0131m\u0131 yap\u0131lan ata tohumu sar\u0131 bu\u011fday\u0131n ikinci hasad\u0131 &hellip; <a href=\"https:\/\/akdenizolaygazetesi.com\/?p=12904\" class=\"more-link\">Devam\u0131n\u0131 Oku&#8230;<\/a><\/p>\n","protected":false},"author":2,"featured_media":12905,"comment_status":"open","ping_status":"open","sticky":false,"template":"","format":"standard","meta":[],"categories":[3],"tags":[],"_links":{"self":[{"href":"https:\/\/akdenizolaygazetesi.com\/index.php?rest_route=\/wp\/v2\/posts\/12904"}],"collection":[{"href":"https:\/\/akdenizolaygazetesi.com\/index.php?rest_route=\/wp\/v2\/posts"}],"about":[{"href":"https:\/\/akdenizolaygazetesi.com\/index.php?rest_route=\/wp\/v2\/types\/post"}],"author":[{"embeddable":true,"href":"https:\/\/akdenizolaygazetesi.com\/index.php?rest_route=\/wp\/v2\/users\/2"}],"replies":[{"embeddable":true,"href":"https:\/\/akdenizolaygazetesi.com\/index.php?rest_route=%2Fwp%2Fv2%2Fcomments&post=12904"}],"version-history":[{"count":1,"href":"https:\/\/akdenizolaygazetesi.com\/index.php?rest_route=\/wp\/v2\/posts\/12904\/revisions"}],"predecessor-version":[{"id":12906,"href":"https:\/\/akdenizolaygazetesi.com\/index.php?rest_route=\/wp\/v2\/posts\/12904\/revisions\/12906"}],"wp:featuredmedia":[{"embeddable":true,"href":"https:\/\/akdenizolaygazetesi.com\/index.php?rest_route=\/wp\/v2\/media\/12905"}],"wp:attachment":[{"href":"https:\/\/akdenizolaygazetesi.com\/index.php?rest_route=%2Fwp%2Fv2%2Fmedia&parent=12904"}],"wp:term":[{"taxonomy":"category","embeddable":true,"href":"https:\/\/akdenizolaygazetesi.com\/index.php?rest_route=%2Fwp%2Fv2%2Fcategories&post=12904"},{"taxonomy":"post_tag","embeddable":true,"href":"https:\/\/akdenizolaygazetesi.com\/index.php?rest_route=%2Fwp%2Fv2%2Ftags&post=12904"}],"curies":[{"name":"wp","href":"https:\/\/api.w.org\/{rel}","templated":true}]}}