{"id":12907,"date":"2021-06-17T11:36:23","date_gmt":"2021-06-17T08:36:23","guid":{"rendered":"http:\/\/akdenizolaygazetesi.com\/?p=12907"},"modified":"2021-06-17T11:36:23","modified_gmt":"2021-06-17T08:36:23","slug":"tartismasiz-ve-rakipsiz-tukiyenin-yukselen-yildizi-mersin","status":"publish","type":"post","link":"https:\/\/akdenizolaygazetesi.com\/?p=12907","title":{"rendered":"\u201cTARTI\u015eMASIZ VE RAK\u0130PS\u0130Z T\u00dcK\u0130YE\u2019N\u0130N Y\u00dcKSELEN YILDIZI MERS\u0130N\u201d"},"content":{"rendered":"<p>Mersin B\u00fcy\u00fck\u015fehir Belediye Ba\u015fkan\u0131 Vahap Se\u00e7er, Mezitli Muhtarlar Derne\u011fi 1. Ola\u011fan Genel Kurulu\u2019na kat\u0131ld\u0131. Muhtarlar\u0131 \u201cmesai arkada\u015flar\u0131m\u201d s\u00f6zleriyle tan\u0131mlayan Ba\u015fkan Se\u00e7er, muhtarlarla uyum i\u00e7erisinde hareket ederek Mersin\u2019e g\u00fczel hizmetler kazand\u0131rd\u0131klar\u0131n\u0131 ve kazand\u0131rmaya devam edeceklerini s\u00f6yledi.<\/p>\n<p>\u201cBelediye ba\u015fkan\u0131yla muhtar, mutlaka i\u015f birli\u011fi yapmak durumundad\u0131r\u201d<\/p>\n<p>Ba\u015fkan Se\u00e7er, Jandarma Te\u015fkilat\u0131\u2019n\u0131n 182. kurulu\u015f y\u0131l d\u00f6n\u00fcm\u00fc dolay\u0131s\u0131yla Mersin \u0130l Jandarma Komutan\u0131 Albay Necip \u00c7ar\u0131kc\u0131o\u011flu\u2019nu ziyaret etti. Ziyaretin ard\u0131ndan Ba\u015fkan Se\u00e7er, Mezitli Belediye Binas\u0131\u2019nda ger\u00e7ekle\u015ftirilen Mezitli Muhtarlar Derne\u011fi 1. Ola\u011fan Genel Kurulu\u2019na kat\u0131ld\u0131. Daha faydal\u0131, etkin ve sonu\u00e7 al\u0131nabilecek hizmetler yap\u0131labilmesi i\u00e7in muhtarlarla i\u015f birli\u011finin zorunluluk oldu\u011funu dile getiren Se\u00e7er, \u201cBelediye ba\u015fkan\u0131yla muhtar, mutlaka i\u015f birli\u011fi yapmak durumundad\u0131r. \u00d6zellikle yurtta\u015flar\u0131m\u0131zla aram\u0131zdaki k\u00f6pr\u00fc vazifesini g\u00f6r\u00fcr muhtarlar\u0131m\u0131z. Muhtarlar\u0131n bana aktard\u0131\u011f\u0131 bilgi ak\u0131\u015flar\u0131 do\u011fru karar vermeme ya da yanl\u0131\u015ftaysak yanl\u0131\u015ftan d\u00f6nme konusunda \u00e7ok \u00f6nemli bir etki yap\u0131yor. Bunu da a\u00e7\u0131k y\u00fcreklilikle s\u00f6ylemem laz\u0131m. B\u00fcy\u00fck\u015fehir Belediye Ba\u015fkan\u0131 olarak benim hen\u00fcz ilk d\u00f6nemim. Muhtarlarla ili\u015fkilerimizin \u00e7ok iyi oldu\u011funu s\u00f6yleyebilirim. Tabi m\u00fcnferit olaylar olmuyor de\u011fil. 805 mahalle, 805 ayr\u0131 \u015fahsiyet ama 1 il\u00e7e belediye ba\u015fkan\u0131 ya da 1 b\u00fcy\u00fck\u015fehir belediye ba\u015fkan\u0131. Ben k\u00fcm\u00fclatif olarak bakt\u0131\u011f\u0131n\u0131z zaman \u00e7ok daha fazla b\u00fcy\u00fck bir kitle ile i\u015f birli\u011fi yapma durumunday\u0131m. Ya da mesai arkada\u015flar\u0131m\u0131n say\u0131s\u0131 \u00e7ok daha fazla. Bu beni memnun ediyor\u201d dedi.<\/p>\n<p>\u201cTart\u0131\u015fmas\u0131z ve rakipsiz T\u00fcrkiye\u2019nin y\u00fckselen y\u0131ld\u0131z\u0131 Mersin\u201d<\/p>\n<p>Mezitli\u2019nin \u00e7ok g\u00fczel bir merkez il\u00e7e oldu\u011funu ifade eden Ba\u015fkan Se\u00e7er, her ge\u00e7en g\u00fcn n\u00fcfusunun artt\u0131\u011f\u0131n\u0131 ve de\u011ferinin katland\u0131\u011f\u0131n\u0131 s\u00f6yledi. Mezitli\u2019de bitirilen imar planlar\u0131na ili\u015fkin de konu\u015fan Ba\u015fkan Se\u00e7er, \u201c1\/5000\u2019lik, buna ba\u011fl\u0131 olarak 1\/1000\u2019lik naz\u0131m imar plan\u0131 \u00e7al\u0131\u015fmalar\u0131 \u00e7ok de\u011ferli \u00e7al\u0131\u015fmalar. Bunlar b\u00f6yle kolay Meclis\u2019ten ge\u00e7en ya da uygulamaya giren konular de\u011fil. \u00c7\u00fcnk\u00fc kentin gelece\u011fini \u00e7iziyorsunuz orada. Daha sonraki on y\u0131llar sonraki nesiller ya size te\u015fekk\u00fcr edecek ya da intizar edecek\u201d ifadelerini kulland\u0131.<\/p>\n<p>Mersin\u2019in gelecek 15 y\u0131lda T\u00fcrkiye\u2019nin y\u00fckselen y\u0131ld\u0131z\u0131 olaca\u011f\u0131n\u0131 s\u00f6zlerine ekleyen Se\u00e7er, \u201cBu zenginli\u011fin fark\u0131nday\u0131z. Bu fark\u0131ndal\u0131kla belediye ba\u015fkanl\u0131\u011f\u0131 yap\u0131yoruz. Mezitli de \u015fansl\u0131, Mersin de \u015fansl\u0131. Neden? Kalbinde hi\u00e7bir k\u00f6t\u00fcl\u00fck ta\u015f\u0131madan kendisine destek olmu\u015f, kendisine g\u00fcvenmi\u015f, kenti emanet etmi\u015f yurtta\u015flara lay\u0131k olmak i\u00e7in var g\u00fcc\u00fcyle \u00e7al\u0131\u015fan belediye ba\u015fkanlar\u0131 var. Bu \u00f6nemlidir. Bu \u00e7ok de\u011ferli bir durumdur. Sizler de muhtarlar\u0131m\u0131z olarak \u00f6ylesiniz\u201d dedi.<\/p>\n<p>\u201c200 milyon liral\u0131k i\u00e7mesuyu \u015febeke hatt\u0131 \u00e7al\u0131\u015fmas\u0131 ba\u015fl\u0131yor\u201d<\/p>\n<p>Mezitli\u2019de \u00e7ok \u00f6nemli yat\u0131r\u0131mlar yap\u0131ld\u0131\u011f\u0131na da vurgu yapan Ba\u015fkan Se\u00e7er, altyap\u0131 ve \u00fcstyap\u0131 yat\u0131r\u0131mlar\u0131na devam edilece\u011finin alt\u0131n\u0131 \u00e7izdi. Belediyecili\u011fin yaln\u0131zca beton yapmak olmad\u0131\u011f\u0131n\u0131, ayr\u0131m g\u00f6zetmeden insana yat\u0131r\u0131m yapmak gerekti\u011fini belirten Ba\u015fkan Se\u00e7er, Mezitli\u2019de yap\u0131lan baz\u0131 \u00e7al\u0131\u015fmalar\u0131 \u015f\u00f6yle anlatt\u0131:<\/p>\n<p>\u201cY\u0131llard\u0131r Kuyuluk s\u00fcr\u00fcncemede, bir altyap\u0131 beklentisi vard\u0131. B\u00fcy\u00fck bir sorun alan\u0131 olan b\u00f6lgede bitirdik, \u015fimdi 2. etap, 3. etap \u00e7al\u0131\u015fmalar devam ediyor. Yine grup yollar\u0131, muhtelif yerlerde i\u00e7me suyu \u015febekeleri, paket ar\u0131tma ihtiyac\u0131 olan Tepek\u00f6y gibi bir\u00e7ok alanda \u00e7al\u0131\u015fmalar\u0131m\u0131z devam ediyor. \u00c7ok \u00f6nemli bir projeye imza ataca\u011f\u0131z, Allah izin verirse. Her \u015fey tamamland\u0131. Buraya toplant\u0131ya gelmeden Say\u0131n Ba\u015fkan\u2019la da g\u00f6r\u00fc\u015ft\u00fck. Bir yol haritas\u0131 \u00e7izdik. \u00c7\u00fcnk\u00fc Mezitli\u2019de \u00e7ok b\u00fcy\u00fck kaz\u0131 \u00e7al\u0131\u015fmalar\u0131 ba\u015flayacak. Yanl\u0131\u015f duymad\u0131n\u0131z. 200 milyon liral\u0131k i\u00e7mesuyu \u015febeke hatt\u0131 \u00e7al\u0131\u015fmas\u0131 ba\u015fl\u0131yor. \u00c7ok demode i\u00e7mesuyu \u015febeke hatt\u0131 var. Buray\u0131 yap\u0131yorsunuz oras\u0131 patl\u0131yor, oray\u0131 yap\u0131yorsunuz di\u011fer taraf patl\u0131yor. Art\u0131k Mezitli\u2019nin i\u00e7mesuyu \u015febeke hatlar\u0131 yenilenecek. Muazzam bir noktaya gelece\u011fiz. Biz k\u0131rsal mahallelerde de \u00e7al\u0131\u015f\u0131yoruz. \u015eu anda Kuzucubelen\u2019de i\u00e7mesuyu \u00e7al\u0131\u015fmas\u0131 var.\u201d<\/p>\n<p>\u201cAsfaltta bu y\u0131lki projeksiyonumuz 40 bin ton\u201d<\/p>\n<p>Yol yap\u0131m, bak\u0131m ve onar\u0131m \u00e7al\u0131\u015fmalar\u0131n\u0131n projeksiyonundaki rakamsal de\u011ferleri muhtarlarla payla\u015fan Ba\u015fkan Se\u00e7er, \u201cBizim ilk y\u00f6netime geldi\u011fimiz, ilk icraat y\u0131l\u0131 dedi\u011fimiz, 9 ayl\u0131k 2019 y\u0131l\u0131 i\u00e7erisinde yakla\u015f\u0131k kulland\u0131\u011f\u0131m\u0131z s\u0131cak asfalt miktar\u0131 14 bin ton. Geldik aya\u011f\u0131m\u0131z\u0131n tozuyla. 2020\u2019de pandemi ko\u015fullar\u0131, bizim bilin\u00e7li olarak de\u011fi\u015ftirdi\u011fimiz projeksiyonlar, strateji de\u011fi\u015fikli\u011fi 8 bin tona d\u00fc\u015f\u00fcrd\u00fck. Bu y\u0131l \u015fu ana kadar bak\u0131n ilk 5 ayda 17 bin ton s\u0131cak asfalt kulland\u0131k Mersin\u2019de. Bu y\u0131lki projeksiyonumuz 40 bin ton. \u0130lk 5 ayda t\u0131k\u0131r t\u0131k\u0131r da gidiyor. L\u00fctfen Meclis\u2019i izleyin! Biz \u015feffaf belediyecilik yap\u0131yoruz. Oraya yans\u0131t\u0131yoruz. Diyoruz ki, \u2018Bunlar\u0131, bunlar\u0131, bunlar\u0131 yapaca\u011f\u0131z. Bunlar\u0131n ger\u00e7ekle\u015fme oran\u0131 \u015fu ana kadar bu. Fiili bu, parasal bu\u2019. Hi\u00e7bir \u015feyi saklam\u0131yoruz. Yapaca\u011f\u0131m\u0131z\u0131 \u2018yapaca\u011f\u0131z\u2019 diyoruz. Yapamayaca\u011f\u0131m\u0131z\u0131 \u2018yapamayaca\u011f\u0131z\u2019 diyoruz. Mezitli bizim i\u00e7in \u00f6nemli bir il\u00e7emiz. Buraya ne gerekiyorsa il\u00e7e belediyemize el birli\u011fi halinde devam ettirece\u011fiz\u201d dedi.<\/p>\n<p>\u201cBiz T\u00fcrk halk\u0131n\u0131n \u00fczerine dert olmak istemiyoruz, biz derman olmak istiyoruz\u201d<\/p>\n<p>Sahillerin tahsisine de de\u011finen Ba\u015fkan Se\u00e7er, konuyla ilgili \u015funlar\u0131 s\u00f6yledi:<\/p>\n<p>\u201cB\u00fct\u00fcn sorun alanlar\u0131n\u0131n \u00e7\u00f6z\u00fcm noktas\u0131 olarak belediyeler g\u00f6r\u00fcl\u00fcyor. Ama sorun alanlar\u0131 biz de\u011filiz ki. \u2018Tahsis istedim\u2019 diyor, \u2018alamad\u0131m\u2019 diyor. Ben tahsis istiyorum alam\u0131yorum. M\u00fclk Milli Emlak\u2019\u0131n, sorumluluk B\u00fcy\u00fck\u015fehir Belediyesi\u2019nin. Parklarda da ayn\u0131 durum. S\u00fcrekli g\u00fcndeme getiriyoruz. K\u00fclt\u00fcr Park\u2019\u0131n Mezitli b\u00f6l\u00fcm\u00fcnde kalan k\u0131sm\u0131nda sorunumuz yok. Yeni\u015fehir\u2019in kalan k\u0131sm\u0131nda baz\u0131 \u00e7al\u0131\u015fmalar yapaca\u011f\u0131z. \u00d6n tahsis s\u00fcresi bitmi\u015f. Tahsis alam\u0131yoruz, ihaleye \u00e7\u0131kam\u0131yoruz. Bir sorun alan\u0131. Atat\u00fcrk Park\u0131 ayn\u0131 \u015fekilde. Kurumlar aras\u0131nda uyum olmad\u0131\u011f\u0131 zaman tablo bu. \u015eimdi \u2018sen ayr\u0131 partinin belediye ba\u015fkan\u0131s\u0131n, ben ayr\u0131 partinin bakan\u0131y\u0131m ya da b\u00fcrokrat\u0131y\u0131m\u2019 dedi\u011finiz noktada T\u00fcrk halk\u0131na bir faydan\u0131z olmaz. T\u00fcrk halk\u0131n\u0131n derdine \u00e7are olmazs\u0131n\u0131z, onun \u00fczerine dert olursunuz. Biz T\u00fcrk halk\u0131n\u0131n \u00fczerine dert olmak istemiyoruz, biz derman olmak istiyoruz. Onun i\u00e7in uyuma, e\u015f g\u00fcd\u00fcme \u00f6nem veriyoruz. Bug\u00fcne kadar yapt\u0131klar\u0131m\u0131z bundan sonra yapacaklar\u0131m\u0131z\u0131n bir g\u00f6stergesi. En az\u0131ndan ortaya koydu\u011fumuz gayret \u00e7ok \u00f6nemli. Bu gayret \u00e7ok daha fazla yo\u011funlu\u011fa eri\u015fecek.\u201d<\/p>\n<p>\u201cT\u00fcm muhtar arkada\u015flar\u0131m\u0131za ba\u015far\u0131lar diliyorum\u201d<\/p>\n<p>Ba\u015fkan Se\u00e7er, Mersin\u2019e hizmet i\u00e7in i\u015f birli\u011finin \u00f6nemine de\u011finerek, \u201cHepimiz karde\u015fiz. Hangi \u00e7at\u0131 alt\u0131nda olursak olal\u0131m. Bak\u0131n AK Partisi, \u0130Y\u0130 Partisi, Cumhuriyet Halk Partisi ayr\u0131m\u0131 olmadan burada bir araday\u0131z. Hizmetlerde de ayn\u0131 \u015fiarla, ayn\u0131 \u00fclk\u00fcyle hareket etmek durumunday\u0131z. Ben derne\u011fimizin se\u00e7iminin hay\u0131rl\u0131 olmas\u0131n\u0131 istiyorum. Kurucu ba\u015fkan\u0131m\u0131z, \u00d6mer Ba\u015fkan\u0131n nezdinde t\u00fcm muhtar arkada\u015flar\u0131m\u0131za ba\u015far\u0131lar diliyorum. Yeni g\u00f6rev yapacak t\u00fcm arkada\u015flar\u0131ma bizlerle beraber uyum i\u00e7erisinde Mezitli halk\u0131na \u00e7ok g\u00fczel, \u00e7ok \u00f6nemli, \u00e7ok hay\u0131rl\u0131 hizmetler yapmay\u0131 diliyorum\u201d dedi.<\/p>\n<p>Ba\u015fkan Tarhan: \u201cB\u00fct\u00fcn Mezitli\u2019nin sorunlar\u0131n\u0131 kendisi \u00e7ok yak\u0131ndan biliyor\u201d<\/p>\n<p>Mezitli Belediye Ba\u015fkan\u0131 Ne\u015fet Tarhan, Mezitli\u2019ye kazand\u0131r\u0131lan hizmetlerde B\u00fcy\u00fck\u015fehir Belediye Ba\u015fkan\u0131 Vahap Se\u00e7er\u2019in \u00e7ok \u00f6nemli bir pay\u0131 oldu\u011funu belirterek, \u201cB\u00fcy\u00fck\u015fehirlerin, il\u00e7e belediyeleri ile uyumlu \u015fekilde ortak \u00e7al\u0131\u015fmalar y\u00fcr\u00fctmesi. Biz bu anlamda \u00e7ok \u015fansl\u0131y\u0131z tabi ki. \u00c7\u00fcnk\u00fc adayl\u0131k g\u00f6revinden ba\u015flayarak B\u00fcy\u00fck\u015fehir Belediye Ba\u015fkan\u0131m\u0131z Mezitli\u2019nin sorunlar\u0131n\u0131 kendileri do\u011frudan sordu, soru\u015fturdu ve mesaj da verdi. Neler yapaca\u011f\u0131n\u0131 a\u00e7\u0131k ve net \u015fekilde s\u00f6yledi ve ba\u015flad\u0131 da bunlara zaten g\u00f6reve geldikten sonra. B\u00fct\u00fcn Mezitli\u2019nin sorunlar\u0131n\u0131 kendisi \u00e7ok yak\u0131ndan biliyor. Sorunlar\u0131 \u00e7\u00f6zmek i\u00e7in \u00f6nce sorunlar\u0131n do\u011fru tespiti gerekiyor. Bu bir a\u015famad\u0131r. Tespitler yap\u0131ld\u0131. Bilinmeyen hi\u00e7bir \u015fey yok ve ad\u0131m ad\u0131m yap\u0131l\u0131yor tabi ki. Bunlardan birisi de Mezitli\u2019nin imar planlar\u0131yd\u0131. Ben buradan tekrar B\u00fcy\u00fck\u015fehir Belediye Ba\u015fkan\u0131m\u0131za, Meclis \u00fcyelerine te\u015fekk\u00fcr ediyorum. Ger\u00e7ekten 4 il\u00e7e i\u00e7erisinde planlar\u0131 bitirilmi\u015f tek il\u00e7eyiz\u201d diye konu\u015ftu.<\/p>\n","protected":false},"excerpt":{"rendered":"<p>Mersin B\u00fcy\u00fck\u015fehir Belediye Ba\u015fkan\u0131 Vahap Se\u00e7er, Mezitli Muhtarlar Derne\u011fi 1. Ola\u011fan Genel Kurulu\u2019na kat\u0131ld\u0131. Muhtarlar\u0131 \u201cmesai arkada\u015flar\u0131m\u201d s\u00f6zleriyle tan\u0131mlayan Ba\u015fkan Se\u00e7er, muhtarlarla uyum i\u00e7erisinde hareket ederek Mersin\u2019e g\u00fczel hizmetler kazand\u0131rd\u0131klar\u0131n\u0131 &hellip; <a href=\"https:\/\/akdenizolaygazetesi.com\/?p=12907\" class=\"more-link\">Devam\u0131n\u0131 Oku&#8230;<\/a><\/p>\n","protected":false},"author":2,"featured_media":12908,"comment_status":"open","ping_status":"open","sticky":false,"template":"","format":"standard","meta":[],"categories":[3,5],"tags":[],"_links":{"self":[{"href":"https:\/\/akdenizolaygazetesi.com\/index.php?rest_route=\/wp\/v2\/posts\/12907"}],"collection":[{"href":"https:\/\/akdenizolaygazetesi.com\/index.php?rest_route=\/wp\/v2\/posts"}],"about":[{"href":"https:\/\/akdenizolaygazetesi.com\/index.php?rest_route=\/wp\/v2\/types\/post"}],"author":[{"embeddable":true,"href":"https:\/\/akdenizolaygazetesi.com\/index.php?rest_route=\/wp\/v2\/users\/2"}],"replies":[{"embeddable":true,"href":"https:\/\/akdenizolaygazetesi.com\/index.php?rest_route=%2Fwp%2Fv2%2Fcomments&post=12907"}],"version-history":[{"count":1,"href":"https:\/\/akdenizolaygazetesi.com\/index.php?rest_route=\/wp\/v2\/posts\/12907\/revisions"}],"predecessor-version":[{"id":12909,"href":"https:\/\/akdenizolaygazetesi.com\/index.php?rest_route=\/wp\/v2\/posts\/12907\/revisions\/12909"}],"wp:featuredmedia":[{"embeddable":true,"href":"https:\/\/akdenizolaygazetesi.com\/index.php?rest_route=\/wp\/v2\/media\/12908"}],"wp:attachment":[{"href":"https:\/\/akdenizolaygazetesi.com\/index.php?rest_route=%2Fwp%2Fv2%2Fmedia&parent=12907"}],"wp:term":[{"taxonomy":"category","embeddable":true,"href":"https:\/\/akdenizolaygazetesi.com\/index.php?rest_route=%2Fwp%2Fv2%2Fcategories&post=12907"},{"taxonomy":"post_tag","embeddable":true,"href":"https:\/\/akdenizolaygazetesi.com\/index.php?rest_route=%2Fwp%2Fv2%2Ftags&post=12907"}],"curies":[{"name":"wp","href":"https:\/\/api.w.org\/{rel}","templated":true}]}}