{"id":1291,"date":"2020-11-04T18:21:52","date_gmt":"2020-11-04T15:21:52","guid":{"rendered":"http:\/\/mersinekonomipolitikagazetesi.com\/?p=1291"},"modified":"2020-11-04T18:21:52","modified_gmt":"2020-11-04T15:21:52","slug":"mut-emniyet-muduru-guney-hirsizlik-olaylarina-karsi-uyardi","status":"publish","type":"post","link":"https:\/\/akdenizolaygazetesi.com\/?p=1291","title":{"rendered":"Mut Emniyet M\u00fcd\u00fcr\u00fc G\u00fcney, h\u0131rs\u0131zl\u0131k olaylar\u0131na kar\u015f\u0131 uyard\u0131"},"content":{"rendered":"<p>Mersin Mut \u0130l\u00e7e Emniyet M\u00fcd\u00fcr\u00fc Murat G\u00fcney, 2 g\u00fcn s\u00fcrecek Mut Karacao\u011flan Kay\u0131s\u0131 K\u00fclt\u00fcr ve Sanat Festivali dolays\u0131yla h\u0131rs\u0131zl\u0131k olaylar\u0131na kar\u015f\u0131 vatanda\u015flar\u0131 uyard\u0131.<\/p>\n<p>G\u00fcney, yapt\u0131\u011f\u0131 a\u00e7\u0131klamada, emniyet m\u00fcd\u00fcrl\u00fc\u011f\u00fc birimlerinin, festival dolay\u0131s\u0131yla vatanda\u015flar\u0131n huzuru i\u00e7in yo\u011fun bir \u00e7aba sarf ettiklerini belirterek, h\u0131rs\u0131zl\u0131k olaylar\u0131n\u0131n ya\u015fanmamas\u0131 i\u00e7in vatanda\u015flar\u0131n de\u011ferli e\u015fyalar\u0131n\u0131 a\u00e7\u0131kta b\u0131rakmamas\u0131, balkon ve pencerelerin kilitlerinin sa\u011flam, \u00f6zellikle birinci kat dairesi olanlar\u0131n pencerelerinin demir \u015febekeli olmas\u0131na \u00f6zen g\u00f6stermeleri gerekti\u011fini s\u00f6yledi. G\u00fcney, &#8220;Festival dolays\u0131yla il\u00e7ede b\u00fcy\u00fck bir kalabal\u0131k yo\u011funlu\u011fu ya\u015fanacak. Vatanda\u015flar\u0131m\u0131z geceleri yatarken pencere ve kap\u0131lar\u0131n\u0131 kilitlemeyi unutabiliyorlar bu da h\u0131rs\u0131zlara davetiye \u00e7\u0131kar\u0131yor. Evde olmad\u0131klar\u0131 zaman \u0131\u015f\u0131klar\u0131 a\u00e7\u0131k b\u0131rakmalar\u0131 cayd\u0131r\u0131c\u0131 olur. Pencereniz y\u00fcksekte ise yak\u0131n\u0131nda t\u0131rman\u0131labilecek e\u015fya b\u0131rakmay\u0131n\u0131z. H\u0131rs\u0131zlar genellikle tedbirsiz yakalanan vatanda\u015flar\u0131 tercih ediyor. K\u0131sa s\u00fcreli\u011fine de olsa evden ayr\u0131lman\u0131z durumunda kap\u0131 ve pencerelerin kapat\u0131lmas\u0131 gerekiyor&#8221; dedi.<br \/>\nG\u00fcney, vatanda\u015flar\u0131n bir olayla kar\u015f\u0131la\u015ft\u0131klar\u0131nda duruma m\u00fcdahale etmek yerine, \u00f6ncelikle can g\u00fcvenliklerini sa\u011flad\u0131ktan sonra zaman kaybetmeden 155 polisi aramalar\u0131 gerekti\u011fini s\u00f6yledi.<\/p>\n","protected":false},"excerpt":{"rendered":"<p>Mersin Mut \u0130l\u00e7e Emniyet M\u00fcd\u00fcr\u00fc Murat G\u00fcney, 2 g\u00fcn s\u00fcrecek Mut Karacao\u011flan Kay\u0131s\u0131 K\u00fclt\u00fcr ve Sanat Festivali dolays\u0131yla h\u0131rs\u0131zl\u0131k olaylar\u0131na kar\u015f\u0131 vatanda\u015flar\u0131 uyard\u0131. G\u00fcney, yapt\u0131\u011f\u0131 a\u00e7\u0131klamada, emniyet m\u00fcd\u00fcrl\u00fc\u011f\u00fc birimlerinin, festival &hellip; <a href=\"https:\/\/akdenizolaygazetesi.com\/?p=1291\" class=\"more-link\">Devam\u0131n\u0131 Oku&#8230;<\/a><\/p>\n","protected":false},"author":1,"featured_media":0,"comment_status":"open","ping_status":"open","sticky":false,"template":"","format":"standard","meta":[],"categories":[],"tags":[],"_links":{"self":[{"href":"https:\/\/akdenizolaygazetesi.com\/index.php?rest_route=\/wp\/v2\/posts\/1291"}],"collection":[{"href":"https:\/\/akdenizolaygazetesi.com\/index.php?rest_route=\/wp\/v2\/posts"}],"about":[{"href":"https:\/\/akdenizolaygazetesi.com\/index.php?rest_route=\/wp\/v2\/types\/post"}],"author":[{"embeddable":true,"href":"https:\/\/akdenizolaygazetesi.com\/index.php?rest_route=\/wp\/v2\/users\/1"}],"replies":[{"embeddable":true,"href":"https:\/\/akdenizolaygazetesi.com\/index.php?rest_route=%2Fwp%2Fv2%2Fcomments&post=1291"}],"version-history":[{"count":0,"href":"https:\/\/akdenizolaygazetesi.com\/index.php?rest_route=\/wp\/v2\/posts\/1291\/revisions"}],"wp:attachment":[{"href":"https:\/\/akdenizolaygazetesi.com\/index.php?rest_route=%2Fwp%2Fv2%2Fmedia&parent=1291"}],"wp:term":[{"taxonomy":"category","embeddable":true,"href":"https:\/\/akdenizolaygazetesi.com\/index.php?rest_route=%2Fwp%2Fv2%2Fcategories&post=1291"},{"taxonomy":"post_tag","embeddable":true,"href":"https:\/\/akdenizolaygazetesi.com\/index.php?rest_route=%2Fwp%2Fv2%2Ftags&post=1291"}],"curies":[{"name":"wp","href":"https:\/\/api.w.org\/{rel}","templated":true}]}}