{"id":1292,"date":"2020-11-04T18:21:52","date_gmt":"2020-11-04T15:21:52","guid":{"rendered":"http:\/\/mersinekonomipolitikagazetesi.com\/?p=1292"},"modified":"2020-11-04T18:21:52","modified_gmt":"2020-11-04T15:21:52","slug":"silifkede-4-koprunun-celik-kirisleri-konuldu","status":"publish","type":"post","link":"https:\/\/akdenizolaygazetesi.com\/?p=1292","title":{"rendered":"Silifke\u2019de 4. k\u00f6pr\u00fcn\u00fcn \u00e7elik kiri\u015fleri konuldu"},"content":{"rendered":"<p>Silifke Belediyesi taraf\u0131ndan G\u00f6ksu Nehri \u00fczerine yap\u0131lacak olan 4. k\u00f6pr\u00fc \u00e7al\u0131\u015fmas\u0131 h\u0131zla s\u00fcr\u00fcyor.<\/p>\n<p>Daha \u00f6nce betondan ayak d\u00f6k\u00fcmleri yap\u0131lan k\u00f6pr\u00fcn\u00fcn, kulelerini birbirine ba\u011flayan \u00e7elik kiri\u015fler vin\u00e7ler taraf\u0131ndan ba\u015far\u0131l\u0131 bir \u015fekilde konulmaya ba\u015fland\u0131. Vin\u00e7lerle kald\u0131r\u0131lan b\u00fcy\u00fck \u00e7elik tabliyeler, y\u00fcksek kapasiteli pompalar kullan\u0131larak b\u00fcy\u00fck bir operasyonla, yakla\u015f\u0131k 100 metre kald\u0131r\u0131larak kuleler aras\u0131na yerle\u015ftirildi. K\u00f6pr\u00fc \u00e7al\u0131\u015fmalar\u0131n\u0131 Ta\u015f k\u00f6pr\u00fc \u00fczerinden ge\u00e7en \u00e7ok say\u0131da vatanda\u015f ve \u00e7evre esnaflar\u0131 da merakla izleyerek, telefonlarla foto\u011fraflar \u00e7ekip kay\u0131t alt\u0131na ald\u0131lar.<br \/>\nK\u00f6pr\u00fcn\u00fcn hizmete a\u00e7\u0131lmas\u0131 ile beraber trafi\u011fin b\u00fcy\u00fck \u00f6l\u00e7\u00fcde rahatlayaca\u011f\u0131n\u0131 a\u00e7\u0131klayan vatanda\u015flardan Halil Sezgin, \u201c\u0130l\u00e7emiz her ge\u00e7en g\u00fcn b\u00fcy\u00fcyor. Yeni yap\u0131lan 4. k\u00f6pr\u00fcye ba\u011flant\u0131 yollarla birlikte yeni yollar\u0131nda ilave olarak a\u00e7\u0131lmas\u0131 gerekiyor. Bu k\u00f6pr\u00fc mahallemize hem de kent merkezinin ula\u015f\u0131m\u0131na b\u00fcy\u00fck fayda sa\u011flayacakt\u0131r. G\u00f6ksu Nehri\u2019ne bir k\u00f6pr\u00fc de\u011fil daha fazla k\u00f6pr\u00fclerin yap\u0131lmas\u0131n\u0131 istiyoruz. Bunun yan\u0131nda yayalar\u0131n kullanabilece\u011fi asma k\u00f6pr\u00fclerde istiyoruz. Ba\u015fkan\u0131m\u0131z in\u015fallah k\u0131sa zamanda bunlar\u0131 da yapar. Hizmetlerinden dolay\u0131 kendisine te\u015fekk\u00fcr ediyoruz\u201d dedi.<\/p>\n","protected":false},"excerpt":{"rendered":"<p>Silifke Belediyesi taraf\u0131ndan G\u00f6ksu Nehri \u00fczerine yap\u0131lacak olan 4. k\u00f6pr\u00fc \u00e7al\u0131\u015fmas\u0131 h\u0131zla s\u00fcr\u00fcyor. Daha \u00f6nce betondan ayak d\u00f6k\u00fcmleri yap\u0131lan k\u00f6pr\u00fcn\u00fcn, kulelerini birbirine ba\u011flayan \u00e7elik kiri\u015fler vin\u00e7ler taraf\u0131ndan ba\u015far\u0131l\u0131 bir \u015fekilde &hellip; <a href=\"https:\/\/akdenizolaygazetesi.com\/?p=1292\" class=\"more-link\">Devam\u0131n\u0131 Oku&#8230;<\/a><\/p>\n","protected":false},"author":1,"featured_media":0,"comment_status":"open","ping_status":"open","sticky":false,"template":"","format":"standard","meta":[],"categories":[],"tags":[],"_links":{"self":[{"href":"https:\/\/akdenizolaygazetesi.com\/index.php?rest_route=\/wp\/v2\/posts\/1292"}],"collection":[{"href":"https:\/\/akdenizolaygazetesi.com\/index.php?rest_route=\/wp\/v2\/posts"}],"about":[{"href":"https:\/\/akdenizolaygazetesi.com\/index.php?rest_route=\/wp\/v2\/types\/post"}],"author":[{"embeddable":true,"href":"https:\/\/akdenizolaygazetesi.com\/index.php?rest_route=\/wp\/v2\/users\/1"}],"replies":[{"embeddable":true,"href":"https:\/\/akdenizolaygazetesi.com\/index.php?rest_route=%2Fwp%2Fv2%2Fcomments&post=1292"}],"version-history":[{"count":0,"href":"https:\/\/akdenizolaygazetesi.com\/index.php?rest_route=\/wp\/v2\/posts\/1292\/revisions"}],"wp:attachment":[{"href":"https:\/\/akdenizolaygazetesi.com\/index.php?rest_route=%2Fwp%2Fv2%2Fmedia&parent=1292"}],"wp:term":[{"taxonomy":"category","embeddable":true,"href":"https:\/\/akdenizolaygazetesi.com\/index.php?rest_route=%2Fwp%2Fv2%2Fcategories&post=1292"},{"taxonomy":"post_tag","embeddable":true,"href":"https:\/\/akdenizolaygazetesi.com\/index.php?rest_route=%2Fwp%2Fv2%2Ftags&post=1292"}],"curies":[{"name":"wp","href":"https:\/\/api.w.org\/{rel}","templated":true}]}}