{"id":12921,"date":"2021-06-18T12:46:09","date_gmt":"2021-06-18T09:46:09","guid":{"rendered":"http:\/\/akdenizolaygazetesi.com\/?p=12921"},"modified":"2021-06-18T12:46:09","modified_gmt":"2021-06-18T09:46:09","slug":"baskan-secer-multecilerin-hayatina-dokunacak-sosyal-uyum-merkezini-inceledi","status":"publish","type":"post","link":"https:\/\/akdenizolaygazetesi.com\/?p=12921","title":{"rendered":"BA\u015eKAN SE\u00c7ER, M\u00dcLTEC\u0130LER\u0130N HAYATINA DOKUNACAK SOSYAL UYUM MERKEZ\u0130\u2019N\u0130 \u0130NCELED\u0130"},"content":{"rendered":"<p>Mersin B\u00fcy\u00fck\u015fehir Belediyesi, Ba\u015fkan\u0131 Vahap Se\u00e7er \u00f6nc\u00fcl\u00fc\u011f\u00fcnde Mersin\u2019de dezavantajl\u0131 gruplar aras\u0131nda yer alan s\u0131\u011f\u0131nmac\u0131lar\u0131n sosyal hayata uyumunun sa\u011flanmas\u0131 amac\u0131yla \u00f6nemli projelere imza att\u0131. Bu alanda son olarak Mersin B\u00fcy\u00fck\u015fehir Belediyesi ve Birle\u015fmi\u015f Milletler Uluslararas\u0131 G\u00f6\u00e7 \u00d6rg\u00fct\u00fc (IOM) i\u015f birli\u011fi ile Sosyal Uyum Merkezi a\u00e7\u0131ld\u0131. Ba\u015fkan Se\u00e7er, Sosyal Uyum Merkezi\u2019ni ziyaret ederek, y\u00fcr\u00fct\u00fclecek \u00e7al\u0131\u015fmalar hakk\u0131nda bilgiler ald\u0131.<\/p>\n<p>Ba\u015fkan Se\u00e7er\u2019e ziyaretinde, Mersin B\u00fcy\u00fck\u015fehir Belediyesi Genel Sekter Vekili Olcay Tok, B\u00fcy\u00fck\u015fehir Belediyesi Sosyal Hizmetler Daire Ba\u015fkan\u0131 Serdal G\u00f6kayaz e\u015flik etti. Uluslararas\u0131 G\u00f6\u00e7 \u00d6rg\u00fct\u00fc Saha Koordinat\u00f6r\u00fc Hazal Takmaz\u2019\u0131n da kat\u0131ld\u0131\u011f\u0131 ziyarette Ba\u015fkan Se\u00e7er, yapt\u0131\u011f\u0131 incelemelerin ard\u0131ndan 20 Haziran D\u00fcnya M\u00fclteciler G\u00fcn\u00fc\u2019ne de\u011finerek, m\u00fcltecilerin sorunlar\u0131n\u0131n \u00e7\u00f6z\u00fcm\u00fc do\u011frultusunda y\u00fcr\u00fctt\u00fckleri \u00e7al\u0131\u015fmalara ili\u015fkin a\u00e7\u0131klamalar yapt\u0131.<\/p>\n<p>Merkezde alan\u0131nda uzman kadrolar yer al\u0131yor<\/p>\n<p>10 Haziran 2021 itibariyle resmi olarak faaliyetlerine ba\u015flayan Sosyal Uyum Merkezi\u2019nde alan\u0131nda uzman kadrolar e\u015fli\u011finde \u00e7ok y\u00f6nl\u00fc \u00e7al\u0131\u015fmalar y\u00fcr\u00fct\u00fclecek. Merkezde, hassas gruplara y\u00f6nelik psiko-sosyal destek, terc\u00fcmanl\u0131k deste\u011fi, i\u015f, meslek, e\u011fitim ve sa\u011fl\u0131k dan\u0131\u015fmanl\u0131\u011f\u0131 gibi bir\u00e7ok hizmet verilecek. Ayr\u0131ca g\u00f6\u00e7menleri, m\u00fcltecileri ve ev sahibi topluluklar\u0131 hedefleyen k\u00fclt\u00fcrleraras\u0131 \u00f6\u011frenme, \u00e7at\u0131\u015fma y\u00f6netimi, bar\u0131\u015f e\u011fitimi konular\u0131nda da e\u011fitimler verilmesi ama\u00e7lan\u0131yor.<\/p>\n<p>\u201c\u0130nsanlar\u0131 birbirleriyle kayna\u015ft\u0131ran, ileti\u015fim sa\u011flayan en \u00f6nemli ara\u00e7 dil\u201d<\/p>\n<p>Ba\u015fkan Se\u00e7er, Uluslararas\u0131 G\u00f6\u00e7 \u00d6rg\u00fct\u00fc ile yapt\u0131klar\u0131 \u00e7al\u0131\u015fmalar\u0131n de\u011ferli oldu\u011funu, \u00e7al\u0131\u015fmada ortakla\u015ft\u0131klar\u0131 alan\u0131n kentin en b\u00fcy\u00fck sorun alanlar\u0131n\u0131n ba\u015f\u0131nda geldi\u011fini belirterek, Mersin\u2019de ge\u00e7ici koruma stat\u00fcs\u00fcnde \u00e7ok say\u0131da insan bulundu\u011funu s\u00f6yledi. Se\u00e7er, \u201cBu b\u00f6lgenin ko\u015fullar\u0131, \u015fartlar\u0131, gelenekleri, g\u00f6renekleri, k\u00fclt\u00fcrleri bunun yan\u0131nda onlar\u0131n ya\u015fam\u0131n\u0131 idame ettirecekleri ba\u015fta i\u015f alanlar\u0131 konusunda \u00f6nemli zorluklar ya\u015f\u0131yorlar. Bir uyumsuzluk ya\u015fad\u0131klar\u0131 \u00e7ok net\u201d dedi. M\u00fcltecilerin s\u00fcrekli bir merkez taraf\u0131ndan desteklenerek ya\u015famlar\u0131n\u0131 belli bir s\u00fcre idame ettirebileceklerine de\u011finen Se\u00e7er, \u201cOnun d\u0131\u015f\u0131nda bir \u015fey yapamazs\u0131n\u0131z. K\u0131s\u0131tl\u0131d\u0131r o s\u00fcre. Bu insanlar\u0131n bir \u015fekilde hayata uyumlar\u0131 gerekiyor. \u0130\u015f sahibi olmalar\u0131 gerekiyor. \u00c7ok klasik bir tabir olacak ama bal\u0131k vermekten \u00e7ok, bal\u0131k tutmalar\u0131n\u0131 sa\u011flamak; buradaki temel ama\u00e7 o. Bir de insan nihayetinde bir sosyal varl\u0131k. \u0130li\u015fkilere ihtiyac\u0131 var. \u0130nsanlar\u0131 birbirleriyle kayna\u015ft\u0131ran, ileti\u015fim sa\u011flayan en \u00f6nemli ara\u00e7 dil. Ya\u015fad\u0131klar\u0131 yeni ya\u015fam alanlar\u0131ndaki insanlarla ileti\u015fim kurmalar\u0131 i\u00e7in ortak bir dil kullanmalar\u0131 gerekiyor. Ortak bir d\u00fc\u015f\u00fcnce i\u00e7erisinde olmalar\u0131 gerekiyor\u201d diye konu\u015ftu.<\/p>\n<p>\u201cYerli n\u00fcfusumuzun yakla\u015f\u0131k olarak y\u00fczde 25\u2019i s\u0131\u011f\u0131nmac\u0131\u201d<\/p>\n<p>Ba\u015fkan Se\u00e7er, s\u0131\u011f\u0131nmac\u0131lar i\u00e7in yard\u0131m almalar\u0131 gereken konular oldu\u011funu, bu konular\u0131n ba\u015f\u0131nda hukuk, sa\u011fl\u0131k, e\u011fitim gibi \u00f6nemli alanlar\u0131n geldi\u011fini ifade ederek, \u201cBunlara m\u00fcdahale edebilecek kanallar a\u00e7mak laz\u0131m. Ben burada ya\u015fayan bir misafirim, s\u0131\u011f\u0131nmac\u0131y\u0131m, m\u00fclteciyim ne isem bir sorun ya\u015f\u0131yorum; hemen gidip ula\u015fabilece\u011fim bir mekanizma olmas\u0131 laz\u0131m. B\u00fct\u00fcn bunlar d\u00fc\u015f\u00fcn\u00fclerek bu \u00e7al\u0131\u015fmalar yap\u0131l\u0131yor\u201d dedi. Mersin\u2019de s\u0131\u011f\u0131nmac\u0131 n\u00fcfusunun \u00e7ok y\u00fcksek oldu\u011funu da vurgulayan Ba\u015fkan Se\u00e7er, kay\u0131tlar\u0131n do\u011fru rakamlar\u0131 ifade etmedi\u011fini, bir de kay\u0131t d\u0131\u015f\u0131 olanlar\u0131n bulundu\u011funu s\u00f6yledi. Se\u00e7er, \u015f\u00f6yle devam etti:<\/p>\n<p>\u201cFiili olarak farkl\u0131, ka\u011f\u0131t \u00fczerinde farkl\u0131. Yerli n\u00fcfusumuzun yakla\u015f\u0131k olarak y\u00fczde 25\u2019i s\u0131\u011f\u0131nmac\u0131. Bu \u00e7ok \u00f6nemli, dikkatle incelenmesi gereken bir rakam. D\u00fc\u015f\u00fcn\u00fcn T\u00fcrkiye\u2019nin mevcut bar\u0131nd\u0131rd\u0131\u011f\u0131 s\u0131\u011f\u0131nmac\u0131 say\u0131s\u0131n\u0131n kay\u0131t \u00fczerindeki y\u00fczde 5\u2019i ama resmi, gayriresm\u00ee de bakarsan T\u00fcrkiye\u2019de 4 milyon g\u00f6r\u00fcn\u00fcyor ama orda da bir 8 milyonu buldu\u011funu d\u00fc\u015f\u00fcn\u00fcyorum. Burada kay\u0131t alt\u0131ndaki 230 bin ki\u015fi en son rakamlar. Ama bakt\u0131\u011f\u0131n\u0131z zaman 200 bin \u00fczerine koyman\u0131z gerekiyor. Toplam k\u00fcm\u00fclatif T\u00fcrkiye\u2019deki s\u0131\u011f\u0131nmac\u0131lar i\u00e7erisinde sadece Mersin\u2019dekilerin oran\u0131 toplam s\u0131\u011f\u0131nmac\u0131 say\u0131s\u0131n\u0131n nereden baksan\u0131z y\u00fczde 5\u2019ine denk geliyor. Bu \u00e7ok \u00f6nemli bir rakam. Bunun nedeni belli. 2011\u2019deki Suriye\u2019den gelen olumsuzluklarla ba\u015flad\u0131. \u00c7\u00fcnk\u00fc bizdeki s\u0131\u011f\u0131nmac\u0131lar\u0131n yo\u011funlu\u011fu Suriyelilerden olu\u015fuyor. Daha sonra Afganlar, Afrikal\u0131lar ya da di\u011fer \u00fclkelerden buraya s\u0131\u011f\u0131nan insanlar var.\u201d<\/p>\n<p>\u201cBizim y\u00f6netim anlay\u0131\u015f\u0131m\u0131z samimi ortakla\u015fma\u201d<\/p>\n<p>Yerel y\u00f6netimlerin ya\u015fanan sorunlar\u0131n sorumlular\u0131n\u0131 aramak yerine \u00e7\u00f6z\u00fcm \u00fcretmesi ve \u00e7\u00f6z\u00fcm ortaklar\u0131 bulmas\u0131 gerekti\u011fini vurgulayan Se\u00e7er, \u201cBen her platformda bu \u00e7a\u011fr\u0131m\u0131 yap\u0131yorum. Bir kez daha yenilemek istiyorum. Bunu siz de l\u00fctfen uluslararas\u0131 platformlarda yapt\u0131\u011f\u0131n\u0131z toplant\u0131larda dile getirin. Yerel y\u00f6netimlerin bir ba\u015f\u0131na bunu \u00e7\u00f6zme \u015fans\u0131 yok. Biz bu sorunlar\u0131n \u00fcstesinden gelmek i\u00e7in, Mersin B\u00fcy\u00fck\u015fehir Belediyesi ad\u0131na konu\u015fuyorum, bizim y\u00f6netim anlay\u0131\u015f\u0131m\u0131z samimi ortakla\u015fma. \u2018El yordam\u0131yla yap\u0131yorlar\u2019 desinler diye de\u011fil, ger\u00e7ekten bir sonu\u00e7 alma amac\u0131nday\u0131z. Ben bir Belediye Ba\u015fkan\u0131 olarak \u00e7ok net g\u00f6r\u00fcyorum ki s\u0131\u011f\u0131nmac\u0131lar\u0131n ne kadar kalaca\u011f\u0131n\u0131 \u015fu an kestirmem m\u00fcmk\u00fcn de\u011fil ama ortada da d\u00fcnya ger\u00e7ekleri var. D\u00fcnya tarihine bakt\u0131\u011f\u0131n\u0131z zaman bu konulardaki deneyimlerden yararlanabilirsiniz ki kar\u015f\u0131n\u0131za \u00e7\u0131kacak tablo sizi \u00fcrk\u00fctebilir. Bunun \u00f6nlemini almak laz\u0131m. Biz \u015fu anda bunun \u00f6nlemini al\u0131yoruz. Bu ger\u00e7ek ile y\u00fczle\u015fece\u011fiz; eninde sonunda biz bunu yok saysak da; \u2018ama, fakat, lakin\u2019 desek de biz bu ger\u00e7ekle kar\u015f\u0131la\u015faca\u011f\u0131z. Bu ger\u00e7ekle kar\u015f\u0131la\u015fmadan \u00f6nce biz tedbir almak istiyoruz. Uluslararas\u0131 G\u00f6\u00e7 \u00d6rg\u00fct\u00fc ile \u00e7al\u0131\u015fmalar\u0131m\u0131z de\u011ferli. Yine farkl\u0131 ajanslarda farkl\u0131 alanlarda i\u015f birliklerimiz oluyor. Hem kentin yap\u0131sal sorunlar\u0131n\u0131 \u00e7\u00f6zmede hem de buradaki uyum merkezinde oldu\u011fu gibi\u201d dedi.<\/p>\n<p>Uluslararas\u0131 G\u00f6\u00e7 \u00d6rg\u00fct\u00fc Saha Koordinat\u00f6r\u00fc Hazal Takmaz, Ba\u015fkan Se\u00e7er\u2019e m\u00fclteci \u00e7ocuklar\u0131n etkilendikleri hikayeleri anlatt\u0131\u011f\u0131 \u00f6zel bir hediye sundu.<\/p>\n","protected":false},"excerpt":{"rendered":"<p>Mersin B\u00fcy\u00fck\u015fehir Belediyesi, Ba\u015fkan\u0131 Vahap Se\u00e7er \u00f6nc\u00fcl\u00fc\u011f\u00fcnde Mersin\u2019de dezavantajl\u0131 gruplar aras\u0131nda yer alan s\u0131\u011f\u0131nmac\u0131lar\u0131n sosyal hayata uyumunun sa\u011flanmas\u0131 amac\u0131yla \u00f6nemli projelere imza att\u0131. Bu alanda son olarak Mersin B\u00fcy\u00fck\u015fehir Belediyesi &hellip; <a href=\"https:\/\/akdenizolaygazetesi.com\/?p=12921\" class=\"more-link\">Devam\u0131n\u0131 Oku&#8230;<\/a><\/p>\n","protected":false},"author":2,"featured_media":12923,"comment_status":"open","ping_status":"open","sticky":false,"template":"","format":"standard","meta":[],"categories":[34,3,5],"tags":[],"_links":{"self":[{"href":"https:\/\/akdenizolaygazetesi.com\/index.php?rest_route=\/wp\/v2\/posts\/12921"}],"collection":[{"href":"https:\/\/akdenizolaygazetesi.com\/index.php?rest_route=\/wp\/v2\/posts"}],"about":[{"href":"https:\/\/akdenizolaygazetesi.com\/index.php?rest_route=\/wp\/v2\/types\/post"}],"author":[{"embeddable":true,"href":"https:\/\/akdenizolaygazetesi.com\/index.php?rest_route=\/wp\/v2\/users\/2"}],"replies":[{"embeddable":true,"href":"https:\/\/akdenizolaygazetesi.com\/index.php?rest_route=%2Fwp%2Fv2%2Fcomments&post=12921"}],"version-history":[{"count":1,"href":"https:\/\/akdenizolaygazetesi.com\/index.php?rest_route=\/wp\/v2\/posts\/12921\/revisions"}],"predecessor-version":[{"id":12924,"href":"https:\/\/akdenizolaygazetesi.com\/index.php?rest_route=\/wp\/v2\/posts\/12921\/revisions\/12924"}],"wp:featuredmedia":[{"embeddable":true,"href":"https:\/\/akdenizolaygazetesi.com\/index.php?rest_route=\/wp\/v2\/media\/12923"}],"wp:attachment":[{"href":"https:\/\/akdenizolaygazetesi.com\/index.php?rest_route=%2Fwp%2Fv2%2Fmedia&parent=12921"}],"wp:term":[{"taxonomy":"category","embeddable":true,"href":"https:\/\/akdenizolaygazetesi.com\/index.php?rest_route=%2Fwp%2Fv2%2Fcategories&post=12921"},{"taxonomy":"post_tag","embeddable":true,"href":"https:\/\/akdenizolaygazetesi.com\/index.php?rest_route=%2Fwp%2Fv2%2Ftags&post=12921"}],"curies":[{"name":"wp","href":"https:\/\/api.w.org\/{rel}","templated":true}]}}