{"id":1293,"date":"2020-11-04T18:21:52","date_gmt":"2020-11-04T15:21:52","guid":{"rendered":"http:\/\/mersinekonomipolitikagazetesi.com\/?p=1293"},"modified":"2020-11-04T18:21:52","modified_gmt":"2020-11-04T15:21:52","slug":"baskan-turgut-festival-stantlarini-gezdi","status":"publish","type":"post","link":"https:\/\/akdenizolaygazetesi.com\/?p=1293","title":{"rendered":"Ba\u015fkan Turgut, festival stantlar\u0131n\u0131 gezdi"},"content":{"rendered":"<p>Silifke Belediye Ba\u015fkan\u0131 Dr. Mustafa Turgut, 44. Uluslararas\u0131 Silifke M\u00fczik ve Folklor Festivali kapsam\u0131nda a\u00e7\u0131lan stantlar\u0131 gezerek, vatanda\u015flarla sohbet etti.<\/p>\n<p>E\u015fi Pakize Turgut ile stantlar\u0131 tek tek ziyaret eden Ba\u015fkan Turgut, sucuk ekmek yaparak vatanda\u015flara ikram etti. Daha sonra \u00e7anak- \u00e7\u00f6mlek tezgah\u0131n\u0131 ziyaret eden Turgut, vatanda\u015flar\u0131n iste\u011fini k\u0131rmayarak, kollar\u0131 s\u0131vay\u0131p \u00e7\u00f6mlek yapmay\u0131 denedi. \u0130lk kez \u00e7anak-\u00e7\u00f6mlek yapt\u0131\u011f\u0131n\u0131 s\u00f6yleyen Turgut, \u00e7ok zevkli bir i\u015f oldu\u011funu ifade ederek, \u00e7anak \u00e7\u00f6mlek\u00e7ili\u011fe sadece bir meslek olarak de\u011fil, ayn\u0131 zamanda bir sanat olarak bak\u0131lmas\u0131 gerekti\u011fini kaydetti.<br \/>\nHer ak\u015fam\u0131 hareketli ve canl\u0131 ge\u00e7en M\u00fczik ve Folklor Festivalinin \u00f6zellikle y\u00f6resel stantlar\u0131 ilgi g\u00f6rd\u00fc. Bir taraftan y\u00f6resel yemek ikramlar\u0131 yap\u0131l\u0131rken di\u011fer taraftan da y\u00f6reye \u00f6zel yeti\u015ftirilen tar\u0131m \u00fcr\u00fcnlerinden \u00e7ilek, domates, erik, nar, \u00fcz\u00fcm gibi meyveler sat\u0131\u015fa sunuldu.<br \/>\nYemek ve sanat stantlar\u0131nda bir birinden farkl\u0131 y\u00f6resel de\u011ferler g\u00f6r\u00fcc\u00fcye \u00e7\u0131kt\u0131. Festivalin her y\u0131l daha da g\u00fczel oldu\u011funu s\u00f6yleyen ziyaret\u00e7iler, Ba\u015fkan Mustafa Turgut\u2019a, huzurlu ve e\u011flenceli bir ortam sundu\u011fu i\u00e7in te\u015fekk\u00fcr ettiler.<br \/>\n44. Uluslararas\u0131 M\u00fczik ve Folklor Festivalini her y\u0131l daha co\u015fkulu ve daha dolu dolu kutlad\u0131klar\u0131n\u0131 ifade eden Belediye Ba\u015fkan\u0131 Dr. Mustafa Turgut, \u201cSilifke\u2019de bizim k\u00fclt\u00fcr\u00fcm\u00fcz \u00e7ok farkl\u0131 bir yap\u0131ya sahip. Sevgi, sayg\u0131 ve ho\u015fg\u00f6r\u00fc kenti olmam\u0131zla birlikte yard\u0131mla\u015fmay\u0131 seven, tarihini, co\u011frafyas\u0131n\u0131 ve geleneklerini her \u015feye ra\u011fmen ya\u015fatan bir toplumuz. 44 y\u0131ld\u0131r kutlamakta oldu\u011fumuz festivallerimizde bunun en iyi \u00f6rneklerinden biridir. Her y\u0131l festival zaman\u0131 stantlar kurulur, y\u00f6resel yemekler, y\u00f6resel k\u0131yafetler, konserler, e\u011flenceler ve akl\u0131m\u0131za gelebilecek kutlamalar ya\u015fan\u0131r. Buda \u015funu g\u00f6steriyor ki Silifke\u2019de herkes birbirini seviyor, birbirine sayg\u0131l\u0131 ve sevgili. \u0130\u015fte bize d\u00fc\u015fen g\u00f6rev k\u00fclt\u00fcrel de\u011ferlerimizi korumak, ya\u015fatmak ve gelecek nesillerimize aktarmakt\u0131r. Bundan dolay\u0131 buna benzer festivallerimizi yayg\u0131nla\u015ft\u0131rmal\u0131 ve gen\u00e7lerimizi k\u00fclt\u00fcr\u00fcm\u00fczle tan\u0131\u015ft\u0131r\u0131p bulu\u015fturmal\u0131y\u0131z. Diliyorum ki bu birlikteli\u011fimiz, bu g\u00fczel tablo sonsuza kadar devam etsin\u201d dedi.<\/p>\n","protected":false},"excerpt":{"rendered":"<p>Silifke Belediye Ba\u015fkan\u0131 Dr. Mustafa Turgut, 44. Uluslararas\u0131 Silifke M\u00fczik ve Folklor Festivali kapsam\u0131nda a\u00e7\u0131lan stantlar\u0131 gezerek, vatanda\u015flarla sohbet etti. E\u015fi Pakize Turgut ile stantlar\u0131 tek tek ziyaret eden Ba\u015fkan &hellip; <a href=\"https:\/\/akdenizolaygazetesi.com\/?p=1293\" class=\"more-link\">Devam\u0131n\u0131 Oku&#8230;<\/a><\/p>\n","protected":false},"author":1,"featured_media":0,"comment_status":"open","ping_status":"open","sticky":false,"template":"","format":"standard","meta":[],"categories":[],"tags":[],"_links":{"self":[{"href":"https:\/\/akdenizolaygazetesi.com\/index.php?rest_route=\/wp\/v2\/posts\/1293"}],"collection":[{"href":"https:\/\/akdenizolaygazetesi.com\/index.php?rest_route=\/wp\/v2\/posts"}],"about":[{"href":"https:\/\/akdenizolaygazetesi.com\/index.php?rest_route=\/wp\/v2\/types\/post"}],"author":[{"embeddable":true,"href":"https:\/\/akdenizolaygazetesi.com\/index.php?rest_route=\/wp\/v2\/users\/1"}],"replies":[{"embeddable":true,"href":"https:\/\/akdenizolaygazetesi.com\/index.php?rest_route=%2Fwp%2Fv2%2Fcomments&post=1293"}],"version-history":[{"count":0,"href":"https:\/\/akdenizolaygazetesi.com\/index.php?rest_route=\/wp\/v2\/posts\/1293\/revisions"}],"wp:attachment":[{"href":"https:\/\/akdenizolaygazetesi.com\/index.php?rest_route=%2Fwp%2Fv2%2Fmedia&parent=1293"}],"wp:term":[{"taxonomy":"category","embeddable":true,"href":"https:\/\/akdenizolaygazetesi.com\/index.php?rest_route=%2Fwp%2Fv2%2Fcategories&post=1293"},{"taxonomy":"post_tag","embeddable":true,"href":"https:\/\/akdenizolaygazetesi.com\/index.php?rest_route=%2Fwp%2Fv2%2Ftags&post=1293"}],"curies":[{"name":"wp","href":"https:\/\/api.w.org\/{rel}","templated":true}]}}