{"id":12933,"date":"2021-06-19T20:48:27","date_gmt":"2021-06-19T17:48:27","guid":{"rendered":"http:\/\/akdenizolaygazetesi.com\/?p=12933"},"modified":"2021-06-19T20:48:27","modified_gmt":"2021-06-19T17:48:27","slug":"pandeminin-psikolojik-etkileri-anlatildi","status":"publish","type":"post","link":"https:\/\/akdenizolaygazetesi.com\/?p=12933","title":{"rendered":"PANDEM\u0130N\u0130N PS\u0130KOLOJ\u0130K ETK\u0130LER\u0130 ANLATILDI"},"content":{"rendered":"<p>Mersin B\u00fcy\u00fck\u015fehir Belediyesi Sosyal Hizmetler Dairesi b\u00fcnyesinde hizmet veren Yeni\u015fehir il\u00e7esindeki Emekli Evi\u2019nin \u00fcyelerine bir seminer verildi. Seminerde konu\u015fan B\u00fcy\u00fck\u015fehir Belediyesi\u2019nde g\u00f6revli psikolojik dan\u0131\u015fman ve rehber \u00f6\u011fretmen G\u00f6khan Poyraz, salg\u0131n\u0131n yaratt\u0131\u011f\u0131 psikolojik etkileri anlatt\u0131.<\/p>\n<p>\u201cPandemi s\u00fcreci t\u00fcm d\u00fcnyay\u0131 etkisi alt\u0131na ald\u0131\u201d<\/p>\n<p>B\u00fcy\u00fck\u015fehir\u2019in Anamur Kurs Merkezi\u2019nde g\u00f6rev yapan Poyraz, Emekli Evi\u2019nin ziyaret\u00e7ilerine verdi\u011fi seminerde, \u201cBildi\u011finiz \u00fczere bir seneyi a\u015fk\u0131n bir s\u00fcredir pandemi s\u00fcreci t\u00fcm d\u00fcnyay\u0131 etkisi alt\u0131na ald\u0131. \u00dclkemizde de g\u00fcnden g\u00fcne vaka say\u0131lar\u0131nda ve durumlarda art\u0131\u015flar meydana geldi. Salg\u0131n\u0131n bizleri en \u00e7ok psikolojik olarak etkiledi\u011fini varsayarsak travmatik etkileri mevcut oluyor\u201d dedi.<\/p>\n<p>\u201cDaha \u00f6nce deneyimlemedi\u011fimiz i\u00e7in travmatik bir etkisi olu\u015ftu\u201d<\/p>\n<p>Salg\u0131n\u0131n travmatik etkilerine de\u011finen Poyraz, \u201cBu durumu daha \u00f6nce deneyimlemedi\u011fimiz i\u00e7in bizlerin \u00fczerinde travmatik bir etkisi olu\u015ftu. Olanlar \u00fczerinde kontrol g\u00fcc\u00fcm\u00fczde eksiklikler meydana geldi\u011fini hissettik. \u00c7\u00fcnk\u00fc bu normal bir hastal\u0131k gibi bir grip hastal\u0131\u011f\u0131 ya da hafif bir \u00fc\u015f\u00fctme gibi de\u011fil. Biz o t\u00fcr hastal\u0131klarda ilac\u0131m\u0131z\u0131 al\u0131p istirahate ge\u00e7iyorduk. Ge\u00e7ece\u011fini \u00fcmit ediyorduk\u201d diye konu\u015ftu.<\/p>\n<p>\u201cBizler art\u0131k kontrol g\u00fcc\u00fcm\u00fcz\u00fc kaybetti\u011fimize inand\u0131k\u201d<\/p>\n<p>Di\u011fer hastal\u0131klara k\u0131yasla salg\u0131n\u0131n insanlar \u00fczerinde daha farkl\u0131 bir s\u00fcre\u00e7 ya\u015fatt\u0131\u011f\u0131 belirten Poyraz, \u201cBizler art\u0131k kontrol g\u00fcc\u00fcm\u00fcz\u00fc kaybetti\u011fimize inand\u0131k. Ama asl\u0131nda bu g\u00fcc\u00fc kaybetmedik. Yeni bir olu\u015fuma ayak uydurmaya ba\u015flad\u0131k ama her insanda oldu\u011fu gibi yeti\u015fkininden gencine bir kontrol kayb\u0131 insanlar\u0131n bazen demoralize olmas\u0131na sebep olabiliyor. Ya\u015fam ve d\u00fcnyayla ilgili beklentilerimizde sars\u0131lmalar meydana geldi\u201d ifadelerine yer verdi.<\/p>\n<p>\u201c\u00c7\u0131kartt\u0131\u011f\u0131m\u0131z sonu\u00e7, olay\u0131n ki\u015finin kendinde bitti\u011fidir\u201d<\/p>\n<p>Gen\u00e7lerin salg\u0131n s\u00fcrecinde gelecekle ilgili kayg\u0131lar\u0131n\u0131n artt\u0131\u011f\u0131na, yeti\u015fkinlerin ise \u2018huzurlu emeklilik\u2019 beklentisinin sekteye u\u011frad\u0131\u011f\u0131na dikkat \u00e7eken Poyraz, \u201cT\u00fcm bunlardan \u00e7\u0131kartt\u0131\u011f\u0131m\u0131z sonu\u00e7, olay\u0131n ki\u015finin kendinde bitti\u011fidir. \u00c7\u00fcnk\u00fc biz kendimizi ne kadar yeterli hissedersek ve ne kadar ayaklar\u0131m\u0131z\u0131n \u00fcst\u00fcnde durabildi\u011fimizi hissedersek o kadar bu travmatik etkilerden uzakla\u015fabiliriz. Bu her ya\u015f grubu i\u00e7in ge\u00e7erlidir. Kendini bilen her bireyin her olay\u0131n \u00fcstesinden gelebilece\u011fine inan\u0131yorum\u201d dedi.<\/p>\n<p>Bu elektronik posta ve onunla iletilen b\u00fct\u00fcn dosyalar sadece g\u00f6ndericisi taraf\u0131ndan almas\u0131 ama\u00e7lanan yetkili ger\u00e7ek ya da t\u00fczel ki\u015finin kullan\u0131m\u0131 i\u00e7indir. E\u011fer s\u00f6z konusu yetkili al\u0131c\u0131 de\u011filseniz bu elektronik postan\u0131n i\u00e7eri\u011fini a\u00e7\u0131klaman\u0131z, kopyalaman\u0131z, y\u00f6nlendirmeniz ve kullanman\u0131z kesinlikle yasakt\u0131r ve bu elektronik postay\u0131 derhal silmeniz gerekmektedir. T.C. MERS\u0130N B\u00dcY\u00dcK\u015eEH\u0130R BELED\u0130YES\u0130 bu mesaj\u0131n i\u00e7erdi\u011fi bilgilerin do\u011frulu\u011fu veya eksiksiz oldu\u011fu konusunda herhangi bir garanti vermemektedir. Bu nedenle bu bilgilerin ne \u015fekilde olursa olsun i\u00e7eri\u011finden, iletilmesinden, al\u0131nmas\u0131ndan ve saklanmas\u0131ndan sorumlu de\u011fildir. Bu mesajdaki g\u00f6r\u00fc\u015fler yaln\u0131zca g\u00f6nderen ki\u015fiye aittir ve T.C. MERS\u0130N B\u00dcY\u00dcK\u015eEH\u0130R BELED\u0130YES\u0130 g\u00f6r\u00fc\u015flerini yans\u0131tmayabilir. Bu e-posta bilinen b\u00fct\u00fcn bilgisayar vir\u00fcslerine kar\u015f\u0131 taranm\u0131\u015ft\u0131r. Ancak g\u00f6nderici, bu e-posta mesaj\u0131n\u0131n vir\u00fcs koruma sistemleri ile kontrol ediliyor olsa bile vir\u00fcs i\u00e7ermedi\u011fini garanti etmez ve meydana gelebilecek zararlardan do\u011facak hi\u00e7bir sorumlulu\u011fu kabul etmez.<\/p>\n","protected":false},"excerpt":{"rendered":"<p>Mersin B\u00fcy\u00fck\u015fehir Belediyesi Sosyal Hizmetler Dairesi b\u00fcnyesinde hizmet veren Yeni\u015fehir il\u00e7esindeki Emekli Evi\u2019nin \u00fcyelerine bir seminer verildi. Seminerde konu\u015fan B\u00fcy\u00fck\u015fehir Belediyesi\u2019nde g\u00f6revli psikolojik dan\u0131\u015fman ve rehber \u00f6\u011fretmen G\u00f6khan Poyraz, salg\u0131n\u0131n &hellip; <a href=\"https:\/\/akdenizolaygazetesi.com\/?p=12933\" class=\"more-link\">Devam\u0131n\u0131 Oku&#8230;<\/a><\/p>\n","protected":false},"author":2,"featured_media":12934,"comment_status":"open","ping_status":"open","sticky":false,"template":"","format":"standard","meta":[],"categories":[2,3],"tags":[],"_links":{"self":[{"href":"https:\/\/akdenizolaygazetesi.com\/index.php?rest_route=\/wp\/v2\/posts\/12933"}],"collection":[{"href":"https:\/\/akdenizolaygazetesi.com\/index.php?rest_route=\/wp\/v2\/posts"}],"about":[{"href":"https:\/\/akdenizolaygazetesi.com\/index.php?rest_route=\/wp\/v2\/types\/post"}],"author":[{"embeddable":true,"href":"https:\/\/akdenizolaygazetesi.com\/index.php?rest_route=\/wp\/v2\/users\/2"}],"replies":[{"embeddable":true,"href":"https:\/\/akdenizolaygazetesi.com\/index.php?rest_route=%2Fwp%2Fv2%2Fcomments&post=12933"}],"version-history":[{"count":1,"href":"https:\/\/akdenizolaygazetesi.com\/index.php?rest_route=\/wp\/v2\/posts\/12933\/revisions"}],"predecessor-version":[{"id":12935,"href":"https:\/\/akdenizolaygazetesi.com\/index.php?rest_route=\/wp\/v2\/posts\/12933\/revisions\/12935"}],"wp:featuredmedia":[{"embeddable":true,"href":"https:\/\/akdenizolaygazetesi.com\/index.php?rest_route=\/wp\/v2\/media\/12934"}],"wp:attachment":[{"href":"https:\/\/akdenizolaygazetesi.com\/index.php?rest_route=%2Fwp%2Fv2%2Fmedia&parent=12933"}],"wp:term":[{"taxonomy":"category","embeddable":true,"href":"https:\/\/akdenizolaygazetesi.com\/index.php?rest_route=%2Fwp%2Fv2%2Fcategories&post=12933"},{"taxonomy":"post_tag","embeddable":true,"href":"https:\/\/akdenizolaygazetesi.com\/index.php?rest_route=%2Fwp%2Fv2%2Ftags&post=12933"}],"curies":[{"name":"wp","href":"https:\/\/api.w.org\/{rel}","templated":true}]}}