{"id":12936,"date":"2021-06-19T20:50:13","date_gmt":"2021-06-19T17:50:13","guid":{"rendered":"http:\/\/akdenizolaygazetesi.com\/?p=12936"},"modified":"2021-06-19T20:50:13","modified_gmt":"2021-06-19T17:50:13","slug":"manevi-evlat-buyuksehirden-yas-almis-babalara-vefa","status":"publish","type":"post","link":"https:\/\/akdenizolaygazetesi.com\/?p=12936","title":{"rendered":"MANEV\u0130 EVLAT B\u00dcY\u00dcK\u015eEH\u0130R\u2019DEN YA\u015e ALMI\u015e BABALARA VEFA"},"content":{"rendered":"<p>Mersin B\u00fcy\u00fck\u015fehir Belediyesi, \u2018Babalar G\u00fcn\u00fc\u2019 dolay\u0131s\u0131yla ya\u015f alm\u0131\u015f babalar\u0131 unutmad\u0131. B\u00fcy\u00fck\u015fehir Belediyesi Engelliler ve Sa\u011fl\u0131k Hizmetleri Dairesi Ya\u015fl\u0131 Destek Birimi ekipleri Kemal \u015eahin Ya\u015fl\u0131 Bak\u0131m ve Rehabilitasyon Merkezi\u2019ni ziyaret ederek, ya\u015f alm\u0131\u015f babalara \u00e7i\u00e7ek ve temizlik kitlerinden olu\u015fan \u00f6zel bir paket da\u011f\u0131tt\u0131. Sosyal Hizmetler Dairesi ekipleri ise merkezde yer alan Emekli Evi\u2019nde ya\u015f alm\u0131\u015f babalara m\u00fczik ziyafeti ya\u015fatt\u0131.<\/p>\n<p>\u201cT\u00fcm g\u00fcc\u00fcm\u00fczle ya\u015fl\u0131 vatanda\u015flar\u0131m\u0131za hizmet vermeye \u00e7al\u0131\u015f\u0131yoruz\u201d<\/p>\n<p>Engelliler ve Sa\u011fl\u0131k Hizmetleri Dairesi\u2019ne ba\u011fl\u0131 Ya\u015fl\u0131 Destek Birimi\u2019nde g\u00f6revli Cihan Tanr\u0131verdi, \u201cBa\u015fkan\u0131m\u0131z Vahap Se\u00e7er\u2019in selamlar\u0131n\u0131 ve hediyelerini ya\u015fl\u0131lar\u0131m\u0131za getirdik. Ya\u015fl\u0131 Destek Birimi olarak 13 il\u00e7ede ula\u015fmad\u0131\u011f\u0131m\u0131z, hizmet vermedi\u011fimiz, dokunmad\u0131\u011f\u0131m\u0131z ya\u015fl\u0131 kalmamas\u0131n\u0131 ama\u00e7l\u0131yoruz. Evde bak\u0131m, evde temizlik, evde fizyoterapi, ambulans ve doktor hizmetleri, evde tadilat hizmetleri sa\u011fl\u0131yoruz. 65 ya\u015f ve \u00fcst\u00fc evde yaln\u0131z ya\u015fayan veya bak\u0131ma muhta\u00e7 ve \u00f6zel gereksinimli vatanda\u015flar\u0131m\u0131za ula\u015fmaya \u00e7al\u0131\u015f\u0131yoruz\u201d dedi.<\/p>\n<p>Bu hizmet \u00fczerinde \u00f6zenle durduklar\u0131n\u0131 belirten Tanr\u0131verdi, \u201cMahalle mahalle muhtarlarla g\u00f6r\u00fc\u015f\u00fcp m\u00fcmk\u00fcn oldu\u011funca t\u00fcm g\u00fcc\u00fcm\u00fczle ya\u015f alm\u0131\u015f vatanda\u015flar\u0131m\u0131za hizmet vermeye \u00e7al\u0131\u015f\u0131yoruz\u201d diye konu\u015ftu.<\/p>\n<p>\u201cB\u00fcy\u00fck\u015fehir Belediye Ba\u015fkan\u0131 taraf\u0131ndan y\u00e2d edilmek harika \u00f6tesi bir \u015fey\u201d<\/p>\n<p>Kemal \u015eahin Bak\u0131m Yurdu\u2019nda yap\u0131lan etkinli\u011fi yorumlayan ya\u015f alm\u0131\u015f vatanda\u015flardan Ali Da\u011ftekin,  \u201cB\u00f6yle bir etkinlik yaparak bizleri hat\u0131rlaman\u0131z \u00e7ok g\u00fczel bir ayr\u0131cal\u0131k. B\u00f6yle bir g\u00fcnde hat\u0131rlanmak, an\u0131lmak hele B\u00fcy\u00fck\u015fehir Belediye Ba\u015fkan\u0131 taraf\u0131ndan y\u00e2d edilmek harika \u00f6tesi bir \u015fey\u201d diye konu\u015ftu.<\/p>\n<p>Ba\u015fkan Se\u00e7er ba\u015fta olmak \u00fczere etkinlikte eme\u011fi ge\u00e7en herkese te\u015fekk\u00fcrlerini ileten Da\u011ftekin, Mersin\u2019de ya\u015f alm\u0131\u015flara y\u00f6nelik hizmetin olmas\u0131n\u0131n \u00f6nemli oldu\u011funu vurgulayarak, \u201cYollarda ya\u015fl\u0131 bak\u0131m ara\u00e7lar\u0131n\u0131n g\u00f6r\u00fclmesi, b\u00fct\u00fcn il\u00e7elerde ya\u015fl\u0131 insanlara ula\u015f\u0131lmas\u0131 ger\u00e7ekten \u00e7ok takdire \u015fayan bir davran\u0131\u015f. Bu m\u00fccadele ve bu yo\u011funlukta Ba\u015fkan\u0131m\u0131z\u2019\u0131n yolu a\u00e7\u0131k olsun. Bu \u015fekilde \u00e7al\u0131\u015f\u0131ld\u0131\u011f\u0131 s\u00fcrece ba\u015far\u0131lar kendili\u011finden gelecek. \u0130nsanlar \u00e7ok memnun. Evlerinde yaln\u0131z insanlara ula\u015fmak, onlar\u0131n ihtiya\u00e7lar\u0131n\u0131 kar\u015f\u0131lamak, Anneler G\u00fcn\u00fc, Babalar G\u00fcn\u00fc ve di\u011fer g\u00fcnlerde hat\u0131rlanmak bunlar \u00e7ok g\u00fczel \u015feyler. Ba\u015far\u0131lar\u0131n\u0131n devam\u0131n\u0131 diliyorum\u201d dedi.<\/p>\n<p>\u201cHepimiz duyguland\u0131k\u201d<\/p>\n<p>D\u00fczenlenen etkinlikten keyif ald\u0131\u011f\u0131n\u0131 belirten Servet Bulutlu, \u201cHepimiz duyguland\u0131k. Vahap Bey\u2019i severim,  uzaktan da olsa g\u00f6rd\u00fcm. Kar\u015f\u0131la\u015ft\u0131k bir ka\u00e7 defa, etkinliklerini g\u00f6r\u00fcyorum, duyuyorum, mutluyuz\u201d ifadelerini kulland\u0131.<\/p>\n<p>Emekli Evi\u2019nde d\u00fczenlenen etkinlik ya\u015f alm\u0131\u015flar\u0131 mutlu etti<\/p>\n<p>Mersin Emekli Evi\u2019nde Babalar G\u00fcn\u00fc i\u00e7in B\u00fcy\u00fck\u015fehir Belediyesi Sosyal Hizmetler Dairesi ekipleri taraf\u0131ndan dolu dolu bir etkinlik d\u00fczenlendi. Kat\u0131l\u0131m\u0131n fazla oldu\u011fu etkinlikte m\u00fczik dinletisi ile g\u00fczel vakit ge\u00e7iren ya\u015f alm\u0131\u015f babalar, okuduklar\u0131 \u015fiirlerle hep beraber duygusal anlar ya\u015fad\u0131. Etkinli\u011fe, B\u00fcy\u00fck\u015fehir Belediyesi Bas\u0131n Yay\u0131n ve Halkla \u0130li\u015fkiler Dairesi Ba\u015fkan\u0131 Bedrettin G\u00fcnde\u015f de kat\u0131ld\u0131.<\/p>\n<p>\u201cSizin ayd\u0131nl\u0131k y\u00fczlerinizi g\u00f6rd\u00fc\u011f\u00fcm\u00fcz zaman mutlu oluyoruz\u201d<\/p>\n<p>Etkinli\u011fe kat\u0131ld\u0131\u011f\u0131 i\u00e7in duydu\u011fu mutlulu\u011fu ifade eden G\u00fcnde\u015f, \u201cSizin ayd\u0131nl\u0131k y\u00fczlerinizi g\u00f6rd\u00fc\u011f\u00fcm\u00fcz zaman ger\u00e7ekten mutlu oluyoruz. Biz B\u00fcy\u00fck\u015fehir Belediyesi olarak bu t\u00fcr etkinlikleri Yenice\u2019den Anamur\u2019a kadar s\u00fcrd\u00fcrmek istiyoruz. Ya\u015fam\u0131n bu kadar a\u011f\u0131r ve \u00f6teki y\u00fcz\u00fcne ra\u011fmen sizi huzurlu ve mutlu olarak g\u00f6rmek istiyoruz. Hep birlikte umar\u0131m bunu ya\u015far\u0131z. \u0130yi ki vars\u0131n\u0131z\u201d dedi.<\/p>\n<p>\u201cBabalar G\u00fcn\u00fc ile birle\u015ftirerek ruhlar\u0131n\u0131 m\u00fczikle besleyelim istedik\u201d<\/p>\n<p>B\u00fcy\u00fck\u015fehir Belediyesi Sosyal Hizmetler Dairesi\u2019ne ba\u011fl\u0131 Emekli Evi sorumlusu G\u00fcl\u015fah Arslan, \u201cT\u00fcm d\u00fcnyay\u0131 olumsuz bir \u015fekilde etkisi alt\u0131na alan pandemiden en \u00e7ok emeklilerimiz etkilendi. Karantinadan, soka\u011fa \u00e7\u0131kma yasaklar\u0131ndan en fazla etkilenen grup bu grup oldu. Normalla\u015fmeyle birlikte biz de onlar\u0131n ruhsal, mental yorgunluklar\u0131na bir nebze olsun dokunabilmek istedik. Bunun i\u00e7in de \u00f6n\u00fcm\u00fczde yine \u00e7ok g\u00fczel bir g\u00fcn; Babalar G\u00fcn\u00fc vard\u0131. Babalar G\u00fcn\u00fc ile birle\u015ftirerek ruhlar\u0131n\u0131 m\u00fczikle besleyelim istedik. Vahap Ba\u015fkan\u0131m\u0131z\u2019\u0131n da onlara sevgi ve selamlar\u0131yla birlikte hediyeler sunmak i\u00e7in burada topland\u0131k\u201d dedi.<\/p>\n<p>B\u00fcy\u00fck\u015fehir Belediyesi Sosyal Hizmetler Dairesi \u015eube M\u00fcd\u00fcr\u00fc \u00d6zlem Ya\u015far, pandemiyle birlikte ya\u015f alm\u0131\u015f vatanda\u015flar\u0131n evlerinde kapal\u0131 kalmalar\u0131ndan dolay\u0131 \u00e7ok bunald\u0131klar\u0131n\u0131 belirterek, \u201cOnlar\u0131 bu bunal\u0131mdan kurtarmak, evlerinden \u00e7\u0131karmak amac\u0131yla b\u00f6yle bir etkinlik planlad\u0131k. Canl\u0131 m\u00fczik e\u015fli\u011finde onlarla bir araya geldik, mutluyuz\u201d diye konu\u015ftu.<\/p>\n<p>Etkinli\u011fin sonunda ya\u015f alm\u0131\u015f babalara hediyeler verildi.<\/p>\n<p>Bu elektronik posta ve onunla iletilen b\u00fct\u00fcn dosyalar sadece g\u00f6ndericisi taraf\u0131ndan almas\u0131 ama\u00e7lanan yetkili ger\u00e7ek ya da t\u00fczel ki\u015finin kullan\u0131m\u0131 i\u00e7indir. E\u011fer s\u00f6z konusu yetkili al\u0131c\u0131 de\u011filseniz bu elektronik postan\u0131n i\u00e7eri\u011fini a\u00e7\u0131klaman\u0131z, kopyalaman\u0131z, y\u00f6nlendirmeniz ve kullanman\u0131z kesinlikle yasakt\u0131r ve bu elektronik postay\u0131 derhal silmeniz gerekmektedir. T.C. MERS\u0130N B\u00dcY\u00dcK\u015eEH\u0130R BELED\u0130YES\u0130 bu mesaj\u0131n i\u00e7erdi\u011fi bilgilerin do\u011frulu\u011fu veya eksiksiz oldu\u011fu konusunda herhangi bir garanti vermemektedir. Bu nedenle bu bilgilerin ne \u015fekilde olursa olsun i\u00e7eri\u011finden, iletilmesinden, al\u0131nmas\u0131ndan ve saklanmas\u0131ndan sorumlu de\u011fildir. Bu mesajdaki g\u00f6r\u00fc\u015fler yaln\u0131zca g\u00f6nderen ki\u015fiye aittir ve T.C. MERS\u0130N B\u00dcY\u00dcK\u015eEH\u0130R BELED\u0130YES\u0130 g\u00f6r\u00fc\u015flerini yans\u0131tmayabilir. Bu e-posta bilinen b\u00fct\u00fcn bilgisayar vir\u00fcslerine kar\u015f\u0131 taranm\u0131\u015ft\u0131r. Ancak g\u00f6nderici, bu e-posta mesaj\u0131n\u0131n vir\u00fcs koruma sistemleri ile kontrol ediliyor olsa bile vir\u00fcs i\u00e7ermedi\u011fini garanti etmez ve meydana gelebilecek zararlardan do\u011facak hi\u00e7bir sorumlulu\u011fu kabul etmez.<\/p>\n","protected":false},"excerpt":{"rendered":"<p>Mersin B\u00fcy\u00fck\u015fehir Belediyesi, \u2018Babalar G\u00fcn\u00fc\u2019 dolay\u0131s\u0131yla ya\u015f alm\u0131\u015f babalar\u0131 unutmad\u0131. B\u00fcy\u00fck\u015fehir Belediyesi Engelliler ve Sa\u011fl\u0131k Hizmetleri Dairesi Ya\u015fl\u0131 Destek Birimi ekipleri Kemal \u015eahin Ya\u015fl\u0131 Bak\u0131m ve Rehabilitasyon Merkezi\u2019ni ziyaret ederek, &hellip; <a href=\"https:\/\/akdenizolaygazetesi.com\/?p=12936\" class=\"more-link\">Devam\u0131n\u0131 Oku&#8230;<\/a><\/p>\n","protected":false},"author":2,"featured_media":12937,"comment_status":"open","ping_status":"open","sticky":false,"template":"","format":"standard","meta":[],"categories":[34,3,5],"tags":[],"_links":{"self":[{"href":"https:\/\/akdenizolaygazetesi.com\/index.php?rest_route=\/wp\/v2\/posts\/12936"}],"collection":[{"href":"https:\/\/akdenizolaygazetesi.com\/index.php?rest_route=\/wp\/v2\/posts"}],"about":[{"href":"https:\/\/akdenizolaygazetesi.com\/index.php?rest_route=\/wp\/v2\/types\/post"}],"author":[{"embeddable":true,"href":"https:\/\/akdenizolaygazetesi.com\/index.php?rest_route=\/wp\/v2\/users\/2"}],"replies":[{"embeddable":true,"href":"https:\/\/akdenizolaygazetesi.com\/index.php?rest_route=%2Fwp%2Fv2%2Fcomments&post=12936"}],"version-history":[{"count":1,"href":"https:\/\/akdenizolaygazetesi.com\/index.php?rest_route=\/wp\/v2\/posts\/12936\/revisions"}],"predecessor-version":[{"id":12938,"href":"https:\/\/akdenizolaygazetesi.com\/index.php?rest_route=\/wp\/v2\/posts\/12936\/revisions\/12938"}],"wp:featuredmedia":[{"embeddable":true,"href":"https:\/\/akdenizolaygazetesi.com\/index.php?rest_route=\/wp\/v2\/media\/12937"}],"wp:attachment":[{"href":"https:\/\/akdenizolaygazetesi.com\/index.php?rest_route=%2Fwp%2Fv2%2Fmedia&parent=12936"}],"wp:term":[{"taxonomy":"category","embeddable":true,"href":"https:\/\/akdenizolaygazetesi.com\/index.php?rest_route=%2Fwp%2Fv2%2Fcategories&post=12936"},{"taxonomy":"post_tag","embeddable":true,"href":"https:\/\/akdenizolaygazetesi.com\/index.php?rest_route=%2Fwp%2Fv2%2Ftags&post=12936"}],"curies":[{"name":"wp","href":"https:\/\/api.w.org\/{rel}","templated":true}]}}