{"id":12939,"date":"2021-06-19T20:52:02","date_gmt":"2021-06-19T17:52:02","guid":{"rendered":"http:\/\/akdenizolaygazetesi.com\/?p=12939"},"modified":"2021-06-19T20:52:02","modified_gmt":"2021-06-19T17:52:02","slug":"baskan-yilmaz-babalar-gununu-kutladi","status":"publish","type":"post","link":"https:\/\/akdenizolaygazetesi.com\/?p=12939","title":{"rendered":"BA\u015eKAN YILMAZ, BABALAR G\u00dcN\u00dc\u2019N\u00dc KUTLADI"},"content":{"rendered":"\n<p>Toroslar Belediye Ba\u015fkan\u0131 Ats\u0131z Af\u015f\u0131n Y\u0131lmaz, Babalar G\u00fcn\u00fc dolay\u0131s\u0131yla bir mesaj yay\u0131nlad\u0131.<\/p>\n<p>Aile b\u00fcy\u00fcklerinin her zaman k\u0131ymetinin bilinmesinin \u00f6nemine de\u011finen Ba\u015fkan Y\u0131lmaz; \u201cBizler sadece bu anlaml\u0131 g\u00fcnlerde de\u011fil her zaman onlar\u0131n g\u00f6n\u00fcllerini ho\u015f tutmal\u0131, sevgi ve sayg\u0131m\u0131z\u0131 en g\u00fczel \u015fekilde g\u00f6stermeliyiz\u201d dedi.<\/p>\n<p>Babalar\u0131n, kar\u015f\u0131l\u0131ks\u0131z sevginin bir simgesi oldu\u011funu belirten Ba\u015fkan Y\u0131lmaz; \u201cG\u00fc\u00e7l\u00fc aile yap\u0131m\u0131z\u0131n de\u011fi\u015fmez iki temel dire\u011finden birisi olan ve evlatlar\u0131 i\u00e7in hayat\u0131n her an\u0131nda, her fedakarl\u0131kta bulunan babalar\u0131m\u0131z, tecr\u00fcbeleriyle de bizlere bir rehber olmaktad\u0131r. Babalar\u0131m\u0131z\u0131n hayatta en b\u00fcy\u00fck iste\u011fi ise \u00e7ocuklar\u0131na iyi bir gelecek sunmak, onlar\u0131n vatana, millete faydal\u0131 olduklar\u0131n\u0131 g\u00f6rebilmektir. Bizlerden deste\u011fini eksik etmeyen babalar\u0131m\u0131z\u0131n k\u0131ymetini bir g\u00fcn de\u011fil her g\u00fcn bilmeliyiz. Bu duygu ve d\u00fc\u015f\u00fcncelerle vatan\u0131m\u0131z i\u00e7in canlar\u0131n\u0131 feda eden kahraman \u015fehitlerimizin k\u0131ymetli babalar\u0131 ba\u015fta olmak \u00fczere t\u00fcm babalar\u0131m\u0131z\u0131n Babalar G\u00fcn\u00fc\u2019n\u00fc kutluyor, aileleriyle birlikte sa\u011fl\u0131kl\u0131, huzurlu ve mutlu bir hayat diliyorum. Hakk\u0131n rahmetine kavu\u015fan babalar\u0131m\u0131z\u0131 da rahmetle, minnetle an\u0131yorum\u201d \u015feklinde konu\u015ftu.<\/p>\n","protected":false},"excerpt":{"rendered":"<p>Toroslar Belediye Ba\u015fkan\u0131 Ats\u0131z Af\u015f\u0131n Y\u0131lmaz, Babalar G\u00fcn\u00fc dolay\u0131s\u0131yla bir mesaj yay\u0131nlad\u0131. Aile b\u00fcy\u00fcklerinin her zaman k\u0131ymetinin bilinmesinin \u00f6nemine de\u011finen Ba\u015fkan Y\u0131lmaz; \u201cBizler sadece bu anlaml\u0131 g\u00fcnlerde de\u011fil her zaman &hellip; <a href=\"https:\/\/akdenizolaygazetesi.com\/?p=12939\" class=\"more-link\">Devam\u0131n\u0131 Oku&#8230;<\/a><\/p>\n","protected":false},"author":2,"featured_media":12940,"comment_status":"open","ping_status":"open","sticky":false,"template":"","format":"standard","meta":[],"categories":[34,3],"tags":[],"_links":{"self":[{"href":"https:\/\/akdenizolaygazetesi.com\/index.php?rest_route=\/wp\/v2\/posts\/12939"}],"collection":[{"href":"https:\/\/akdenizolaygazetesi.com\/index.php?rest_route=\/wp\/v2\/posts"}],"about":[{"href":"https:\/\/akdenizolaygazetesi.com\/index.php?rest_route=\/wp\/v2\/types\/post"}],"author":[{"embeddable":true,"href":"https:\/\/akdenizolaygazetesi.com\/index.php?rest_route=\/wp\/v2\/users\/2"}],"replies":[{"embeddable":true,"href":"https:\/\/akdenizolaygazetesi.com\/index.php?rest_route=%2Fwp%2Fv2%2Fcomments&post=12939"}],"version-history":[{"count":1,"href":"https:\/\/akdenizolaygazetesi.com\/index.php?rest_route=\/wp\/v2\/posts\/12939\/revisions"}],"predecessor-version":[{"id":12941,"href":"https:\/\/akdenizolaygazetesi.com\/index.php?rest_route=\/wp\/v2\/posts\/12939\/revisions\/12941"}],"wp:featuredmedia":[{"embeddable":true,"href":"https:\/\/akdenizolaygazetesi.com\/index.php?rest_route=\/wp\/v2\/media\/12940"}],"wp:attachment":[{"href":"https:\/\/akdenizolaygazetesi.com\/index.php?rest_route=%2Fwp%2Fv2%2Fmedia&parent=12939"}],"wp:term":[{"taxonomy":"category","embeddable":true,"href":"https:\/\/akdenizolaygazetesi.com\/index.php?rest_route=%2Fwp%2Fv2%2Fcategories&post=12939"},{"taxonomy":"post_tag","embeddable":true,"href":"https:\/\/akdenizolaygazetesi.com\/index.php?rest_route=%2Fwp%2Fv2%2Ftags&post=12939"}],"curies":[{"name":"wp","href":"https:\/\/api.w.org\/{rel}","templated":true}]}}