{"id":1294,"date":"2020-11-04T18:21:52","date_gmt":"2020-11-04T15:21:52","guid":{"rendered":"http:\/\/mersinekonomipolitikagazetesi.com\/?p=1294"},"modified":"2020-11-04T18:21:52","modified_gmt":"2020-11-04T15:21:52","slug":"ozlem-ozdilden-turku-ziyafeti","status":"publish","type":"post","link":"https:\/\/akdenizolaygazetesi.com\/?p=1294","title":{"rendered":"\u00d6zlem \u00d6zdil\u2019den t\u00fcrk\u00fc ziyafeti"},"content":{"rendered":"<p>T\u00fcrk Halk M\u00fczi\u011fi ses ve saz sanat\u00e7\u0131s\u0131 \u00d6zlem \u00d6zdil, 44. Uluslararas\u0131 Silifke M\u00fczik ve Folklor Festivalinin 4. g\u00fcn\u00fcnde Silifkelilere unutamayacaklar\u0131 bir konser verdi.<\/p>\n<p>Kendine \u00f6zel sesi ve \u015felpe tekni\u011fini en iyi icra eden ba\u011flama sanat\u00e7\u0131lar\u0131ndan biri olan \u00d6zlem \u00d6zdil, G\u00f6ksu Park\u0131 Festival alan\u0131nda hayranlar\u0131na unutmayacaklar\u0131 bir dinleti sundu. Gece ge\u00e7 saatlere kadar sergiledi\u011fi performans\u0131yla, sevenlerine ho\u015f\u00e7a vakit ya\u015fatan \u00d6zdil, Silifkelilere unutulmaz bir t\u00fcrk\u00fc gecesi ya\u015fatt\u0131. \u00d6zdil\u2019in t\u00fcrk\u00fclerine zaman zaman hayranlar\u0131 da e\u015flik ederek, hep bir a\u011f\u0131zdan s\u00f6ylediler.<br \/>\nM\u00fczik ve folklor etkinlikleri kapsam\u0131nda Silifke\u2019de konser vermekten b\u00fcy\u00fck bir mutluluk duydu\u011funu ifade eden \u00d6zlem \u00d6zdil, \u201c\u00d6zellikle bu muhte\u015fem seyirciyle beni bulu\u015fturan de\u011ferli Belediye Ba\u015fkan\u0131m\u0131z Dr. Mustafa Turgut ve ekibine \u00e7ok te\u015fekk\u00fcr ediyorum. Silifke ger\u00e7ekten ya\u015famaya de\u011fer, cennetten bir il\u00e7e. Havas\u0131, kokusu, ye\u015filli\u011fi ve denizi ile muhte\u015fem bir kent. B\u00f6yle bir ortamda konser vermek beni ayr\u0131ca keyiflendirdi. Eme\u011fi ve katk\u0131s\u0131 olan herkese te\u015fekk\u00fcr ediyorum\u201d dedi.<br \/>\nBelediye Ba\u015fkan Yard\u0131mc\u0131s\u0131 Mehmet Kafes ise \u201cAlan\u0131 dolduran binlerce vatanda\u015flar\u0131m\u0131za ve siz de\u011ferli \u00d6zlem \u00d6zdil\u2019e bu g\u00fczel konser i\u00e7in te\u015fekk\u00fcr ediyoruz\u201d dedi.<br \/>\n\u00dcnl\u00fc sanat\u00e7\u0131ya g\u00fcn\u00fcn an\u0131s\u0131na Belediye Ba\u015fkan Yard\u0131mc\u0131s\u0131 Mehmet Kafes taraf\u0131ndan \u00e7i\u00e7ek ve plaket takdim edildi.<\/p>\n","protected":false},"excerpt":{"rendered":"<p>T\u00fcrk Halk M\u00fczi\u011fi ses ve saz sanat\u00e7\u0131s\u0131 \u00d6zlem \u00d6zdil, 44. Uluslararas\u0131 Silifke M\u00fczik ve Folklor Festivalinin 4. g\u00fcn\u00fcnde Silifkelilere unutamayacaklar\u0131 bir konser verdi. Kendine \u00f6zel sesi ve \u015felpe tekni\u011fini en &hellip; <a href=\"https:\/\/akdenizolaygazetesi.com\/?p=1294\" class=\"more-link\">Devam\u0131n\u0131 Oku&#8230;<\/a><\/p>\n","protected":false},"author":1,"featured_media":0,"comment_status":"open","ping_status":"open","sticky":false,"template":"","format":"standard","meta":[],"categories":[],"tags":[],"_links":{"self":[{"href":"https:\/\/akdenizolaygazetesi.com\/index.php?rest_route=\/wp\/v2\/posts\/1294"}],"collection":[{"href":"https:\/\/akdenizolaygazetesi.com\/index.php?rest_route=\/wp\/v2\/posts"}],"about":[{"href":"https:\/\/akdenizolaygazetesi.com\/index.php?rest_route=\/wp\/v2\/types\/post"}],"author":[{"embeddable":true,"href":"https:\/\/akdenizolaygazetesi.com\/index.php?rest_route=\/wp\/v2\/users\/1"}],"replies":[{"embeddable":true,"href":"https:\/\/akdenizolaygazetesi.com\/index.php?rest_route=%2Fwp%2Fv2%2Fcomments&post=1294"}],"version-history":[{"count":0,"href":"https:\/\/akdenizolaygazetesi.com\/index.php?rest_route=\/wp\/v2\/posts\/1294\/revisions"}],"wp:attachment":[{"href":"https:\/\/akdenizolaygazetesi.com\/index.php?rest_route=%2Fwp%2Fv2%2Fmedia&parent=1294"}],"wp:term":[{"taxonomy":"category","embeddable":true,"href":"https:\/\/akdenizolaygazetesi.com\/index.php?rest_route=%2Fwp%2Fv2%2Fcategories&post=1294"},{"taxonomy":"post_tag","embeddable":true,"href":"https:\/\/akdenizolaygazetesi.com\/index.php?rest_route=%2Fwp%2Fv2%2Ftags&post=1294"}],"curies":[{"name":"wp","href":"https:\/\/api.w.org\/{rel}","templated":true}]}}