{"id":12942,"date":"2021-06-20T11:15:13","date_gmt":"2021-06-20T08:15:13","guid":{"rendered":"http:\/\/akdenizolaygazetesi.com\/?p=12942"},"modified":"2021-06-20T11:15:13","modified_gmt":"2021-06-20T08:15:13","slug":"kral-babalar-ve-cocuklari-unutamayacaklari-bir-gun-gecirdi","status":"publish","type":"post","link":"https:\/\/akdenizolaygazetesi.com\/?p=12942","title":{"rendered":"KRAL BABALAR VE \u00c7OCUKLARI UNUTAMAYACAKLARI B\u0130R G\u00dcN GE\u00c7\u0130RD\u0130"},"content":{"rendered":"<p>Mersin B\u00fcy\u00fck\u015fehir Belediyesi ve Mersin Da\u011fc\u0131l\u0131k Spor Kul\u00fcb\u00fc (MERDAK) i\u015f birli\u011finde \u00f6zel gereksinimli \u00e7ocuklar ve babalar\u0131na y\u00f6nelik olarak Adana\u2019n\u0131n Pozant\u0131 il\u00e7esine ba\u011fl\u0131 Belemedik\u2019te \u2018Babalar G\u00fcn\u00fc\u2019 an\u0131s\u0131na do\u011fa y\u00fcr\u00fcy\u00fc\u015f\u00fc ve piknik d\u00fczenlendi.<\/p>\n<p>B\u00fcy\u00fck\u015fehir Belediyesi Engelliler ve Sa\u011fl\u0131k \u0130\u015fleri Dairesi \u00f6nc\u00fcl\u00fc\u011f\u00fcnde ger\u00e7ekle\u015ftirilen etkinli\u011fe Daire Ba\u015fkanl\u0131\u011f\u0131 b\u00fcnyesinde e\u011fitim alan \u00e7e\u015fitli ya\u015f ve engel grubundan \u00f6\u011frenciler ve babalar\u0131 kat\u0131ld\u0131. Y\u00fcr\u00fcy\u00fc\u015fte babalar ve \u00e7ocuklar\u0131na Daire Ba\u015fkanl\u0131\u011f\u0131\u2019n\u0131n beden e\u011fitimi ve \u00f6zel e\u011fitim \u00f6\u011fretmenleri e\u015flik etti. Toplam 50 ki\u015finin kat\u0131ld\u0131\u011f\u0131 do\u011fa y\u00fcr\u00fcy\u00fc\u015f\u00fc etkinli\u011finde yakla\u015f\u0131k 6 km boyunca y\u00fcr\u00fcy\u00fc\u015f yap\u0131ld\u0131.<\/p>\n<p>Babalar ve \u00e7ocuklar\u0131 unutamayacaklar\u0131 bir g\u00fcn ge\u00e7irdi<\/p>\n<p>\u0130klimi, ye\u015fil alanlar\u0131 ve havas\u0131yla do\u011fa y\u00fcr\u00fcy\u00fc\u015f\u00fcne uygun bir ortam sunan Belemedik\u2019te \u00f6zel gereksinimli \u00e7ocuklar ve babalar\u0131 unutamayacaklar\u0131 bir g\u00fcn ge\u00e7irdi.<\/p>\n<p>Pandemi d\u00f6nemi ve kapanmalar nedeniyle uzun s\u00fcredir evlerinde vakit ge\u00e7irmek zorunda kalan \u00f6zel gereksinimli bireyler, normalle\u015fme ad\u0131mlar\u0131n\u0131n at\u0131ld\u0131\u011f\u0131 bu g\u00fcnlerde yap\u0131lan bu etkinlik sayesinde sosyalle\u015fme imkan\u0131 da buldu. Arkada\u015flar\u0131yla bir araya gelmenin sevincini ya\u015fayan \u00f6zel gereksinimli bireylerin mutluluklar\u0131 g\u00f6zlerinden okundu. Do\u011fa y\u00fcr\u00fcy\u00fc\u015f\u00fc haricinde piknik yapan ve e\u011flenceli bir g\u00fcn ge\u00e7irme f\u0131rsat\u0131 bulan babalar ve \u00e7ocuklar\u0131 bu \u00f6zel g\u00fcn\u00fc \u2018Kral Babam\u2019 yaz\u0131l\u0131 \u00e7er\u00e7evede foto\u011fraf \u00e7ektirerek \u00f6l\u00fcms\u00fczle\u015ftirdi.<\/p>\n<p>\u201cBaba ve \u00e7ocuk etkinli\u011fi yaparak bir ilke imza att\u0131k\u201d<\/p>\n<p>B\u00fcy\u00fck\u015fehir Belediyesi Engelliler ve Sa\u011fl\u0131k Hizmetleri Dairesi Ba\u015fkanl\u0131\u011f\u0131\u2019nda Beden E\u011fitimi ve Spor \u00d6\u011fretmeni olarak \u00e7al\u0131\u015fan Fatmanur Y\u0131lmaz, \u201cBaba ve \u00e7ocuk etkinli\u011fi yaparak bir ilke imza att\u0131k. Daha \u00f6nce yapt\u0131\u011f\u0131m\u0131z etkinliklere hep anneler kat\u0131l\u0131yordu, \u00e7ocuklar\u0131m\u0131z babalar\u0131 ile kaliteli zaman ge\u00e7iremiyordu. Bug\u00fcn burada do\u011fa ile bulu\u015farak kaliteli bir zaman ge\u00e7irmeyi hedefledik. 7 ya\u015f itibariyle ba\u015flay\u0131p, 23-25 ya\u015f\u0131na kadar \u00f6\u011frencimiz kat\u0131ld\u0131. Belemedik taraf\u0131n\u0131 se\u00e7memizdeki sebep de do\u011fa g\u00fczelliklerini g\u00f6stermekti\u201d dedi.<\/p>\n<p>\u201cDo\u011fa g\u00fczel, ortam g\u00fczel. Belediye Ba\u015fkan\u0131m\u0131za te\u015fekk\u00fcr ediyoruz\u201d<\/p>\n<p>Mersin Da\u011fc\u0131l\u0131k Spor Kul\u00fcb\u00fc\u2019nden Hasan Karabulut, do\u011fal g\u00fczelliklerinden dolay\u0131 Belemedik\u2019i se\u00e7tiklerini ifade ederek, \u201cBelemedik alandan \u00c7ak\u0131t Vadisi\u2019ne do\u011fru birka\u00e7 kilometre y\u00fcr\u00fcd\u00fck. G\u00fczel bir etkinlik oldu, \u00e7ocuklar e\u011fleniyorlar. Do\u011fa g\u00fczel, ortam g\u00fczel. Belediye Ba\u015fkan\u0131m\u0131z Vahap Se\u00e7er\u2019e te\u015fekk\u00fcr ediyoruz, bizleri \u00e7ocuklarla do\u011fada bulu\u015fturdu\u201d ifadelerini kulland\u0131.<\/p>\n<p>\u201cEngelliler Dairesi\u2019nde \u00e7al\u0131\u015fan arkada\u015flar\u0131 iyilik mele\u011fi olarak g\u00f6r\u00fcyorum\u201d<\/p>\n<p>O\u011flu Emin Can ile birlikte Do\u011fa y\u00fcr\u00fcy\u00fc\u015f\u00fcne kat\u0131lan baba Emin Ba\u015f, \u00f6zel gereksinimli bir bireyin hayat\u0131n\u0131 konu alan Black filminden etkilendi\u011fi bir c\u00fcmleyi payla\u015farak, \u201c\u2018Bazen Tanr\u0131 \u00f6n\u00fcm\u00fcze f\u0131rsatlar \u00e7\u0131kar\u0131r, iyilik yapal\u0131m diye\u2019. \u00d6zel \u00e7ocuk aileleri olarak inan\u0131yorum ki Allah&#8217;\u0131n bize verdi\u011fi iyilik f\u0131rsatlar\u0131d\u0131r bu g\u00fczellikler. Mersin B\u00fcy\u00fck\u015fehir Belediyesi Engelliler Dairesi\u2019nde \u00e7al\u0131\u015fan arkada\u015flar\u0131 da birer iyilik mele\u011fi olarak g\u00f6r\u00fcyorum. Bir\u00e7ok arkada\u015f\u0131m\u0131z ailelerini b\u0131rakt\u0131lar, bu \u00f6zel \u00e7ocuklara ve ailelerine vakit ay\u0131rd\u0131lar. Beni mutlu eden y\u00f6n\u00fc bu. Te\u015fekk\u00fcr ediyorum size\u201d dedi.<\/p>\n<p>\u201c\u00d6\u011fretmenlerimizden \u00e7ok memnunuz\u201d<\/p>\n<p>Umut Talas\u2019\u0131n babas\u0131 \u0130brahim Talas, etkinli\u011fe kat\u0131lmaktan duydu\u011fu mutlulu\u011fu dile getirerek, \u201c\u00c7ok memnun olduk. \u00c7ok da g\u00fczel. Daha \u00f6nce b\u00f6yle bir etkinlik yoktu. Engelsiz Ya\u015fam Merkezi\u2019nde spora gidiyor, Mola Evi\u2019ne gidiyor, resim dersi al\u0131yor, spor dersi al\u0131yor. \u00c7ok memnunuz \u00f6\u011fretmenlerimizden. \u0130yi ki de tan\u0131\u015fm\u0131\u015f\u0131z. Te\u015fekk\u00fcr ederiz. Babalar G\u00fcn\u00fc m\u00fcnasebetiyle Adana Pozant\u0131\u2019ya geldik, da\u011f y\u00fcr\u00fcy\u00fc\u015f\u00fcne. Y\u00fcr\u00fcy\u00fc\u015f yapt\u0131k, yemek yedik, e\u011flendik\u201d diye konu\u015ftu.<\/p>\n","protected":false},"excerpt":{"rendered":"<p>Mersin B\u00fcy\u00fck\u015fehir Belediyesi ve Mersin Da\u011fc\u0131l\u0131k Spor Kul\u00fcb\u00fc (MERDAK) i\u015f birli\u011finde \u00f6zel gereksinimli \u00e7ocuklar ve babalar\u0131na y\u00f6nelik olarak Adana\u2019n\u0131n Pozant\u0131 il\u00e7esine ba\u011fl\u0131 Belemedik\u2019te \u2018Babalar G\u00fcn\u00fc\u2019 an\u0131s\u0131na do\u011fa y\u00fcr\u00fcy\u00fc\u015f\u00fc ve piknik &hellip; <a href=\"https:\/\/akdenizolaygazetesi.com\/?p=12942\" class=\"more-link\">Devam\u0131n\u0131 Oku&#8230;<\/a><\/p>\n","protected":false},"author":2,"featured_media":0,"comment_status":"open","ping_status":"open","sticky":false,"template":"","format":"standard","meta":[],"categories":[3,5],"tags":[],"_links":{"self":[{"href":"https:\/\/akdenizolaygazetesi.com\/index.php?rest_route=\/wp\/v2\/posts\/12942"}],"collection":[{"href":"https:\/\/akdenizolaygazetesi.com\/index.php?rest_route=\/wp\/v2\/posts"}],"about":[{"href":"https:\/\/akdenizolaygazetesi.com\/index.php?rest_route=\/wp\/v2\/types\/post"}],"author":[{"embeddable":true,"href":"https:\/\/akdenizolaygazetesi.com\/index.php?rest_route=\/wp\/v2\/users\/2"}],"replies":[{"embeddable":true,"href":"https:\/\/akdenizolaygazetesi.com\/index.php?rest_route=%2Fwp%2Fv2%2Fcomments&post=12942"}],"version-history":[{"count":1,"href":"https:\/\/akdenizolaygazetesi.com\/index.php?rest_route=\/wp\/v2\/posts\/12942\/revisions"}],"predecessor-version":[{"id":12944,"href":"https:\/\/akdenizolaygazetesi.com\/index.php?rest_route=\/wp\/v2\/posts\/12942\/revisions\/12944"}],"wp:attachment":[{"href":"https:\/\/akdenizolaygazetesi.com\/index.php?rest_route=%2Fwp%2Fv2%2Fmedia&parent=12942"}],"wp:term":[{"taxonomy":"category","embeddable":true,"href":"https:\/\/akdenizolaygazetesi.com\/index.php?rest_route=%2Fwp%2Fv2%2Fcategories&post=12942"},{"taxonomy":"post_tag","embeddable":true,"href":"https:\/\/akdenizolaygazetesi.com\/index.php?rest_route=%2Fwp%2Fv2%2Ftags&post=12942"}],"curies":[{"name":"wp","href":"https:\/\/api.w.org\/{rel}","templated":true}]}}