{"id":12945,"date":"2021-06-20T11:16:57","date_gmt":"2021-06-20T08:16:57","guid":{"rendered":"http:\/\/akdenizolaygazetesi.com\/?p=12945"},"modified":"2021-06-20T11:16:57","modified_gmt":"2021-06-20T08:16:57","slug":"buyuksehirin-onculugunde-atgirmezde-babalar-gunu-ilk-kez-etkinliklerle-kutlandi","status":"publish","type":"post","link":"https:\/\/akdenizolaygazetesi.com\/?p=12945","title":{"rendered":"B\u00dcY\u00dcK\u015eEH\u0130R\u2019\u0130N \u00d6NC\u00dcL\u00dc\u011e\u00dcNDE ATG\u0130RMEZ\u2019DE BABALAR G\u00dcN\u00dc \u0130LK KEZ ETK\u0130NL\u0130KLERLE KUTLANDI"},"content":{"rendered":"<p>Mersin B\u00fcy\u00fck\u015fehir Belediyesi, \u00f6zel g\u00fcnlerde d\u00fczenledi\u011fi sosyal etkinliklerle fark yaratmaya devam ediyor. \u00d6zellikle dezavantajl\u0131 b\u00f6lgelerde uygulad\u0131\u011f\u0131 programlarla dikkat \u00e7eken B\u00fcy\u00fck\u015fehir Belediyesi, ilkleri ya\u015fatarak, toplumun geni\u015f kesimlerinin sosyal hayata entegrasyonunu sa\u011fl\u0131yor. Bunun son \u00f6rneklerinden biri de Tarsus il\u00e7esi G\u00fcnyurdu Mahallesi Atgirmez mevkiinde ilk kez d\u00fczenlenen \u2018Babalar G\u00fcn\u00fc\u2019 etkinli\u011fi oldu. Babalar G\u00fcn\u00fc etkinlikleri kapsam\u0131nda ayr\u0131ca, Gen\u00e7lik ve Spor Hizmetleri Dairesi taraf\u0131ndan \u2018Baba Bana Basket Atsana\u2019 slogan\u0131yla Basketbol ve \u2018Babalar ve \u00c7ocuklar Yar\u0131\u015f\u0131yor\u2019 slogan\u0131yla da Ayak Tenisi Turnuvas\u0131 ger\u00e7ekle\u015ftirildi.<\/p>\n<p>\u0130lk kez \u2018Babalar G\u00fcn\u00fc\u2019 program\u0131 yap\u0131ld\u0131<\/p>\n<p>B\u00fcy\u00fck\u015fehir Belediyesi Kad\u0131n ve Aile Hizmetleri Dairesi\u2019nin Atgirmez mevkiinde a\u00e7t\u0131\u011f\u0131 Kad\u0131n ve \u00c7ocuk At\u00f6lyesi ilk kez \u2018Babalar G\u00fcn\u00fc\u2019 etkinli\u011fi ger\u00e7ekle\u015ftirdi. B\u00fcy\u00fck\u015fehir Belediyesi Kad\u0131n ve Aile Hizmetleri Dairesi Ba\u015fkan\u0131 \u015eerife Haso\u011flu Dokucu, Kad\u0131n ve \u00c7ocuk At\u00f6lyesi sorumlu \u00f6\u011fretmeni Ela Canbolat ve di\u011fer \u00f6\u011fretmenlerin gayretleriyle ger\u00e7ekle\u015fen etkinli\u011fe, \u00e7ocuk at\u00f6lyesinde e\u011fitim g\u00f6ren \u00e7ocuklar ve at\u00f6lye b\u00fcnyesinde bulunan okuma-yazma kursuna kat\u0131lan anneler ile babalar ve hatta dedeler dahi kat\u0131l\u0131m g\u00f6sterdi.<\/p>\n<p>Babalar k\u0131zlar\u0131yla dans etti, ortaya renkli g\u00f6r\u00fcnt\u00fcler \u00e7\u0131kt\u0131<\/p>\n<p>Babalar G\u00fcn\u00fc\u2019ne \u00f6zel haz\u0131rlanan panoya, \u00e7ocuklar ve babalar\u0131 el izlerini b\u0131rak\u0131rken, kat\u0131l\u0131mc\u0131lara ikramlarda da bulunuldu. \u00c7al\u0131nan m\u00fczik e\u015fli\u011finde \u00e7ocuklar \u015fark\u0131lar\u0131n\u0131 seslendirirken, babalar ise k\u0131zlar\u0131yla birlikte dans ederek renkli g\u00f6r\u00fcnt\u00fcler olu\u015fturdu. \u00c7ocuklar\u0131 taraf\u0131ndan haz\u0131rlanan \u201cS\u00fcper Babalara Te\u015fekk\u00fcr Belgeleri\u201d de yine \u00e7ocuklar\u0131 taraf\u0131ndan babalara verildi.<\/p>\n<p>\u00c7ocuk At\u00f6lyesi\u2019nde 3 torunu e\u011fitim g\u00f6ren dede Mehmet Ta\u015f, \u201cBaban\u0131n yeri ba\u015fkad\u0131r. \u00c7ok g\u00fczel, memnunuz. Say\u0131n Ba\u015fkan\u0131m\u0131za b\u00f6yle bir imkan verdi\u011fi i\u00e7in \u00e7ok te\u015fekk\u00fcr ediyorum. Sayg\u0131lar\u0131m\u0131, h\u00fcrmetlerimi g\u00f6nderiyorum\u201d dedi. 2 \u00e7ocu\u011fu at\u00f6lyenin imkanlar\u0131ndan faydalanan baba Seydo Kurt, \u201cK\u00f6y\u00fcm\u00fczde insanlar\u0131n i\u00e7 i\u00e7e, sevgi dolu birle\u015fmesine vesile olan Vahap Se\u00e7er\u2019e buradan sayg\u0131lar\u0131m\u0131z\u0131 sunuyoruz. Bize bu g\u00fczel ortam\u0131 ya\u015fatt\u0131\u011f\u0131 i\u00e7in Mersin B\u00fcy\u00fck\u015fehir Belediyesi\u2019ne te\u015fekk\u00fcr ediyorum\u201d diye konu\u015ftu.<\/p>\n<p>Gen\u00e7lik Kamp\u0131\u2019nda da etkinlikler vard\u0131<\/p>\n<p>B\u00fcy\u00fck\u015fehir\u2019in Babalar G\u00fcn\u00fc etkinlikleri kapsam\u0131nda Tarsus Gen\u00e7lik Kamp\u0131\u2019nda ise farkl\u0131 kesimlerden bir\u00e7ok ailenin kat\u0131l\u0131m\u0131 ile program d\u00fczenlendi. \u00c7ocuklara \u00f6zel olarak haz\u0131rlanan hamburgerler ikram edilirken, survivor alan\u0131nda da yar\u0131\u015fmalar ve \u00e7e\u015fitli etkinlikler ger\u00e7ekle\u015ftirildi.<\/p>\n<p>Babalar G\u00fcn\u00fc i\u00e7in basketbol ve ayak tenisi etkinlikleri<\/p>\n<p>Babalar G\u00fcn\u00fc etkinlikleri kapsam\u0131nda B\u00fcy\u00fck\u015fehir Belediyesi Gen\u00e7lik ve Spor Hizmetleri Dairesi taraf\u0131ndan \u2018Baba Bana Basket Atsana\u2019 slogan\u0131yla Basketbol ve \u2018Babalar ve \u00c7ocuklar Yar\u0131\u015f\u0131yor\u2019 slogan\u0131yla da Ayak Tenisi Turnuvas\u0131 ger\u00e7ekle\u015ftirildi. Babalar G\u00fcn\u00fc i\u00e7in d\u00fczenlenen Basketbol ve Ayak Tenisi etkinliklerinde babalar ve \u00e7ocuklar\u0131 g\u00f6n\u00fcllerince e\u011flenirken, birlikte spor yapman\u0131n tad\u0131n\u0131 \u00e7\u0131kard\u0131. Basketbol etkinli\u011fi; Sayapark AVM, Palm City AVM ve Cumhuriyet G\u00f6steri Merkezi\u2019nde ger\u00e7ekle\u015ftirilirken; Ayak Tenisi Turnuvas\u0131 ise Cumhuriyet G\u00f6steri Merkezi ile K\u0131r Kahvesi yan\u0131nda yap\u0131ld\u0131.<\/p>\n<p>Avc\u0131: \u201cG\u00fczel bir an\u0131 oldu bizim i\u00e7in\u201d<\/p>\n<p>\u00c7ocuklar\u0131yla birlikte B\u00fcy\u00fck\u015fehir\u2019in Sayapark\u2019taki Basketbol Etkinli\u011fi\u2019ne gelen Aziz Avc\u0131, \u201cG\u00fczel bir an\u0131 oldu bizim i\u00e7in, ho\u015f bir g\u00fcn ge\u00e7irdik. G\u00fcn zaten \u00f6nemli ama bunu bir etkinlikle s\u00fcslemek \u00e7ok daha g\u00fczel oldu bizim i\u00e7in. \u0130yi ki vars\u0131n\u0131z, te\u015fekk\u00fcrler\u201d dedi.  Aziz Avc\u0131\u2019n\u0131n o\u011flu Arda Avc\u0131, \u201cBabam\u0131zla vakit ge\u00e7iriyoruz. Benim i\u00e7in g\u00fczel bir etkinlikti\u201d diye konu\u015ftu. Batuhan Avc\u0131 ise, \u201cBabam\u0131 buraya getirdim. Basket att\u0131\u011f\u0131nda \u00e7ok sevindim. E\u011flenceli vakit ge\u00e7irdim\u201d ifadelerini kulland\u0131.<\/p>\n<p>O\u011flu ile birlikte Ayak Tenisi Turnuvas\u0131\u2019na gelen baba \u0130lhan Demiro\u011flu ise \u201cB\u00fcy\u00fck\u015fehir Belediyesi&#8217;nin yapm\u0131\u015f oldu\u011fu g\u00fczel bir etkinlikti. Sa\u011f olsun hocalar\u0131m\u0131z da ilgilendi bizimle. Onlara te\u015fekk\u00fcr ediyoruz. Ba\u015fkan\u0131m\u0131za da te\u015fekk\u00fcr ediyoruz b\u00f6yle bir etkinlik yapt\u0131\u011f\u0131 i\u00e7in\u201d dedi. O\u011flu Yi\u011fit Demiro\u011flu da \u201cG\u00fczel bir etkinlik olmu\u015f. Te\u015fekk\u00fcr ederiz\u201d diye konu\u015ftu.<\/p>\n","protected":false},"excerpt":{"rendered":"<p>Mersin B\u00fcy\u00fck\u015fehir Belediyesi, \u00f6zel g\u00fcnlerde d\u00fczenledi\u011fi sosyal etkinliklerle fark yaratmaya devam ediyor. \u00d6zellikle dezavantajl\u0131 b\u00f6lgelerde uygulad\u0131\u011f\u0131 programlarla dikkat \u00e7eken B\u00fcy\u00fck\u015fehir Belediyesi, ilkleri ya\u015fatarak, toplumun geni\u015f kesimlerinin sosyal hayata entegrasyonunu sa\u011fl\u0131yor. &hellip; <a href=\"https:\/\/akdenizolaygazetesi.com\/?p=12945\" class=\"more-link\">Devam\u0131n\u0131 Oku&#8230;<\/a><\/p>\n","protected":false},"author":2,"featured_media":12946,"comment_status":"open","ping_status":"open","sticky":false,"template":"","format":"standard","meta":[],"categories":[3],"tags":[],"_links":{"self":[{"href":"https:\/\/akdenizolaygazetesi.com\/index.php?rest_route=\/wp\/v2\/posts\/12945"}],"collection":[{"href":"https:\/\/akdenizolaygazetesi.com\/index.php?rest_route=\/wp\/v2\/posts"}],"about":[{"href":"https:\/\/akdenizolaygazetesi.com\/index.php?rest_route=\/wp\/v2\/types\/post"}],"author":[{"embeddable":true,"href":"https:\/\/akdenizolaygazetesi.com\/index.php?rest_route=\/wp\/v2\/users\/2"}],"replies":[{"embeddable":true,"href":"https:\/\/akdenizolaygazetesi.com\/index.php?rest_route=%2Fwp%2Fv2%2Fcomments&post=12945"}],"version-history":[{"count":1,"href":"https:\/\/akdenizolaygazetesi.com\/index.php?rest_route=\/wp\/v2\/posts\/12945\/revisions"}],"predecessor-version":[{"id":12947,"href":"https:\/\/akdenizolaygazetesi.com\/index.php?rest_route=\/wp\/v2\/posts\/12945\/revisions\/12947"}],"wp:featuredmedia":[{"embeddable":true,"href":"https:\/\/akdenizolaygazetesi.com\/index.php?rest_route=\/wp\/v2\/media\/12946"}],"wp:attachment":[{"href":"https:\/\/akdenizolaygazetesi.com\/index.php?rest_route=%2Fwp%2Fv2%2Fmedia&parent=12945"}],"wp:term":[{"taxonomy":"category","embeddable":true,"href":"https:\/\/akdenizolaygazetesi.com\/index.php?rest_route=%2Fwp%2Fv2%2Fcategories&post=12945"},{"taxonomy":"post_tag","embeddable":true,"href":"https:\/\/akdenizolaygazetesi.com\/index.php?rest_route=%2Fwp%2Fv2%2Ftags&post=12945"}],"curies":[{"name":"wp","href":"https:\/\/api.w.org\/{rel}","templated":true}]}}