{"id":1295,"date":"2020-11-04T18:21:52","date_gmt":"2020-11-04T15:21:52","guid":{"rendered":"http:\/\/mersinekonomipolitikagazetesi.com\/?p=1295"},"modified":"2020-11-04T18:21:52","modified_gmt":"2020-11-04T15:21:52","slug":"kalite-sempozyumu-sona-erdi","status":"publish","type":"post","link":"https:\/\/akdenizolaygazetesi.com\/?p=1295","title":{"rendered":"Kalite Sempozyumu sona erdi"},"content":{"rendered":"<p>Mersin B\u00fcy\u00fck\u015fehir Belediyesi ve MESK\u0130\u2019nin ev sahipli\u011finde, T\u00fcrkiye Kalite Derne\u011fi (KalDer) ile birlikte \u2018Mersin\u2019e Kalite Yak\u0131\u015f\u0131r\u2019 slogan\u0131yla bu y\u0131l 3.\u2019s\u00fc d\u00fczenlenen Mersin Kalite Sempozyumu, &#8216;Do\u011fal Afetler ve Afet Y\u00f6netimi&#8217; konu ba\u015fl\u0131\u011f\u0131 ile ger\u00e7ekle\u015ftirildi.<\/p>\n<p>Bu y\u0131l \u00fc\u00e7\u00fcnc\u00fcs\u00fc ger\u00e7ekle\u015ftirilen kalite sempozyumunda, gazeteciler ve akademisyenler ger\u00e7ekle\u015ftirdikleri s\u00f6yle\u015filer ile kat\u0131l\u0131mc\u0131lar\u0131 kalite, m\u00fckemmellik modelleri, do\u011fal afetler ve \u00e7evre konular\u0131nda bilgilendirdi.<br \/>\nMersin B\u00fcy\u00fck\u015fehir Belediye Ba\u015fkan\u0131 Burhanettin Kocamaz\u2019\u0131n kat\u0131l\u0131m\u0131 ile Kongre ve Sergi Saray\u0131\u2019nda ger\u00e7ekle\u015ftirilen Kalite Sempozyumu\u2019nun ilk oturumunda gazeteci yazar Fatih Altayl\u0131 ile Mehmet Y\u0131lmaz, &#8216;Ya\u015fam Bi\u00e7imi Olarak Kalite&#8217; ba\u015fl\u0131kl\u0131 s\u00f6yle\u015filerini ger\u00e7ekle\u015ftirirken, ikinci oturumda DYO Boya Fabrikalar\u0131 A.\u015e. Genel M\u00fcd\u00fcr\u00fc Serdar Oran, \u0130GDA\u015e Stratejik Planlama ve Y\u00f6netim Sistemleri M\u00fcd\u00fcr\u00fc Mehmet Akif Demirta\u015f, Ye\u015filay Genel M\u00fcd\u00fcr\u00fc Sava\u015f Y\u0131lmaz, \u2018EFQM M\u00fckemmellik Modeli Uygulamalar\u0131 ve Kazan\u0131mlar\u0131\u2019 konusunda s\u00f6yle\u015fi ger\u00e7ekle\u015ftirdi.<br \/>\nMersin Afet Master Plan\u0131 olu\u015fturulmal\u0131<br \/>\nMersin \u00dcniversitesi M\u00fchendislik Fak\u00fcltesi Jeoloji M\u00fchendisli\u011fi B\u00f6l\u00fcm\u00fc \u00f6\u011fretim \u00fcyesi Prof. Dr. Selim \u0130nan moderat\u00f6rl\u00fc\u011f\u00fcnde ger\u00e7ekle\u015ftirilen 3. oturumda ise Y\u0131ld\u0131z Teknik \u00dcniversitesi Mimarl\u0131k Fak\u00fcltesi \u015eehir ve B\u00f6lge Planlama B\u00f6l\u00fcm\u00fc \u00f6\u011fretim \u00fcyesi Prof. Dr. Zekai G\u00f6rg\u00fcl\u00fc ve Tema Vakf\u0131 Orman ve K\u0131rsal Kalk\u0131nma B\u00f6l\u00fcm Ba\u015fkan\u0131 Hikmet \u00d6zt\u00fcrk, &#8216;Do\u011fal Afetler ve Afet Y\u00f6netimi\u2019 ile ilgili s\u00f6yle\u015filerinde kat\u0131l\u0131mc\u0131lara konuyla ilgili \u00f6nemli bilgiler aktard\u0131.<br \/>\nAfet b\u00f6lgelerinde yap\u0131sal hasarlar\u0131n azalt\u0131lmas\u0131nda bina yap\u0131m\u0131 ve zemin ko\u015fullar\u0131n\u0131n \u00f6nemi ba\u015fl\u0131\u011f\u0131 alt\u0131nda sunum yapan Prof. Dr. Selim \u0130nan, do\u011fal afet t\u00fcrleri, afet y\u00f6netimi, afeti olu\u015fturan riskler, do\u011fal afetlerde insan fakt\u00f6r\u00fc, do\u011fal afetlerin verdi\u011fi zararlar, afetlerde zarar azaltma ve do\u011fal afetlerin yol a\u00e7t\u0131\u011f\u0131 zararlarla ilgili kat\u0131l\u0131mc\u0131lar\u0131 bilgilendirildi.<br \/>\nTema Vakf\u0131 Orman ve K\u0131rsal Kalk\u0131nma B\u00f6l\u00fcm Ba\u015fkan\u0131 Hikmet \u00d6zt\u00fcrk ise toprak, iklim de\u011fi\u015fikli\u011fi ve s\u00fcrd\u00fcr\u00fclebilir tar\u0131m konu ba\u015fl\u0131\u011f\u0131 ile ger\u00e7ekle\u015ftirdi\u011fi sunuma \u2018Toprak yoksa hayat yok\u2019 i\u00e7erikli k\u0131sa video g\u00f6sterimi ile ba\u015flayarak, toprak ekosistem hizmetleri, toprak bozulumu, iklim de\u011fi\u015fikli\u011fi sonucu tar\u0131msal \u00fcr\u00fcn fiyat ili\u015fkisi, karbon sal\u0131n\u0131m\u0131n\u0131 azaltma ve depolama ve s\u00fcrd\u00fcr\u00fclebilir tar\u0131m a\u011flar\u0131 konular\u0131 ile devam etti.<br \/>\nY\u0131ld\u0131z Teknik \u00dcniversitesi Mimarl\u0131k Fak\u00fcltesi \u015eehir ve B\u00f6lge Planlama B\u00f6l\u00fcm\u00fc \u00f6\u011fretim \u00fcyesi Prof. Dr. Zekai G\u00f6rg\u00fcl\u00fc, do\u011fal afetler, planlama ve Mersin konusu hakk\u0131nda ger\u00e7ekle\u015ftirdi\u011fi sunumda, Mersin\u2019de meydana gelmi\u015f ve gelecek afetlerin ka\u00e7\u0131n\u0131lmazl\u0131\u011f\u0131, kentte bir afet \u00f6ncesi ve s\u0131ras\u0131nda uygulamaya konulacak y\u00f6ntemler, afete haz\u0131rl\u0131k ve acil m\u00fcdahale y\u00f6ntemlerinin belirlenmesi ve olu\u015fturulmas\u0131 gereken Mersin Afet Master Plan\u0131 ve bu plan\u0131n ana hatlar\u0131ndan bahsetti.<br \/>\nMersin Afet Master Plan\u0131\u2019n\u0131n afetler kar\u015f\u0131s\u0131nda Mersin\u2019de al\u0131nmas\u0131 gereken \u00e7ok y\u00f6nl\u00fc \u00f6nlemleri e\u015fg\u00fcd\u00fcm alt\u0131na almay\u0131 hedefleyen, uzun d\u00f6nemli bir perspektifle yap\u0131lmas\u0131 gereken i\u015fleri, topyek\u00fbn eyleme ge\u00e7me prosed\u00fcrlerini, fiziki ve mek\u00e2nsal kararlar\u0131 da kapsamak \u00fczere olu\u015fturulmas\u0131 gereken bir yol haritas\u0131 oldu\u011funu anlatan G\u00f6rg\u00fcl\u00fc, bu s\u00fcre\u00e7te yerel y\u00f6netimlerin yan\u0131 s\u0131ra valilik ve il\u00e7e belediyeleri ile ilgili \u00e7e\u015fitli kamu y\u00f6netim birimlerinin katk\u0131 sa\u011flamas\u0131n\u0131n zorunlulu\u011fundan bahsetti.<br \/>\nSanat\u00e7\u0131, siyaset\u00e7i, \u00f6\u011fretim g\u00f6revlisi Ediz Hun, 4. oturumu sevgi temas\u0131 ile d\u00fcnya \u00e7ap\u0131nda \u00e7evre kirlilikleri, \u00e7evre kirlili\u011finin canl\u0131lar \u00fczerine etkisi, ozon tabakas\u0131, k\u00fcresel \u0131s\u0131nma, ormanlar\u0131n tahribi, deniz kirlili\u011fi, n\u00fckleer enerji ve yenilenebilir enerji, sucul ortamlardaki kirlilikler ve demografi gibi bir\u00e7ok konuda sohbet havas\u0131nda ger\u00e7ekle\u015ftirdi. Ediz Hun, oturumun sonunda salonda bulunan kat\u0131l\u0131mc\u0131lar\u0131n sorular\u0131n\u0131 cevaplad\u0131.<br \/>\nSempozyum sonunda konu\u015fan Mersin B\u00fcy\u00fck\u015fehir Belediye Ba\u015fkan\u0131 Burhanettin Kocamaz, \u201cMersin\u2019de kalite ile ilgili \u00f6zellikle de afet ve y\u00f6netimi ile ilgili bir konuda bug\u00fcn bir arada olduk. Ger\u00e7ekten \u00e7ok de\u011ferli kat\u0131l\u0131mc\u0131lar\u0131m\u0131z vard\u0131. Ben hepsine huzurlar\u0131n\u0131zda te\u015fekk\u00fcr ediyorum. \u0130n\u015fallah burada s\u00f6yledi\u011fimiz gibi Mersin\u2019e kalite yak\u0131\u015facak. Ama bunu hep birlikte ba\u015faraca\u011f\u0131z&#8221; dedi.<br \/>\nBa\u015fkan Kocamaz taraf\u0131ndan sanat\u00e7\u0131 Ediz Hun ve KalDer Y\u00f6netim Kurulu Ba\u015fkan\u0131 Buket Emino\u011flu Pilavc\u0131\u2019ya g\u00fcn\u00fcn an\u0131s\u0131na Nusret May\u0131n Gemisi maketi hediye edildi.<\/p>\n","protected":false},"excerpt":{"rendered":"<p>Mersin B\u00fcy\u00fck\u015fehir Belediyesi ve MESK\u0130\u2019nin ev sahipli\u011finde, T\u00fcrkiye Kalite Derne\u011fi (KalDer) ile birlikte \u2018Mersin\u2019e Kalite Yak\u0131\u015f\u0131r\u2019 slogan\u0131yla bu y\u0131l 3.\u2019s\u00fc d\u00fczenlenen Mersin Kalite Sempozyumu, &#8216;Do\u011fal Afetler ve Afet Y\u00f6netimi&#8217; konu &hellip; <a href=\"https:\/\/akdenizolaygazetesi.com\/?p=1295\" class=\"more-link\">Devam\u0131n\u0131 Oku&#8230;<\/a><\/p>\n","protected":false},"author":1,"featured_media":0,"comment_status":"open","ping_status":"open","sticky":false,"template":"","format":"standard","meta":[],"categories":[],"tags":[],"_links":{"self":[{"href":"https:\/\/akdenizolaygazetesi.com\/index.php?rest_route=\/wp\/v2\/posts\/1295"}],"collection":[{"href":"https:\/\/akdenizolaygazetesi.com\/index.php?rest_route=\/wp\/v2\/posts"}],"about":[{"href":"https:\/\/akdenizolaygazetesi.com\/index.php?rest_route=\/wp\/v2\/types\/post"}],"author":[{"embeddable":true,"href":"https:\/\/akdenizolaygazetesi.com\/index.php?rest_route=\/wp\/v2\/users\/1"}],"replies":[{"embeddable":true,"href":"https:\/\/akdenizolaygazetesi.com\/index.php?rest_route=%2Fwp%2Fv2%2Fcomments&post=1295"}],"version-history":[{"count":0,"href":"https:\/\/akdenizolaygazetesi.com\/index.php?rest_route=\/wp\/v2\/posts\/1295\/revisions"}],"wp:attachment":[{"href":"https:\/\/akdenizolaygazetesi.com\/index.php?rest_route=%2Fwp%2Fv2%2Fmedia&parent=1295"}],"wp:term":[{"taxonomy":"category","embeddable":true,"href":"https:\/\/akdenizolaygazetesi.com\/index.php?rest_route=%2Fwp%2Fv2%2Fcategories&post=1295"},{"taxonomy":"post_tag","embeddable":true,"href":"https:\/\/akdenizolaygazetesi.com\/index.php?rest_route=%2Fwp%2Fv2%2Ftags&post=1295"}],"curies":[{"name":"wp","href":"https:\/\/api.w.org\/{rel}","templated":true}]}}