{"id":12953,"date":"2021-06-21T12:03:21","date_gmt":"2021-06-21T09:03:21","guid":{"rendered":"http:\/\/akdenizolaygazetesi.com\/?p=12953"},"modified":"2021-06-21T12:03:21","modified_gmt":"2021-06-21T09:03:21","slug":"chpli-belediye-baskanlari-gaziantepte-bir-araya-geldi","status":"publish","type":"post","link":"https:\/\/akdenizolaygazetesi.com\/?p=12953","title":{"rendered":"CHP\u2019L\u0130 BELED\u0130YE BA\u015eKANLARI GAZ\u0130ANTEP\u2019TE B\u0130R ARAYA GELD\u0130"},"content":{"rendered":"<p>Mersin B\u00fcy\u00fck\u015fehir Belediye Ba\u015fkan\u0131 Vahap Se\u00e7er, Gaziantep\u2019te d\u00fczenlenen \u2018Belediye Ba\u015fkalar\u0131 \u00c7al\u0131\u015ftay\u0131\u2019na kat\u0131ld\u0131. CHP Genel Ba\u015fkan\u0131 Kemal K\u0131l\u0131\u00e7daro\u011flu\u2019nun kat\u0131l\u0131m\u0131yla ger\u00e7ekle\u015ftirilen \u2018Belediye Ba\u015fkanlar\u0131 \u00c7al\u0131\u015ftay\u0131\u2019 18-20 Haziran\u2019da ger\u00e7ekle\u015ftirildi.<\/p>\n<p>Ba\u015fkanlar, \u00c7al\u0131\u015ftay \u00f6ncesinde vatanda\u015flarla bir araya geldi<\/p>\n<p>\u00c7al\u0131\u015ftay\u2019da belediyelerin ge\u00e7ti\u011fimiz 2,5 y\u0131lda ger\u00e7ekle\u015ftirdikleri hizmetler de\u011ferlendirilirken, \u00f6n\u00fcm\u00fczdeki s\u00fcre\u00e7te ger\u00e7ekle\u015ftirilecek projeler \u00fczerinde duruldu. \u0130lk g\u00fcn, belediye ba\u015fkanlar\u0131 yap\u0131lan program do\u011frultusunda kent merkezi ve il\u00e7elerde esnaf ve vatanda\u015flarla bir araya geldi, s\u0131k\u0131nt\u0131lar\u0131n\u0131 dinledi. Saha gezisi kapsam\u0131nda Ba\u015fkan Se\u00e7er de 25 belediye ba\u015fkan\u0131 ile Nizip il\u00e7esinde esnaf ziyareti yapt\u0131.<\/p>\n<p>\u201cBir araya gelmenin yarar\u0131 \u00e7ok b\u00fcy\u00fck\u201d<\/p>\n<p>Ba\u015fkan Se\u00e7er, \u00c7al\u0131\u015ftay\u2019\u0131n ilk g\u00fcn\u00fcnde \u00f6zel bir televizyon kanal\u0131n\u0131n canl\u0131 yay\u0131n konu\u011fu oldu. Se\u00e7er, yay\u0131nda \u00e7al\u0131\u015ftay\u0131n de\u011ferlendirmesini yapt\u0131 ve \u201cKesinlikle bir araya gelmenin yarar\u0131 \u00e7ok b\u00fcy\u00fck. Hangi sorun alan\u0131 olursa olsun, en az\u0131ndan onu tart\u0131\u015fma imk\u00e2n\u0131 buluyorsunuz\u201d diye konu\u015ftu.<\/p>\n<p>\u201cY\u0131pranm\u0131\u015f bir siyaset kadrosu var\u201d<\/p>\n<p>Konu\u015fmas\u0131nda kendisinin milletvekilli\u011fi deneyimi oldu\u011funu vurgulayan Se\u00e7er, \u201cNe konu\u015ftu\u011fumuzu biliyoruz. T\u00fcrkiye\u2019yi de, T\u00fcrkiye\u2019nin sorunlar\u0131n\u0131 da gayet iyi biliyoruz. Son derece s\u0131k\u0131nt\u0131l\u0131 bir s\u00fcre\u00e7 ya\u015fan\u0131yor. Y\u0131pranm\u0131\u015f bir siyaset kadrosu var. Hatta ba\u015flad\u0131\u011f\u0131 g\u00fcnden bug\u00fcne kadar arada fersah fersah fark olan bir iktidar kadrosu var ve tamamen y\u0131pranm\u0131\u015f bir yap\u0131. T\u00fcrkiye&#8217;nin her alan\u0131nda \u00f6nemli sorunlar ya\u015fad\u0131\u011f\u0131n\u0131 g\u00f6rebiliriz. Bir kere her \u015feyi bir tarafa b\u0131rak\u0131n; ekonomiyi, paray\u0131, istihdam\u0131; huzur anlam\u0131nda b\u00fcy\u00fck s\u0131k\u0131nt\u0131lar ya\u015f\u0131yoruz. D\u0131\u015f ili\u015fkilerde b\u00f6lgesel sorunlar da ya\u015fan\u0131yor. Bug\u00fcn Gaziantep\u2019teyiz. \u0130\u015fte b\u00f6lgenin son 10 y\u0131l\u0131na damgas\u0131n\u0131 vuran en \u00f6nemli sorun olan, Suriye sorunu ile kom\u015fu bir b\u00f6lgede bu toplant\u0131y\u0131 yap\u0131yoruz. Mersin de Ortado\u011fu&#8217;da, Suriye&#8217;de ya\u015fanan olaylardan \u00e7ok etkilenmeyen bir kent de\u011fil. T\u00fcrkiye&#8217;nin en fazla ge\u00e7ici koruma kapsam\u0131 alt\u0131nda Suriyeli\u2019yi bar\u0131nd\u0131ran bir kent\u201d ifadelerini kulland\u0131.<\/p>\n<p>\u201cT\u00fcrkiye&#8217;nin s\u00fcratle bir genel se\u00e7ime ihtiyac\u0131 var\u201d<\/p>\n<p>Bu tip olumsuzluklar\u0131n kendilerine ve \u00fclkeye yans\u0131malar\u0131n\u0131 en iyi bilen belediye ba\u015fkanlar\u0131ndan bir tanesi oldu\u011funun alt\u0131n\u0131 \u00e7izen Se\u00e7er, \u201cDolay\u0131s\u0131yla b\u00fct\u00fcn bu sorun alanlar\u0131n\u0131 ortadan kald\u0131racak yeni bir yap\u0131ya, yeni bir anlay\u0131\u015fa, yeni bir umuda, yeni bir yola ihtiya\u00e7 var. Demokrasi ise tam da bu. Demokrasilerde \u00e7areler t\u00fckenmez. Bir sorun varsa \u00e7aresi de var demokraside. Sand\u0131\u011fa gidilir, halk gider, tercihini ortaya koyar. Mutlaka kendi ferasetine g\u00f6re bir karar verir ve yeni y\u00f6netimle toplumu ya da \u00fclkeyi o sorun alan\u0131ndan \u00e7\u0131kart\u0131r ya da normal giden bir \u015fey varsa, daha b\u00fcy\u00fck beklentiler i\u00e7erisinde ise toplum daha b\u00fcy\u00fck bir beklenti ortaya koyar. Bunun i\u00e7in de T\u00fcrkiye&#8217;nin bana g\u00f6re s\u00fcratle bir genel se\u00e7ime ihtiyac\u0131 var diye d\u00fc\u015f\u00fcn\u00fcyorum. T\u00fcrkiye&#8217;de sorunlar bir yumak haline d\u00f6n\u00fc\u015fm\u00fc\u015fse, demokratik bir \u00fclkeyseniz \u00e7\u00f6zece\u011finiz alan da herhalde se\u00e7im olacakt\u0131r, sand\u0131k olacakt\u0131r. Sand\u0131kta bu sorunu \u00e7\u00f6zmeniz laz\u0131m. Bu talep de gayet do\u011fald\u0131r. Yani muhalefet se\u00e7im istiyor diye su\u00e7lamalarla kar\u015f\u0131 kar\u015f\u0131ya kal\u0131yor. Bunu da anlamak son derece g\u00fc\u00e7 diye d\u00fc\u015f\u00fcn\u00fcyorum\u201d dedi.<\/p>\n<p>\u201cBelediyeler t\u0131k\u0131r t\u0131k\u0131r \u00e7al\u0131\u015f\u0131yor\u201d<\/p>\n<p>CHP\u2019li belediyelerin \u00f6nemli ve iyi i\u015fler yapt\u0131\u011f\u0131n\u0131 belirten Ba\u015fkan Se\u00e7er, konu\u015fmas\u0131na \u015f\u00f6yle devam etti:<\/p>\n<p>\u201c\u015eimdi belediyeler; hani bizim mottomuzda da var; t\u0131k\u0131r t\u0131k\u0131r \u00e7al\u0131\u015f\u0131yor. Ger\u00e7ekten b\u00f6yle. \u00d6zellikle 11 B\u00fcy\u00fck\u015fehir Belediyesi, ki n\u00fcfusun % 45 oran\u0131nda bir yo\u011funlu\u011funu y\u00f6neten, hatta ekonominin 3\u2019te 2\u2019lik bir hacminin d\u00f6nd\u00fc\u011f\u00fc bir b\u00f6lgeler b\u00fct\u00fcn\u00fcnden bahsediyorum; iyi i\u015fler yapt\u0131. Son 2,5 y\u0131la girerken asl\u0131nda moralimiz y\u00fcksek. Neredeyse yar\u0131lad\u0131k g\u00f6rev s\u00fcremizi. 2,5 y\u0131lda ne yapt\u0131k, hangi konularda ba\u015far\u0131l\u0131 olduk, hangi konularda geri kald\u0131k, \u00f6rne\u011fin sosyal politikalarda pandeminin a\u00e7t\u0131\u011f\u0131 zeminde \u00e7ok b\u00fcy\u00fck ba\u015far\u0131lar elde ettik. Bunlar\u0131 de\u011ferlendirdik. Bunlar\u0131 halk da b\u00f6yle takdir etti\u011fi i\u00e7in biz de \u00e7ok rahat bu yorumu yapabiliyoruz ama kalan s\u00fcremizde neleri ortaya koyaca\u011f\u0131z, belki de \u00e7ok daha vizyonel projeleri art\u0131k konu\u015fmam\u0131z laz\u0131m. Bu da toplant\u0131larda tart\u0131\u015f\u0131lan bir konu. Her b\u00f6lgenin kendine ait \u00f6zellikleri var. \u00d6rne\u011fin Mersin&#8217;de bir metro yat\u0131r\u0131m\u0131 \u00e7ok vizyonel bir proje. \u00c7\u00fcnk\u00fc Mersin b\u00f6yle bir toplu ta\u015f\u0131ma sistemi ile tan\u0131\u015fmam\u0131\u015f bug\u00fcne kadar. Ama 257 kilometre rayl\u0131 sistemi olan bir \u0130stanbul i\u00e7in belki de \u00e7ok vizyonel ya da yeni bir proje olmaz. Bunlar hep konu\u015fuldu. Ne olabilir, kenti, kentliyi daha nas\u0131l m\u00fcreffeh bir hale getirebiliriz, belediye olarak buna katk\u0131lar\u0131m\u0131z ne olur, bunlar \u00fczerinde konu\u015fuyoruz.\u201d<\/p>\n<p>\u00dc\u00e7 g\u00fcn s\u00fcren \u00e7al\u0131\u015ftayda, belediye ba\u015fkanlar\u0131 g\u00f6revde olduklar\u0131 2,5 y\u0131l i\u00e7inde yapt\u0131klar\u0131 ve bundan sonraki s\u00fcre\u00e7te yapacaklar\u0131 projeler hakk\u0131nda g\u00f6r\u00fc\u015f al\u0131\u015fveri\u015finde bulunma olana\u011f\u0131 yakalad\u0131. \u00c7al\u0131\u015ftayda ayr\u0131ca, tematik konularda startup sunumlar\u0131 ger\u00e7ekle\u015firken, de\u011ferlendirme oturumlar\u0131nda ba\u015fkanlar Genel Ba\u015fkan ve Genel Ba\u015fkan yard\u0131mc\u0131lar\u0131na sorun ve \u00f6nerilerini anlatma f\u0131rsat\u0131 buldu.<\/p>\n","protected":false},"excerpt":{"rendered":"<p>Mersin B\u00fcy\u00fck\u015fehir Belediye Ba\u015fkan\u0131 Vahap Se\u00e7er, Gaziantep\u2019te d\u00fczenlenen \u2018Belediye Ba\u015fkalar\u0131 \u00c7al\u0131\u015ftay\u0131\u2019na kat\u0131ld\u0131. CHP Genel Ba\u015fkan\u0131 Kemal K\u0131l\u0131\u00e7daro\u011flu\u2019nun kat\u0131l\u0131m\u0131yla ger\u00e7ekle\u015ftirilen \u2018Belediye Ba\u015fkanlar\u0131 \u00c7al\u0131\u015ftay\u0131\u2019 18-20 Haziran\u2019da ger\u00e7ekle\u015ftirildi. Ba\u015fkanlar, \u00c7al\u0131\u015ftay \u00f6ncesinde vatanda\u015flarla bir &hellip; <a href=\"https:\/\/akdenizolaygazetesi.com\/?p=12953\" class=\"more-link\">Devam\u0131n\u0131 Oku&#8230;<\/a><\/p>\n","protected":false},"author":2,"featured_media":12954,"comment_status":"open","ping_status":"open","sticky":false,"template":"","format":"standard","meta":[],"categories":[2,3],"tags":[],"_links":{"self":[{"href":"https:\/\/akdenizolaygazetesi.com\/index.php?rest_route=\/wp\/v2\/posts\/12953"}],"collection":[{"href":"https:\/\/akdenizolaygazetesi.com\/index.php?rest_route=\/wp\/v2\/posts"}],"about":[{"href":"https:\/\/akdenizolaygazetesi.com\/index.php?rest_route=\/wp\/v2\/types\/post"}],"author":[{"embeddable":true,"href":"https:\/\/akdenizolaygazetesi.com\/index.php?rest_route=\/wp\/v2\/users\/2"}],"replies":[{"embeddable":true,"href":"https:\/\/akdenizolaygazetesi.com\/index.php?rest_route=%2Fwp%2Fv2%2Fcomments&post=12953"}],"version-history":[{"count":1,"href":"https:\/\/akdenizolaygazetesi.com\/index.php?rest_route=\/wp\/v2\/posts\/12953\/revisions"}],"predecessor-version":[{"id":12955,"href":"https:\/\/akdenizolaygazetesi.com\/index.php?rest_route=\/wp\/v2\/posts\/12953\/revisions\/12955"}],"wp:featuredmedia":[{"embeddable":true,"href":"https:\/\/akdenizolaygazetesi.com\/index.php?rest_route=\/wp\/v2\/media\/12954"}],"wp:attachment":[{"href":"https:\/\/akdenizolaygazetesi.com\/index.php?rest_route=%2Fwp%2Fv2%2Fmedia&parent=12953"}],"wp:term":[{"taxonomy":"category","embeddable":true,"href":"https:\/\/akdenizolaygazetesi.com\/index.php?rest_route=%2Fwp%2Fv2%2Fcategories&post=12953"},{"taxonomy":"post_tag","embeddable":true,"href":"https:\/\/akdenizolaygazetesi.com\/index.php?rest_route=%2Fwp%2Fv2%2Ftags&post=12953"}],"curies":[{"name":"wp","href":"https:\/\/api.w.org\/{rel}","templated":true}]}}