{"id":12956,"date":"2021-06-21T12:05:03","date_gmt":"2021-06-21T09:05:03","guid":{"rendered":"http:\/\/akdenizolaygazetesi.com\/?p=12956"},"modified":"2021-06-21T12:05:03","modified_gmt":"2021-06-21T09:05:03","slug":"turk-tekstili-genc-tasarimcilarin-omuzlarinda-yukseliyor","status":"publish","type":"post","link":"https:\/\/akdenizolaygazetesi.com\/?p=12956","title":{"rendered":"T\u00dcRK TEKST\u0130L\u0130 GEN\u00c7 TASARIMCILARIN OMUZLARINDA Y\u00dcKSEL\u0130YOR"},"content":{"rendered":"<p>Akdeniz Tekstil ve Hammaddeleri \u0130hracat\u00e7\u0131lar\u0131 Birli\u011fi\u2019nin (ATH\u0130B) \u201cTasar\u0131mda Gelecek Var\u201d slogan\u0131yla 9\u2019uncusunu d\u00fczenledi\u011fi Dokuma Kuma\u015f Tasar\u0131m Yar\u0131\u015fmas\u0131\u2019nda gen\u00e7 tasar\u0131mc\u0131lar \u00f6d\u00fcllendirildi. \u0130novatif ve \u00f6zg\u00fcn tasar\u0131mlar geli\u015ftirmek, uluslararas\u0131 tekstil pazar\u0131nda etkin olmak ve moday\u0131 belirleyen \u00fclkeler aras\u0131nda yer almak amac\u0131yla d\u00fczenlenen yar\u0131\u015fmada \u2018Mere\u2019 isimli koleksiyonuyla K\u00fcbra \u00c7olak birincili\u011fe, \u2018Kentsel Deneyim\u2019 adl\u0131 tasar\u0131m\u0131yla Alper Ok\u00e7u ikincili\u011fe, \u2018Korozyon\u2019 isimli konseptiyle Yavuzhan Da\u015fdemir \u00fc\u00e7\u00fcnc\u00fcl\u00fc\u011fe lay\u0131k g\u00f6r\u00fcld\u00fc.<\/p>\n<p>F\u0130NAL\u0130STLER\u0130N TASARIMLARI SERG\u0130LEND\u0130<br \/>\nPandemi ko\u015fullar\u0131na g\u00f6re d\u00fczenlenen t\u00f6rende finale kalan 10 yar\u0131\u015fmac\u0131n\u0131n dokuma kuma\u015f tasar\u0131mlar\u0131 AK\u0130B merkez binas\u0131n\u0131n fuaye alan\u0131nda sergilendi. Dokuz Eyl\u00fcl \u00dcniversitesi\u2019nden Alper Ok\u00e7u, Mimar Sinan G\u00fczel Sanatlar \u00dcniversitesi\u2019nden Dilan Geyik, K\u00fcbra \u00c7olak, Sahra Zeybeko\u011flu, Sevda Kanalci ve Yavuzhan Da\u015fdemir, S\u00fcleyman Demirel \u00dcniversitesi\u2019nden Huriye \u00c7i\u011fdem ve Melis Bar\u0131\u015f, I\u015f\u0131k \u00dcniversitesi\u2019nden Selahattin \u015eenkal ile Ankara Hac\u0131 Bayram Veli \u00dcniversitesi\u2019nden \u015eeng\u00fcl Ak\u00e7am tasar\u0131mlar\u0131n\u0131 sergilerken b\u00fcy\u00fck heyecan ya\u015fad\u0131.<br \/>\nYar\u0131\u015fman\u0131n j\u00fcrisinde g\u00f6rev alan Prof. Dr. Havva Hala\u00e7eli, Prof. Dr. Osman Babaarslan, Prof. Dr. Yasemin Korkmaz, Dr. Sevim Tu\u011fba Arabal\u0131 Ko\u015far, Dr. \u00d6zge Usluca Erim, \u00d6\u011fretim \u00dcyesi Fatma Yelda Gezicio\u011flu, Profesyonel Tasar\u0131mc\u0131 M\u00fcge Krespi, Moda Tasar\u0131mc\u0131s\u0131 Hatice G\u00f6k\u00e7e, Koton Dizayn M\u00fcd\u00fcr\u00fc Ozanay Ersaylan,  LC Waikiki Kurumsal Akademi\u2019den Tasar\u0131mc\u0131 Sevtap Okyay, Haseki Ev Tekstil \u00dcr\u00fcnleri Genel M\u00fcd\u00fcr\u00fc Ali R\u0131za Haso\u011flu, Ulusoy Tekstil Y\u00f6netim Kurulu Ba\u015fkan\u0131 Veli Ulusoy ve K\u0131van\u00e7 Tekstil Y\u00f6netim Kurulu Ba\u015fkan Yard\u0131mc\u0131s\u0131 Zeki K\u0131van\u00e7\u2019\u0131n de\u011ferlendirmeleriyle dereceye giren gen\u00e7 tasar\u0131mc\u0131lar belirlendi. <\/p>\n<p>KIVAN\u00c7: REKABETTE \u00dcST\u00dcNL\u00dcK TASARIMLA VE MARKALA\u015eMAYLA M\u00dcMK\u00dcN<br \/>\nT\u00f6renin a\u00e7\u0131l\u0131\u015f\u0131nda konu\u015fan ATH\u0130B Yar\u0131\u015fma Y\u00fcr\u00fctme Kurulu Ba\u015fkan\u0131 Zeki K\u0131van\u00e7, k\u00fcresel ekonomiyi \u015fok edici bi\u00e7imde sarsan, tedarik zincirlerinin, \u00fcretimin, arz ve talebin y\u00f6n\u00fcn\u00fc bir anda de\u011fi\u015ftiren Covid-19 salg\u0131n\u0131n\u0131n tekstil ve moda d\u00fcnyas\u0131n\u0131 da derinden etkiledi\u011fini belirtti. Gelinen noktada T\u00fcrk tekstil sekt\u00f6r\u00fcn\u00fcn h\u0131zl\u0131 teslimat, hedef pazarlara yak\u0131nl\u0131k, teknik alt yap\u0131, deneyim, geni\u015f \u00fcr\u00fcn yelpazesi, \u00fcretim ve tasar\u0131m kapasitesi ile daha \u00e7ok \u00f6n plana \u00e7\u0131kaca\u011f\u0131na inand\u0131\u011f\u0131n\u0131 vurgulayan Ba\u015fkan Zeki K\u0131van\u00e7, \u201cT\u00fcrk tekstil sekt\u00f6r\u00fcn\u00fcn rekabet\u00e7ili\u011fini daha da art\u0131rmas\u0131, sekt\u00f6r\u00fcn teknoloji d\u00fczeyinin, e\u011fitilmi\u015f insan kayna\u011f\u0131n\u0131n, ar-ge ve inovasyon kapasitesinin geli\u015ftirilmesinin yan\u0131 s\u0131ra tasar\u0131mla ve markala\u015fma ile m\u00fcmk\u00fcn olacakt\u0131r.\u201d dedi.<\/p>\n<p>\u2018T\u00dcKET\u0130C\u0130N\u0130N RUHUNA DOKUNMASINI B\u0130LEN TASARIMCILARA \u0130HT\u0130YA\u00c7 VAR\u2019<br \/>\nPandeminin neden oldu\u011fu krizi ve sekt\u00f6r\u00fcn ihtiya\u00e7lar\u0131n\u0131 do\u011fru okuyup yenilik\u00e7i tasar\u0131mlar ile global pazardaki pay\u0131n daha da art\u0131r\u0131labilece\u011fine i\u015faret eden Zeki K\u0131van\u00e7, \u201c\u0130\u015fte bu sebeplerden dolay\u0131 10 senedir ATH\u0130B Dokuma Kuma\u015f Tasar\u0131m Yar\u0131\u015fmas\u0131\u2019n\u0131 d\u00fczenliyoruz. Art\u0131k dev \u00fcretim tesisleri kurmak yeterli de\u011fil. Bu fabrikalar\u0131n \u00fcr\u00fcnlerinin, t\u00fcketici tercihlerine g\u00f6re tasarlanmas\u0131n\u0131 ve \u00fcretilmesini sa\u011flamak gerekiyor. Bunun i\u00e7in de \u00f6zg\u00fcn tasar\u0131mlar yapan, t\u00fcketiciyi tan\u0131yan, onun ruhuna dokunmas\u0131n\u0131 bilen tasar\u0131mc\u0131lara ihtiya\u00e7 var. ATH\u0130B olarak bu yar\u0131\u015fma ile tasar\u0131m k\u00fclt\u00fcr\u00fcn\u00fcn g\u00fc\u00e7lenmesine yard\u0131mc\u0131 olacak tasar\u0131mc\u0131 adaylar\u0131 ve tasar\u0131mc\u0131lara kendilerini ifade etme \u015fans\u0131 veriyoruz. Amac\u0131m\u0131z, ba\u015fta ihracat\u00e7\u0131 firmalar olmak \u00fczere, b\u00f6lgemizdeki tekstil sekt\u00f6r\u00fcnde yer alan t\u00fcm firmalar\u0131n tasar\u0131m k\u00fclt\u00fcr\u00fcn\u00fc benimsemelerini ve uluslararas\u0131 alanda bir ad\u0131m \u00f6ne ge\u00e7melerini sa\u011flamakt\u0131r.\u201d diye konu\u015ftu. <\/p>\n<p>\u2018SPONSOR F\u0130RMALARIMIZA TE\u015eEKK\u00dcR ED\u0130YORUZ\u2019<br \/>\nT\u00f6renin devam\u0131nda sponsor firmalar\u0131n destekleri ile yar\u0131\u015fman\u0131n devam etti\u011fini vurgulayan Ba\u015fkan Zeki K\u0131van\u00e7, Alfateks, Arifo\u011flu Dokuma Tekstil Pazarlama, Bak\u0131rlar Tekstil, Bossa, Epengle, \u0130skur \u0130plik Kuma\u015f Mensucat, K\u0131van\u00e7 Tekstil, Kimteks Tekstil, Kipa\u015f Mensucat, O\u011fuz Tekstil, \u015eirik\u00e7io\u011flu Mensucat ve Ulusoy Tekstil\u2019in temsilcilerine te\u015fekk\u00fcr etti.  Daha sonra ATH\u0130B Dokuma Kuma\u015f Tasar\u0131m Yar\u0131\u015fmas\u0131 Koordinat\u00f6r\u00fc, Mimar Sinan G\u00fczel Sanatlar \u00dcniversitesi Tekstil ve Moda Tasar\u0131m\u0131 B\u00f6l\u00fcm\u00fc \u00d6\u011fretim \u00dcyesi Dr. Nuray Er B\u0131y\u0131kl\u0131 ve j\u00fcri \u00fcyelerine de te\u015fekk\u00fcr \u00e7i\u00e7ekleri verildi.<\/p>\n<p>GEN\u00c7 TASARIMCILAR \u00d6D\u00dcLLER\u0130 DO\u011eAN, KIVAN\u00c7 VE ATH\u0130B Y\u00d6NET\u0130C\u0130LER\u0130NDEN ALDI<br \/>\nBa\u015fkan Zeki K\u0131van\u00e7\u2019\u0131n konu\u015fmas\u0131n\u0131n ard\u0131ndan dereceye giren finalistler a\u00e7\u0131kland\u0131. K\u00fcbra \u00c7olak, gen\u00e7 ya\u015f\u0131nda umut ve umutsuzluk aras\u0131nda gidip gelen, kendisiyle s\u00fcrekli \u00e7eli\u015fen bir kad\u0131n profili sergileyen Mere\u2019nin bir tenis ma\u00e7\u0131na gitmesiyle ba\u015flayan ve sadece g\u00f6z hareketleriyle topu takip ederek sorunlar\u0131n\u0131 yenmesini anlatan \u00f6yk\u00fcden esinlenerek haz\u0131rlad\u0131\u011f\u0131 \u2018Mere\u2019 isimli tasar\u0131m\u0131yla birincili\u011fi kazand\u0131. Alper Ok\u00e7u, \u015fehirlerde y\u00fckselen abart\u0131l\u0131 binalar ve i\u00e7 i\u00e7e ge\u00e7mi\u015f bir ya\u015fam bi\u00e7iminden esinlenerek olu\u015fturdu\u011fu \u2018Kentsel Deneyim\u2019 adl\u0131 tasar\u0131m\u0131yla ikinci; Yavuzhan Da\u015fdemir, metal \u00f6zellikteki malzemelerin oksitlenerek ge\u00e7irdikleri elektrokimyasal reaksiyon olan korozyondan esinlenerek olu\u015fturdu\u011fu \u2018Korozyon\u2019 isimli tasar\u0131m\u0131yla \u00fc\u00e7\u00fcnc\u00fc oldu. Sevda Kanalci, dokumac\u0131l\u0131k yaparak hayat\u0131n\u0131 kazanan 64 ya\u015f\u0131ndaki Andries ve Alzheimer hastas\u0131 e\u015fi Nyssa\u2019n\u0131n dokuma kuma\u015flardan olu\u015fan an\u0131 defterinden esinlenerek haz\u0131rlad\u0131\u011f\u0131 \u2018Nyssa\u2019 ad\u0131n\u0131 verdi\u011fi tasar\u0131m\u0131yla LCW \u00d6zel \u00d6d\u00fcl\u00fc\u2019ne lay\u0131k g\u00f6r\u00fcld\u00fc.<br \/>\nDereceye giren gen\u00e7 tasar\u0131mc\u0131lara \u00f6d\u00fclleri Yar\u0131\u015fma Y\u00fcr\u00fctme Kurulu Ba\u015fkan\u0131 Zeki K\u0131van\u00e7, ATH\u0130B Ba\u015fkan\u0131 Fatih Do\u011fan, ATH\u0130B Y\u00f6netim Kurulu \u00fcyeleri Veli Ulusoy ve Ali R\u0131za Haso\u011flu taraf\u0131ndan verildi.<\/p>\n<p>BU YIL DA GEN\u00c7 TASARIMCILARA \u00d6D\u00dcL YA\u011eDI<br \/>\nATH\u0130B Dokuma Kuma\u015f Tasar\u0131m Yar\u0131\u015fmas\u0131\u2019nda bu y\u0131l da gelece\u011fin tasar\u0131mc\u0131lar\u0131na y\u00fcksek para \u00f6d\u00fcllerinin yan\u0131 s\u0131ra e\u015fsiz e\u011fitim imk\u00e2nlar\u0131 sunuldu. Yar\u0131\u015fman\u0131n birincisine 25 bin TL, ikincisine 20 bin TL, \u00fc\u00e7\u00fcnc\u00fcs\u00fcne 15 bin TL para \u00f6d\u00fcl\u00fc verildi. 10 Finalistin tamam\u0131 LC Waikiki Kurumsal Akademi\u2019den moda ve trend analizi konular\u0131nda online e\u011fitim ald\u0131 ve hepsine dokuma tezg\u00e2h\u0131 hediye edildi. Ayr\u0131ca Ticaret Bakanl\u0131\u011f\u0131\u2019n\u0131n uygun g\u00f6rd\u00fc\u011f\u00fc yar\u0131\u015fmac\u0131lara tasar\u0131m konusunda iki y\u0131l s\u00fcreyle yurt d\u0131\u015f\u0131nda e\u011fitim imk\u00e2n\u0131 sa\u011flanacak. \u00d6ncelikle birincili\u011fi kazanan yar\u0131\u015fmac\u0131ya e\u011fitim bursunu en iyi \u015fartlarda de\u011ferlendirebilmesi amac\u0131yla yabanc\u0131 dil e\u011fitim bursu da verilecek.<br \/>\nATH\u0130B Dokuma Kuma\u015f Tasar\u0131m Yar\u0131\u015fmas\u0131\u2019n\u0131n 10 finalisti d\u00fcnyan\u0131n en prestijli moda ve tekstil fuar\u0131 olan Paris Premiere Vision\u2019a kat\u0131lma imk\u00e2n\u0131 bulacak. Finalistlerle birlikte, ba\u011fl\u0131 olduklar\u0131 \u00fcniversitelerin ilgili b\u00f6l\u00fcm\u00fcnden bir \u00f6\u011fretim \u00fcyesi de ATH\u0130B\u2019in konu\u011fu olarak Paris\u2019teki fuara kat\u0131l\u0131m sa\u011flayacak.<\/p>\n","protected":false},"excerpt":{"rendered":"<p>Akdeniz Tekstil ve Hammaddeleri \u0130hracat\u00e7\u0131lar\u0131 Birli\u011fi\u2019nin (ATH\u0130B) \u201cTasar\u0131mda Gelecek Var\u201d slogan\u0131yla 9\u2019uncusunu d\u00fczenledi\u011fi Dokuma Kuma\u015f Tasar\u0131m Yar\u0131\u015fmas\u0131\u2019nda gen\u00e7 tasar\u0131mc\u0131lar \u00f6d\u00fcllendirildi. \u0130novatif ve \u00f6zg\u00fcn tasar\u0131mlar geli\u015ftirmek, uluslararas\u0131 tekstil pazar\u0131nda etkin olmak &hellip; <a href=\"https:\/\/akdenizolaygazetesi.com\/?p=12956\" class=\"more-link\">Devam\u0131n\u0131 Oku&#8230;<\/a><\/p>\n","protected":false},"author":2,"featured_media":12957,"comment_status":"open","ping_status":"open","sticky":false,"template":"","format":"standard","meta":[],"categories":[1],"tags":[],"_links":{"self":[{"href":"https:\/\/akdenizolaygazetesi.com\/index.php?rest_route=\/wp\/v2\/posts\/12956"}],"collection":[{"href":"https:\/\/akdenizolaygazetesi.com\/index.php?rest_route=\/wp\/v2\/posts"}],"about":[{"href":"https:\/\/akdenizolaygazetesi.com\/index.php?rest_route=\/wp\/v2\/types\/post"}],"author":[{"embeddable":true,"href":"https:\/\/akdenizolaygazetesi.com\/index.php?rest_route=\/wp\/v2\/users\/2"}],"replies":[{"embeddable":true,"href":"https:\/\/akdenizolaygazetesi.com\/index.php?rest_route=%2Fwp%2Fv2%2Fcomments&post=12956"}],"version-history":[{"count":1,"href":"https:\/\/akdenizolaygazetesi.com\/index.php?rest_route=\/wp\/v2\/posts\/12956\/revisions"}],"predecessor-version":[{"id":12958,"href":"https:\/\/akdenizolaygazetesi.com\/index.php?rest_route=\/wp\/v2\/posts\/12956\/revisions\/12958"}],"wp:featuredmedia":[{"embeddable":true,"href":"https:\/\/akdenizolaygazetesi.com\/index.php?rest_route=\/wp\/v2\/media\/12957"}],"wp:attachment":[{"href":"https:\/\/akdenizolaygazetesi.com\/index.php?rest_route=%2Fwp%2Fv2%2Fmedia&parent=12956"}],"wp:term":[{"taxonomy":"category","embeddable":true,"href":"https:\/\/akdenizolaygazetesi.com\/index.php?rest_route=%2Fwp%2Fv2%2Fcategories&post=12956"},{"taxonomy":"post_tag","embeddable":true,"href":"https:\/\/akdenizolaygazetesi.com\/index.php?rest_route=%2Fwp%2Fv2%2Ftags&post=12956"}],"curies":[{"name":"wp","href":"https:\/\/api.w.org\/{rel}","templated":true}]}}