{"id":12962,"date":"2021-06-22T12:29:13","date_gmt":"2021-06-22T09:29:13","guid":{"rendered":"http:\/\/akdenizolaygazetesi.com\/?p=12962"},"modified":"2021-06-22T12:29:13","modified_gmt":"2021-06-22T09:29:13","slug":"toroslarda-babalar-gununde-duygulandiran-ziyaret","status":"publish","type":"post","link":"https:\/\/akdenizolaygazetesi.com\/?p=12962","title":{"rendered":"TOROSLAR&#8217;DA BABALAR G\u00dcN\u00dc&#8217;NDE DUYGULANDIRAN Z\u0130YARET"},"content":{"rendered":"<p>Toroslar Belediye Ba\u015fkan\u0131 Ats\u0131z Af\u015f\u0131n Y\u0131lmaz, Babalar G\u00fcn\u00fc&#8217;nde \u015fehit babalar\u0131n\u0131 unutmad\u0131.<\/p>\n<p>Ba\u015fkan Y\u0131lmaz, vatan u\u011fruna canlar\u0131n\u0131 feda eden aziz \u015fehitlerin emaneti, \u015fehit babalar\u0131n\u0131n isimlerine \u00f6zel olarak haz\u0131rlatt\u0131\u011f\u0131 c\u00fczdanlar\u0131 kendilerine ula\u015ft\u0131rd\u0131.<\/p>\n<p>&#8220;Aziz evlad\u0131n\u0131z\u0131n ve t\u00fcm kahraman \u015fehitlerimizin mekan\u0131 cennet, ruhlar\u0131 \u015fad olsun&#8221; diyen Ba\u015fkan Y\u0131lmaz; &#8220;Kahraman \u015fehitlerimizin bize en b\u00fcy\u00fck emaneti olan aileleri her zaman ba\u015f\u0131m\u0131z\u0131n tac\u0131d\u0131r. Babalar G\u00fcn\u00fc dolay\u0131s\u0131yla \u015fehit babalar\u0131m\u0131z\u0131n isimlerine \u00f6zel olarak haz\u0131rlatt\u0131\u011f\u0131m\u0131z hediyelerimizi kendilerine ula\u015ft\u0131rd\u0131k. Varl\u0131\u011f\u0131yla g\u00fc\u00e7 veren, kar\u015f\u0131l\u0131ks\u0131z sevgi ve g\u00fcvenin ad\u0131 t\u00fcm babalar\u0131m\u0131z\u0131n Babalar G\u00fcn\u00fc kutlu olsun&#8221; dedi.<\/p>\n<p>Duygulu anlar\u0131n ya\u015fand\u0131\u011f\u0131 ziyarette \u015fehit babalar\u0131 da bu anlaml\u0131 hediyeden dolay\u0131 memnuniyetlerini ifade ederek, Ba\u015fkan Y\u0131lmaz&#8217;a te\u015fekk\u00fcr etti.<\/p>\n<p>Ba\u015fkan Y\u0131lmaz, Engelli Babalar\u0131 da Unutmad\u0131<\/p>\n<p>Toroslar Belediyesi, il\u00e7ede ikamet eden b\u00fcy\u00fcklerin, fel\u00e7li ve g\u00f6rme engelli babalar\u0131n da Babalar G\u00fcn\u00fc&#8217;n\u00fc anlaml\u0131 bir ziyaretle kutlad\u0131.<\/p>\n<p>Belediye Ya\u015fl\u0131 ve Engelli Hizmetleri \u015eefli\u011fi g\u00f6revlileri, Toroslar Belediye Ba\u015fkan\u0131 Ats\u0131z Af\u015f\u0131n Y\u0131lmaz&#8217;\u0131n \u00f6zel olarak haz\u0131rlatt\u0131\u011f\u0131 hediyeleri ve beyaz bastonlar\u0131 takdim etti.<\/p>\n<p>T\u00fcm hem\u015fehrilerine sa\u011fl\u0131kl\u0131 ve huzurlu bir hayat dileyen Ba\u015fkan Y\u0131lmaz; &#8220;G\u00f6n\u00fclleri kazanman\u0131n, bir ve beraber olman\u0131n en b\u00fcy\u00fck g\u00fc\u00e7 oldu\u011funa inan\u0131yor ve hizmetlerimize de bu do\u011frultuda devam ediyoruz. Hem\u015fehrilerimizle olan g\u00f6n\u00fcl ba\u011f\u0131m\u0131z\u0131 hi\u00e7bir zaman koparmad\u0131k ve koparmayaca\u011f\u0131z&#8221; ifadelerini kulland\u0131.<\/p>\n","protected":false},"excerpt":{"rendered":"<p>Toroslar Belediye Ba\u015fkan\u0131 Ats\u0131z Af\u015f\u0131n Y\u0131lmaz, Babalar G\u00fcn\u00fc&#8217;nde \u015fehit babalar\u0131n\u0131 unutmad\u0131. Ba\u015fkan Y\u0131lmaz, vatan u\u011fruna canlar\u0131n\u0131 feda eden aziz \u015fehitlerin emaneti, \u015fehit babalar\u0131n\u0131n isimlerine \u00f6zel olarak haz\u0131rlatt\u0131\u011f\u0131 c\u00fczdanlar\u0131 kendilerine ula\u015ft\u0131rd\u0131. &hellip; <a href=\"https:\/\/akdenizolaygazetesi.com\/?p=12962\" class=\"more-link\">Devam\u0131n\u0131 Oku&#8230;<\/a><\/p>\n","protected":false},"author":2,"featured_media":12963,"comment_status":"open","ping_status":"open","sticky":false,"template":"","format":"standard","meta":[],"categories":[3,5],"tags":[],"_links":{"self":[{"href":"https:\/\/akdenizolaygazetesi.com\/index.php?rest_route=\/wp\/v2\/posts\/12962"}],"collection":[{"href":"https:\/\/akdenizolaygazetesi.com\/index.php?rest_route=\/wp\/v2\/posts"}],"about":[{"href":"https:\/\/akdenizolaygazetesi.com\/index.php?rest_route=\/wp\/v2\/types\/post"}],"author":[{"embeddable":true,"href":"https:\/\/akdenizolaygazetesi.com\/index.php?rest_route=\/wp\/v2\/users\/2"}],"replies":[{"embeddable":true,"href":"https:\/\/akdenizolaygazetesi.com\/index.php?rest_route=%2Fwp%2Fv2%2Fcomments&post=12962"}],"version-history":[{"count":1,"href":"https:\/\/akdenizolaygazetesi.com\/index.php?rest_route=\/wp\/v2\/posts\/12962\/revisions"}],"predecessor-version":[{"id":12964,"href":"https:\/\/akdenizolaygazetesi.com\/index.php?rest_route=\/wp\/v2\/posts\/12962\/revisions\/12964"}],"wp:featuredmedia":[{"embeddable":true,"href":"https:\/\/akdenizolaygazetesi.com\/index.php?rest_route=\/wp\/v2\/media\/12963"}],"wp:attachment":[{"href":"https:\/\/akdenizolaygazetesi.com\/index.php?rest_route=%2Fwp%2Fv2%2Fmedia&parent=12962"}],"wp:term":[{"taxonomy":"category","embeddable":true,"href":"https:\/\/akdenizolaygazetesi.com\/index.php?rest_route=%2Fwp%2Fv2%2Fcategories&post=12962"},{"taxonomy":"post_tag","embeddable":true,"href":"https:\/\/akdenizolaygazetesi.com\/index.php?rest_route=%2Fwp%2Fv2%2Ftags&post=12962"}],"curies":[{"name":"wp","href":"https:\/\/api.w.org\/{rel}","templated":true}]}}